{"id":94760,"date":"2019-06-09T16:06:42","date_gmt":"2019-06-09T19:06:42","guid":{"rendered":"http:\/\/www.hoymercedes.com.ar\/principal\/?p=94760"},"modified":"2019-06-09T20:41:21","modified_gmt":"2019-06-09T23:41:21","slug":"detienen-mujer-que-lograba-evitar-su-detencion-desde-2015","status":"publish","type":"post","link":"https:\/\/www.hoymercedes.com.ar\/principal\/2019\/06\/09\/detienen-mujer-que-lograba-evitar-su-detencion-desde-2015\/","title":{"rendered":"Detienen mujer que lograba evitar su detenci\u00f3n desde 2015"},"content":{"rendered":"\n<figure class=\"wp-block-image\"><img loading=\"lazy\" decoding=\"async\" width=\"768\" height=\"1024\" data-attachment-id=\"94761\" data-permalink=\"https:\/\/www.hoymercedes.com.ar\/principal\/2019\/06\/09\/detienen-mujer-que-lograba-evitar-su-detencion-desde-2015\/detenida-lapampa\/#main\" data-orig-file=\"https:\/\/www.hoymercedes.com.ar\/principal\/wp-content\/uploads\/2019\/06\/detenida-lapampa.jpeg\" data-orig-size=\"774,1032\" data-comments-opened=\"0\" data-image-meta=\"{&quot;aperture&quot;:&quot;0&quot;,&quot;credit&quot;:&quot;&quot;,&quot;camera&quot;:&quot;&quot;,&quot;caption&quot;:&quot;&quot;,&quot;created_timestamp&quot;:&quot;0&quot;,&quot;copyright&quot;:&quot;&quot;,&quot;focal_length&quot;:&quot;0&quot;,&quot;iso&quot;:&quot;0&quot;,&quot;shutter_speed&quot;:&quot;0&quot;,&quot;title&quot;:&quot;&quot;,&quot;orientation&quot;:&quot;0&quot;}\" data-image-title=\"detenida-lapampa\" data-image-description=\"\" data-image-caption=\"\" data-large-file=\"https:\/\/www.hoymercedes.com.ar\/principal\/wp-content\/uploads\/2019\/06\/detenida-lapampa-768x1024.jpeg\" src=\"https:\/\/www.hoymercedes.com.ar\/principal\/wp-content\/uploads\/2019\/06\/detenida-lapampa-768x1024.jpeg\" alt=\"\" class=\"wp-image-94761\" srcset=\"https:\/\/www.hoymercedes.com.ar\/principal\/wp-content\/uploads\/2019\/06\/detenida-lapampa-768x1024.jpeg 768w, https:\/\/www.hoymercedes.com.ar\/principal\/wp-content\/uploads\/2019\/06\/detenida-lapampa-113x150.jpeg 113w, https:\/\/www.hoymercedes.com.ar\/principal\/wp-content\/uploads\/2019\/06\/detenida-lapampa-465x620.jpeg 465w, https:\/\/www.hoymercedes.com.ar\/principal\/wp-content\/uploads\/2019\/06\/detenida-lapampa.jpeg 774w\" sizes=\"auto, (max-width: 768px) 100vw, 768px\" \/><\/figure>\n\n\n\n<p>En un nuevo operativo de prevenci\u00f3n e inspecci\u00f3n en la v\u00eda p\u00fablica los dirigidos por el Comisario Inspector Sergio Macedo lograron detener a una mujer que hac\u00eda tres a\u00f1os ten\u00eda pedido de detenci\u00f3n a instancias de la justicia pampeana. <\/p>\n\n\n\n<p>Los efectivos detectan un veh\u00edculo que se mov\u00eda con movimientos extra\u00f1os al costado de la Ruta Nacional N\u00b05, siendo estos pertenecientes a la Delegaci\u00f3n Gowland de la Polic\u00eda Comunal. <\/p>\n\n\n\n<p>Al acercarte al veh\u00edculo y pedir la correspondiente identificaci\u00f3n detectan, tras solicitar informaci\u00f3n a la central policial, que se trataba de Susana Mu\u00f1oz, una mujer con pedido de captura desde el a\u00f1o de 2015 solicitada por el Tribunal Oral Federal de Santa Rosa, La Pampa.<\/p>\n\n\n\n<p>El Comisario Inspector Macedo destac\u00f3 la importancia de estar alerta, vigilando y actuando en el marco de los operativos calles seguras, siendo esta ocasi\u00f3n la actuaci\u00f3n de los integrantes de la Polic\u00eda Comunal en los m\u00e1rgenes de la ruta 5, altura del kil\u00f3metro  86.<\/p>\n\n\n\n<p>Luego de su detenci\u00f3n se da aviso al Dr. Ignacio Rodr\u00edguez Berdier secretario del tribunal pampeano mencionado. La detenida tiene 28 a\u00f1os de edad y ya est\u00e1 a disposici\u00f3n de la justicia. Su domicilio actual era Capital Federal<\/p>\n","protected":false},"excerpt":{"rendered":"<p>En un nuevo operativo de prevenci\u00f3n e inspecci\u00f3n en la v\u00eda p\u00fablica los dirigidos por el Comisario Inspector Sergio Macedo &#8230; <a title=\"Detienen mujer que lograba evitar su detenci\u00f3n desde 2015\" class=\"read-more\" href=\"https:\/\/www.hoymercedes.com.ar\/principal\/2019\/06\/09\/detienen-mujer-que-lograba-evitar-su-detencion-desde-2015\/\" aria-label=\"Leer m\u00e1s sobre Detienen mujer que lograba evitar su detenci\u00f3n desde 2015\">Leer m\u00e1s<\/a><\/p>\n","protected":false},"author":1,"featured_media":94761,"comment_status":"closed","ping_status":"open","sticky":false,"template":"","format":"standard","meta":{"_monsterinsights_skip_tracking":false,"_monsterinsights_sitenote_active":false,"_monsterinsights_sitenote_note":"","_monsterinsights_sitenote_category":0,"jetpack_post_was_ever_published":false,"_jetpack_newsletter_access":"","_jetpack_dont_email_post_to_subs":false,"_jetpack_newsletter_tier_id":0,"_jetpack_memberships_contains_paywalled_content":false,"_jetpack_memberships_contains_paid_content":false,"footnotes":"","jetpack_publicize_message":"","jetpack_publicize_feature_enabled":true,"jetpack_social_post_already_shared":true,"jetpack_social_options":{"image_generator_settings":{"template":"highway","default_image_id":0,"font":"","enabled":false},"version":2},"_wpas_customize_per_network":false},"categories":[85],"tags":[15289,96,15293,10277],"class_list":["post-94760","post","type-post","status-publish","format-standard","has-post-thumbnail","hentry","category-policial","tag-detenida","tag-policial-2","tag-profuga","tag-sergio-macedo","generate-columns","tablet-grid-50","mobile-grid-100","grid-parent","grid-50"],"jetpack_publicize_connections":[],"jetpack_featured_media_url":"https:\/\/www.hoymercedes.com.ar\/principal\/wp-content\/uploads\/2019\/06\/detenida-lapampa.jpeg","wps_subtitle":"Estaba pr\u00f3fuga","jetpack_sharing_enabled":true,"_links":{"self":[{"href":"https:\/\/www.hoymercedes.com.ar\/principal\/wp-json\/wp\/v2\/posts\/94760","targetHints":{"allow":["GET"]}}],"collection":[{"href":"https:\/\/www.hoymercedes.com.ar\/principal\/wp-json\/wp\/v2\/posts"}],"about":[{"href":"https:\/\/www.hoymercedes.com.ar\/principal\/wp-json\/wp\/v2\/types\/post"}],"author":[{"embeddable":true,"href":"https:\/\/www.hoymercedes.com.ar\/principal\/wp-json\/wp\/v2\/users\/1"}],"replies":[{"embeddable":true,"href":"https:\/\/www.hoymercedes.com.ar\/principal\/wp-json\/wp\/v2\/comments?post=94760"}],"version-history":[{"count":0,"href":"https:\/\/www.hoymercedes.com.ar\/principal\/wp-json\/wp\/v2\/posts\/94760\/revisions"}],"wp:featuredmedia":[{"embeddable":true,"href":"https:\/\/www.hoymercedes.com.ar\/principal\/wp-json\/wp\/v2\/media\/94761"}],"wp:attachment":[{"href":"https:\/\/www.hoymercedes.com.ar\/principal\/wp-json\/wp\/v2\/media?parent=94760"}],"wp:term":[{"taxonomy":"category","embeddable":true,"href":"https:\/\/www.hoymercedes.com.ar\/principal\/wp-json\/wp\/v2\/categories?post=94760"},{"taxonomy":"post_tag","embeddable":true,"href":"https:\/\/www.hoymercedes.com.ar\/principal\/wp-json\/wp\/v2\/tags?post=94760"}],"curies":[{"name":"wp","href":"https:\/\/api.w.org\/{rel}","templated":true}]}}