{"id":94781,"date":"2019-06-09T22:01:28","date_gmt":"2019-06-10T01:01:28","guid":{"rendered":"http:\/\/www.hoymercedes.com.ar\/principal\/?p=94781"},"modified":"2019-06-09T22:08:13","modified_gmt":"2019-06-10T01:08:13","slug":"proyectan-convenio-con-exactas-de-la-uba","status":"publish","type":"post","link":"https:\/\/www.hoymercedes.com.ar\/principal\/2019\/06\/09\/proyectan-convenio-con-exactas-de-la-uba\/","title":{"rendered":"Proyectan convenio con Exactas de la UBA"},"content":{"rendered":"\n<p>El jefe comunal de Mercedes Juan Ignacio Ustarroz, se reuni\u00f3 con el decano de la Facultad de Ciencias Exactas de la Universidad de Buenos Aires en un encuentro en pos de ampliar los v\u00ednculos institucionales y seguir profundizando el programa \u201cConstruir Futuro\u201d y mejoras en \u201cgesti\u00f3n en tiempo real\u201d que recientemente se lanz\u00f3 desde la Comuna. Estuvieron presentes miembros de ambos gabinetes. <\/p>\n\n\n\n<figure class=\"wp-block-image\"><img loading=\"lazy\" decoding=\"async\" width=\"750\" height=\"336\" data-attachment-id=\"94782\" data-permalink=\"https:\/\/www.hoymercedes.com.ar\/principal\/2019\/06\/09\/proyectan-convenio-con-exactas-de-la-uba\/09-exactas-municipio-2\/#main\" data-orig-file=\"https:\/\/www.hoymercedes.com.ar\/principal\/wp-content\/uploads\/2019\/06\/09-Exactas-Municipio-2.jpeg\" data-orig-size=\"750,336\" data-comments-opened=\"0\" data-image-meta=\"{&quot;aperture&quot;:&quot;0&quot;,&quot;credit&quot;:&quot;&quot;,&quot;camera&quot;:&quot;&quot;,&quot;caption&quot;:&quot;&quot;,&quot;created_timestamp&quot;:&quot;0&quot;,&quot;copyright&quot;:&quot;&quot;,&quot;focal_length&quot;:&quot;0&quot;,&quot;iso&quot;:&quot;0&quot;,&quot;shutter_speed&quot;:&quot;0&quot;,&quot;title&quot;:&quot;&quot;,&quot;orientation&quot;:&quot;0&quot;}\" data-image-title=\"09 Exactas-Municipio-2\" data-image-description=\"\" data-image-caption=\"\" data-large-file=\"https:\/\/www.hoymercedes.com.ar\/principal\/wp-content\/uploads\/2019\/06\/09-Exactas-Municipio-2.jpeg\" src=\"https:\/\/www.hoymercedes.com.ar\/principal\/wp-content\/uploads\/2019\/06\/09-Exactas-Municipio-2.jpeg\" alt=\"\" class=\"wp-image-94782\" srcset=\"https:\/\/www.hoymercedes.com.ar\/principal\/wp-content\/uploads\/2019\/06\/09-Exactas-Municipio-2.jpeg 750w, https:\/\/www.hoymercedes.com.ar\/principal\/wp-content\/uploads\/2019\/06\/09-Exactas-Municipio-2-150x67.jpeg 150w, https:\/\/www.hoymercedes.com.ar\/principal\/wp-content\/uploads\/2019\/06\/09-Exactas-Municipio-2-630x282.jpeg 630w\" sizes=\"auto, (max-width: 750px) 100vw, 750px\" \/><\/figure>\n\n\n\n<p>Se prev\u00e9 habr\u00e1 pronto una firma de convenio con el objetivo m\u00e1s pr\u00f3ximo de desarrollar un \u201ctaller de programaci\u00f3n\u201d en Mercedes, como tambi\u00e9n actuar en asuntos claves de gesti\u00f3n como \u201crecolecci\u00f3n de residuos\u201d y \u201caltas tempranas\u201d.<\/p>\n\n\n\n<p>Para Ustarroz es una muestra m\u00e1s del \u201ctrabajo que realizamos con instituciones de distintos niveles, en este caso la prestigiosa Facultad, generadora de conocimiento y valiosas actividades de extensi\u00f3n que mejoran la calidad de vida de los argentinos. Hoy avanzamos un paso muy importante para poder tambi\u00e9n actuar en Mercedes\u201d dijo y record\u00f3 que \u201ces una pol\u00edtica de Estado. Planificar y trabajar con quienes tienen y generar conocimientos, como lo hacemos con UNIPe, UNLu, UNLz, UCA, es decir, estar siempre abiertos a tener nuevas herramientas de gesti\u00f3n\u201d mencion\u00f3 entre otros conceptos.<\/p>\n\n\n\n<p>Del encuentro participaron la secretaria de desarrollo social, Lic. Jorgelina Silva, la Directora de Ni\u00f1ez, Lic. Gabriela Olivella, el resposable de modernizaci\u00f3n del Estado, Ezquiel Russo, y desde la UBA el decano Dr. Juan Carlos Reboreda, Federico Robledo, investigador conicet, Christian Cossio Mercado, sub secretario de extensi\u00f3n y Pablo Nu\u00f1ez, investigador Conicet.<\/p>\n\n\n\n<p>\u201cEsta reuni\u00f3n permiti\u00f3 avanzar en v\u00ednculos muy valiosos en t\u00e9rminos institucionales\u201d expres\u00f3 Silva destacando que \u201clo vemos desde ni\u00f1ez, adolescencia, pero tambi\u00e9n desde el \u00e1rea de sistemas con Ezequiel\u201d afirm\u00f3, destacando que es algo integral, siempre \u201cviendo el trabajo en equipo\u201d.<\/p>\n\n\n\n<p>De esta forma la Municipalidad avanz\u00f3 en un nuevo espacio de trabajo con una instituci\u00f3n educativa, siendo, adem\u00e1s, una de las m\u00e1s reconocidas en todo el mundo.<\/p>\n\n\n\n<p>Fuente: Prensa Municipal<\/p>\n","protected":false},"excerpt":{"rendered":"<p>El jefe comunal de Mercedes Juan Ignacio Ustarroz, se reuni\u00f3 con el decano de la Facultad de Ciencias Exactas de &#8230; <a title=\"Proyectan convenio con Exactas de la UBA\" class=\"read-more\" href=\"https:\/\/www.hoymercedes.com.ar\/principal\/2019\/06\/09\/proyectan-convenio-con-exactas-de-la-uba\/\" aria-label=\"Leer m\u00e1s sobre Proyectan convenio con Exactas de la UBA\">Leer m\u00e1s<\/a><\/p>\n","protected":false},"author":1,"featured_media":94782,"comment_status":"closed","ping_status":"open","sticky":false,"template":"","format":"standard","meta":{"_monsterinsights_skip_tracking":false,"_monsterinsights_sitenote_active":false,"_monsterinsights_sitenote_note":"","_monsterinsights_sitenote_category":0,"jetpack_post_was_ever_published":false,"_jetpack_newsletter_access":"","_jetpack_dont_email_post_to_subs":false,"_jetpack_newsletter_tier_id":0,"_jetpack_memberships_contains_paywalled_content":false,"_jetpack_memberships_contains_paid_content":false,"footnotes":"","jetpack_publicize_message":"","jetpack_publicize_feature_enabled":true,"jetpack_social_post_already_shared":true,"jetpack_social_options":{"image_generator_settings":{"template":"highway","default_image_id":0,"font":"","enabled":false},"version":2},"_wpas_customize_per_network":false},"categories":[30],"tags":[9504,11409,244,1206],"class_list":["post-94781","post","type-post","status-publish","format-standard","has-post-thumbnail","hentry","category-municipio","tag-convenio","tag-educacion-superior","tag-municipio-2","tag-uba","generate-columns","tablet-grid-50","mobile-grid-100","grid-parent","grid-50"],"jetpack_publicize_connections":[],"jetpack_featured_media_url":"https:\/\/www.hoymercedes.com.ar\/principal\/wp-content\/uploads\/2019\/06\/09-Exactas-Municipio-2.jpeg","wps_subtitle":"","jetpack_sharing_enabled":true,"_links":{"self":[{"href":"https:\/\/www.hoymercedes.com.ar\/principal\/wp-json\/wp\/v2\/posts\/94781","targetHints":{"allow":["GET"]}}],"collection":[{"href":"https:\/\/www.hoymercedes.com.ar\/principal\/wp-json\/wp\/v2\/posts"}],"about":[{"href":"https:\/\/www.hoymercedes.com.ar\/principal\/wp-json\/wp\/v2\/types\/post"}],"author":[{"embeddable":true,"href":"https:\/\/www.hoymercedes.com.ar\/principal\/wp-json\/wp\/v2\/users\/1"}],"replies":[{"embeddable":true,"href":"https:\/\/www.hoymercedes.com.ar\/principal\/wp-json\/wp\/v2\/comments?post=94781"}],"version-history":[{"count":0,"href":"https:\/\/www.hoymercedes.com.ar\/principal\/wp-json\/wp\/v2\/posts\/94781\/revisions"}],"wp:featuredmedia":[{"embeddable":true,"href":"https:\/\/www.hoymercedes.com.ar\/principal\/wp-json\/wp\/v2\/media\/94782"}],"wp:attachment":[{"href":"https:\/\/www.hoymercedes.com.ar\/principal\/wp-json\/wp\/v2\/media?parent=94781"}],"wp:term":[{"taxonomy":"category","embeddable":true,"href":"https:\/\/www.hoymercedes.com.ar\/principal\/wp-json\/wp\/v2\/categories?post=94781"},{"taxonomy":"post_tag","embeddable":true,"href":"https:\/\/www.hoymercedes.com.ar\/principal\/wp-json\/wp\/v2\/tags?post=94781"}],"curies":[{"name":"wp","href":"https:\/\/api.w.org\/{rel}","templated":true}]}}