{"id":94801,"date":"2019-06-10T11:01:45","date_gmt":"2019-06-10T14:01:45","guid":{"rendered":"http:\/\/www.hoymercedes.com.ar\/principal\/?p=94801"},"modified":"2019-06-10T10:24:13","modified_gmt":"2019-06-10T13:24:13","slug":"noche-de-sesion-ordinaria-en-el-hcd-orden-del-dia","status":"publish","type":"post","link":"https:\/\/www.hoymercedes.com.ar\/principal\/2019\/06\/10\/noche-de-sesion-ordinaria-en-el-hcd-orden-del-dia\/","title":{"rendered":"Noche de sesi\u00f3n ordinaria en el HCD. Orden del d\u00eda"},"content":{"rendered":"\n<p>A partir de\nla hora 19 de este lunes 10, el Concejo Deliberante llevar\u00e1 adelante una nueva\nsesi\u00f3n ordinaria. Son cinco los expedientes que llegan al recinto con despachos\nde aprobaci\u00f3n por unanimidad, mientras que otros diecinueve son proyectos\npresentados por los bloques y el Departamento Ejecutivo para tratar y trabajar\ndurante la sesi\u00f3n. <\/p>\n\n\n\n<figure class=\"wp-block-image\"><img loading=\"lazy\" decoding=\"async\" width=\"750\" height=\"500\" data-attachment-id=\"83088\" data-permalink=\"https:\/\/www.hoymercedes.com.ar\/principal\/2018\/10\/26\/hcd-sesion-especial-por-los-35-anos-de-democracia-argentina\/26-recinto-hcd\/#main\" data-orig-file=\"https:\/\/www.hoymercedes.com.ar\/principal\/wp-content\/uploads\/2018\/10\/26-recinto-HCD.jpg\" data-orig-size=\"750,500\" data-comments-opened=\"0\" data-image-meta=\"{&quot;aperture&quot;:&quot;0&quot;,&quot;credit&quot;:&quot;&quot;,&quot;camera&quot;:&quot;&quot;,&quot;caption&quot;:&quot;&quot;,&quot;created_timestamp&quot;:&quot;0&quot;,&quot;copyright&quot;:&quot;&quot;,&quot;focal_length&quot;:&quot;0&quot;,&quot;iso&quot;:&quot;0&quot;,&quot;shutter_speed&quot;:&quot;0&quot;,&quot;title&quot;:&quot;&quot;,&quot;orientation&quot;:&quot;0&quot;}\" data-image-title=\"26 recinto HCD\" data-image-description=\"\" data-image-caption=\"\" data-large-file=\"https:\/\/www.hoymercedes.com.ar\/principal\/wp-content\/uploads\/2018\/10\/26-recinto-HCD.jpg\" src=\"https:\/\/www.hoymercedes.com.ar\/principal\/wp-content\/uploads\/2018\/10\/26-recinto-HCD.jpg\" alt=\"\" class=\"wp-image-83088\" srcset=\"https:\/\/www.hoymercedes.com.ar\/principal\/wp-content\/uploads\/2018\/10\/26-recinto-HCD.jpg 750w, https:\/\/www.hoymercedes.com.ar\/principal\/wp-content\/uploads\/2018\/10\/26-recinto-HCD-150x100.jpg 150w, https:\/\/www.hoymercedes.com.ar\/principal\/wp-content\/uploads\/2018\/10\/26-recinto-HCD-630x420.jpg 630w\" sizes=\"auto, (max-width: 750px) 100vw, 750px\" \/><\/figure>\n\n\n\n<p>La orden\ndel d\u00eda de la sesi\u00f3n de este lunes establece que cinco expedientes tienen\ndespacho por unanimidad para ser aprobados por los concejales de Mercedes. El\nprimer punto a aprobar es la ordenanza que fomenta la Agroecolog\u00eda. El trabajo\noriginal lo present\u00f3 la Asamblea Mercedino por la Agroecolog\u00eda y prometen que\nestar\u00e1n presentes en el recinto para celebrar la aprobaci\u00f3n. <\/p>\n\n\n\n<p>Otro\nexpediente que se aprobar\u00eda en el recinto es la imposici\u00f3n del nombre \u201cBomberos\nVoluntarios de Mercedes\u201d a la cuadra de calle 22 entre 15 y 17, donde se\nencuentra el cuartel de la instituci\u00f3n de servicio. Asimismo, se aprobar\u00eda el\nproyecto presentado por el martillero Luis Colaro de una resoluci\u00f3n que\nautorice franquicias destinadas al ejercicio de la profesi\u00f3n. Otra ordenanza\nque se aprobar\u00e1 ser\u00e1 el Plan de Integraci\u00f3n Socio Urbana y el inter\u00e9s Social\nBarrio Redes. Por \u00faltimo, se aprobar\u00e1 una modificaci\u00f3n al presupuesto 2019 a\npedido del Departamento Ejecutivo. <\/p>\n\n\n\n<p>Entre los Proyectos Presentados est\u00e1n:<\/p>\n\n\n\n<ul class=\"wp-block-list\"><li>Exp. N\u00b0170\/19-HCD, Proy,. De Resoluci\u00f3n\u00a0\u00a0 (FC) sobre problem\u00e1ticas de exceso de velocidad, c\u00e1maras de videos en Zona de\u00a0 Gowland \u2013 Agote<\/li><li> Exp. N\u00b0171\/19-HCD, Proy, De Comunicaci\u00f3n\u00a0\u00a0 (PJ-Mercedes) colocaci\u00f3n de dispensers agua caliente en la Trocha y Parque Municipal.<\/li><li> Exp. N\u00b0172\/19-HCD, Proy, De Resoluci\u00f3n \u00a0\u00a0\u00a0(FMPV) Dirigida\u00a0 al Hospital Dubarry sobre implementaci\u00f3n de las Ley\u00a0 25673 y 26130, Salud Sexual Procreaci\u00f3n Responsable y R\u00e9gimen para las intervenciones de Contracepci\u00f3n\u00a0 quir\u00fargica. <\/li><li> Exp. N\u00b0173\/19-HCD, Proy. De Resoluci\u00f3n \u00a0\u00a0\u00a0(FC): .- \u00a0Adhesi\u00f3n al programa de Asistencia T\u00e9cnica para el Ordenamiento Territorial de los Municipios.<\/li><li> Exp. N\u00b0174\/19-HCD, Proy. De Resoluci\u00f3n \u00a0\u00a0\u00a0(FC): .- \u00a0cumplimiento de las Resoluciones 197\/18 y 13\/19.<\/li><li> Exp. N\u00b0175\/19-HCD, Proy. De Comunicaci\u00f3n \u00a0\u00a0\u00a0(FC): empedrado de Avenida Escolta entre 40 y v\u00edas\u00a0 del Ferrocarril\u00a0 Belgrano.<\/li><li> \u00a0Exp. N\u00b0176\/19-HCD, Proy. De Resoluci\u00f3n \u00a0\u00a0\u00a0(FC): reparaci\u00f3n perdida de agua en calle 13 entre 104 y 106.<\/li><li> Exp. N\u00b0177\/19-HCD, Proy. De Comunicaci\u00f3n\u00a0 \u00a0\u00a0\u00a0(FR): reposici\u00f3n contenedores faltantes en nuestra ciudad.<\/li><li> Exp. N\u00b0178\/19-HCD, Proy. De Comunicaci\u00f3n\u00a0 \u00a0\u00a0\u00a0(FR): reemplazo de l\u00e1mpara de alumbrado en calle 106esquina 75.<\/li><li> Exp. N\u00b0179\/19-HCD, Proy. De Comunicaci\u00f3n\u00a0 \u00a0\u00a0\u00a0(FR): sobre estado de boca de tormenta en calle 21 esquina 30.<\/li><li> Exp. N\u00b0180\/19-HCD, Proy. De Comunicaci\u00f3n\u00a0 \u00a0\u00a0\u00a0(FR): Finalizaci\u00f3n de obra sobre registro de cloaca en calle 21 esquina 110.<\/li><li> Exp. N\u00b0181\/19-HCD, Proy. De Resoluci\u00f3n\u00a0 \u00a0\u00a0\u00a0(FMPV): sobre entregas de escrituras de inmuebles en nuestra\u00a0 ciudad.<\/li><li> Exp. N\u00b0182\/19-HCD, Proy. De Resoluci\u00f3n\u00a0 \u00a0\u00a0\u00a0(FMPV): sobre propagandas pol\u00edticas con spot\u00a0 dudosos.<\/li><li> Exp. N\u00b05790\/16-DE, Proy, De Ordenanza \u00a0\u00a0\u00a0(DE) convenio CEAMSE y la Municipalidad, disposici\u00f3n final de Residuos.<\/li><li> Exp. N\u00b06260\/17-DE, Proy. De Ordenanza \u00a0\u00a0\u00a0(DE): crease dentro\u00a0 del \u00c1rea Complementaria 1 del partido el \u201cUso Especifico Planta\u00a0 de\u00a0 Regulaci\u00f3n de Gas Natural.<\/li><li> Exp. N\u00b07387\/18-DE, Proy, De Ordenanza \u00a0\u00a0\u00a0(DE) Puesta en valor del Teatro Argentino.<\/li><li> Exp. N\u00b02036\/19-DE, Proy, De Ordenanza \u00a0\u00a0\u00a0(DE) d\u00e1rsena estacionamiento para motos.<\/li><li> Exp. N\u00b02329\/19-DE, Proy, De Ordenanza \u00a0\u00a0\u00a0(DE) Convenio entre el Municipio\u00a0 y el Ministerio de Infraestructura de la Pcia. de Buenos Aires \u201cPlan Pavimentaci\u00f3n Barrial 2019\u201d.<\/li><li> Exp. N\u00b02842\/19-DE, Proy, De Ordenanza \u00a0\u00a0\u00a0(DE) Presupuesto Participativo Plaza calle 115 y 18\u00a0 &#8211; Nombre Brandy Medina.<\/li><\/ul>\n","protected":false},"excerpt":{"rendered":"<p>A partir de la hora 19 de este lunes 10, el Concejo Deliberante llevar\u00e1 adelante una nueva sesi\u00f3n ordinaria. Son &#8230; <a title=\"Noche de sesi\u00f3n ordinaria en el HCD. Orden del d\u00eda\" class=\"read-more\" href=\"https:\/\/www.hoymercedes.com.ar\/principal\/2019\/06\/10\/noche-de-sesion-ordinaria-en-el-hcd-orden-del-dia\/\" aria-label=\"Leer m\u00e1s sobre Noche de sesi\u00f3n ordinaria en el HCD. Orden del d\u00eda\">Leer m\u00e1s<\/a><\/p>\n","protected":false},"author":1,"featured_media":83088,"comment_status":"closed","ping_status":"open","sticky":false,"template":"","format":"standard","meta":{"_monsterinsights_skip_tracking":false,"_monsterinsights_sitenote_active":false,"_monsterinsights_sitenote_note":"","_monsterinsights_sitenote_category":0,"jetpack_post_was_ever_published":false,"_jetpack_newsletter_access":"","_jetpack_dont_email_post_to_subs":false,"_jetpack_newsletter_tier_id":0,"_jetpack_memberships_contains_paywalled_content":false,"_jetpack_memberships_contains_paid_content":false,"footnotes":"","jetpack_publicize_message":"","jetpack_publicize_feature_enabled":true,"jetpack_social_post_already_shared":true,"jetpack_social_options":{"image_generator_settings":{"template":"highway","default_image_id":0,"font":"","enabled":false},"version":2},"_wpas_customize_per_network":false},"categories":[11],"tags":[15,6468,8969],"class_list":["post-94801","post","type-post","status-publish","format-standard","has-post-thumbnail","hentry","category-ciudad","tag-hcd","tag-orden-del-dia","tag-sesion-ordinaria","generate-columns","tablet-grid-50","mobile-grid-100","grid-parent","grid-50"],"jetpack_publicize_connections":[],"jetpack_featured_media_url":"https:\/\/www.hoymercedes.com.ar\/principal\/wp-content\/uploads\/2018\/10\/26-recinto-HCD.jpg","wps_subtitle":"Este lunes desde la hora 19","jetpack_sharing_enabled":true,"_links":{"self":[{"href":"https:\/\/www.hoymercedes.com.ar\/principal\/wp-json\/wp\/v2\/posts\/94801","targetHints":{"allow":["GET"]}}],"collection":[{"href":"https:\/\/www.hoymercedes.com.ar\/principal\/wp-json\/wp\/v2\/posts"}],"about":[{"href":"https:\/\/www.hoymercedes.com.ar\/principal\/wp-json\/wp\/v2\/types\/post"}],"author":[{"embeddable":true,"href":"https:\/\/www.hoymercedes.com.ar\/principal\/wp-json\/wp\/v2\/users\/1"}],"replies":[{"embeddable":true,"href":"https:\/\/www.hoymercedes.com.ar\/principal\/wp-json\/wp\/v2\/comments?post=94801"}],"version-history":[{"count":0,"href":"https:\/\/www.hoymercedes.com.ar\/principal\/wp-json\/wp\/v2\/posts\/94801\/revisions"}],"wp:featuredmedia":[{"embeddable":true,"href":"https:\/\/www.hoymercedes.com.ar\/principal\/wp-json\/wp\/v2\/media\/83088"}],"wp:attachment":[{"href":"https:\/\/www.hoymercedes.com.ar\/principal\/wp-json\/wp\/v2\/media?parent=94801"}],"wp:term":[{"taxonomy":"category","embeddable":true,"href":"https:\/\/www.hoymercedes.com.ar\/principal\/wp-json\/wp\/v2\/categories?post=94801"},{"taxonomy":"post_tag","embeddable":true,"href":"https:\/\/www.hoymercedes.com.ar\/principal\/wp-json\/wp\/v2\/tags?post=94801"}],"curies":[{"name":"wp","href":"https:\/\/api.w.org\/{rel}","templated":true}]}}