{"id":94802,"date":"2019-06-10T10:34:18","date_gmt":"2019-06-10T13:34:18","guid":{"rendered":"http:\/\/www.hoymercedes.com.ar\/principal\/?p=94802"},"modified":"2019-06-10T10:35:42","modified_gmt":"2019-06-10T13:35:42","slug":"softbol-atletismo-voley-y-handball-tienen-sus-clasificados-al-regional","status":"publish","type":"post","link":"https:\/\/www.hoymercedes.com.ar\/principal\/2019\/06\/10\/softbol-atletismo-voley-y-handball-tienen-sus-clasificados-al-regional\/","title":{"rendered":"Softbol, Atletismo, Voley y Handball tienen sus clasificados al Regional"},"content":{"rendered":"\n<p>El clima permite que esta Etapa Local de los Juegos Bonaerenses se sigan llevando con normalidad, ya que desde que comenz\u00f3 a disputarse, s\u00f3lo un d\u00eda no hubo competencia. La semana pasada fueron cuatro los deportes que depositaron a los mercedinos que jugar\u00e1n la Etapa Regional.<\/p>\n\n\n\n<figure class=\"wp-block-image\"><img loading=\"lazy\" decoding=\"async\" width=\"960\" height=\"720\" data-attachment-id=\"94805\" data-permalink=\"https:\/\/www.hoymercedes.com.ar\/principal\/2019\/06\/10\/softbol-atletismo-voley-y-handball-tienen-sus-clasificados-al-regional\/62239347_10220354030107697_9190474597412110336_n\/#main\" data-orig-file=\"https:\/\/www.hoymercedes.com.ar\/principal\/wp-content\/uploads\/2019\/06\/62239347_10220354030107697_9190474597412110336_n.jpg\" data-orig-size=\"960,720\" data-comments-opened=\"0\" data-image-meta=\"{&quot;aperture&quot;:&quot;0&quot;,&quot;credit&quot;:&quot;&quot;,&quot;camera&quot;:&quot;&quot;,&quot;caption&quot;:&quot;&quot;,&quot;created_timestamp&quot;:&quot;0&quot;,&quot;copyright&quot;:&quot;&quot;,&quot;focal_length&quot;:&quot;0&quot;,&quot;iso&quot;:&quot;0&quot;,&quot;shutter_speed&quot;:&quot;0&quot;,&quot;title&quot;:&quot;&quot;,&quot;orientation&quot;:&quot;0&quot;}\" data-image-title=\"62239347_10220354030107697_9190474597412110336_n\" data-image-description=\"\" data-image-caption=\"\" data-large-file=\"https:\/\/www.hoymercedes.com.ar\/principal\/wp-content\/uploads\/2019\/06\/62239347_10220354030107697_9190474597412110336_n.jpg\" src=\"https:\/\/www.hoymercedes.com.ar\/principal\/wp-content\/uploads\/2019\/06\/62239347_10220354030107697_9190474597412110336_n.jpg\" alt=\"\" class=\"wp-image-94805\" srcset=\"https:\/\/www.hoymercedes.com.ar\/principal\/wp-content\/uploads\/2019\/06\/62239347_10220354030107697_9190474597412110336_n.jpg 960w, https:\/\/www.hoymercedes.com.ar\/principal\/wp-content\/uploads\/2019\/06\/62239347_10220354030107697_9190474597412110336_n-150x113.jpg 150w, https:\/\/www.hoymercedes.com.ar\/principal\/wp-content\/uploads\/2019\/06\/62239347_10220354030107697_9190474597412110336_n-630x473.jpg 630w, https:\/\/www.hoymercedes.com.ar\/principal\/wp-content\/uploads\/2019\/06\/62239347_10220354030107697_9190474597412110336_n-320x240.jpg 320w, https:\/\/www.hoymercedes.com.ar\/principal\/wp-content\/uploads\/2019\/06\/62239347_10220354030107697_9190474597412110336_n-100x75.jpg 100w\" sizes=\"auto, (max-width: 960px) 100vw, 960px\" \/><\/figure>\n\n\n\n<p><strong>Sofbol<\/strong><br>Sub 16 Escolar No Federado \u2013 IPA: Mateo Ferreira Giacoy, Ignacio Marcigliano, Tom\u00e1s Maldonado, Ilario Chiacharini, Mart\u00edn Guti\u00e9rrez, Salvador B\u00e1ez, Valentino Rossi, Luca Marcatti, Joaqu\u00edn Pampuri, Mat\u00edas Adorno, Francisco Icardi, Manuel Arenas y Valent\u00edn Biagini. DT: Pablo Chuffo.<\/p>\n\n\n\n<p>Sub 16 Escolar No Federado \u2013 IPA: Juana Figueredo, Justina Bianco, Emilia L\u00f3pez Camelo, Angeles Boragno, Pilar Biagini, Felicitas Garc\u00eda Sotillo, Moreno Lavallen, Julia Repetto, Valentina Figueredo, Noelia Bocaccio, Micaela Zuleta y Juana Cangaro. DT: Santiago Bistuer.<\/p>\n\n\n\n<p>Sub 14 Escolar No Federado \u2013 IPA: Juan Maldonado, Felipe Chiacharini, Lautaro Costas, Santiago Labanda, Francisco Salvetti, Santiago Gal\u00e1n, Ignacio Viani, Franco Adorno, Santiago Schuldeis, Tom\u00e1s Perretti, Santiago Zamitto, Francisco Rebagliati y Dante Siciliano. DT: Santiago Bistuer.<\/p>\n\n\n\n<p>Sub 14 Escolar No Federado \u2013 EPPA: Dulce Aguirre Casalla Mar\u00eda Bertoloto, Sara Bori, Catalina Cabral, Martina Cabachieff, Margarita Flynn, Lola Garc\u00eda Sotillo, Maiteta Haughton, Clara Imaz, Sof\u00eda Molinari y Elena Rubiero. DT: Javier Chiacharini.<\/p>\n\n\n\n<p><strong>Atletismo<\/strong><br>Sub 14 Escolar No Federado<br>80 metros: Milena Zurita 12\u201d.<br>Salto en largo: Juana C\u00e1ngaro 3 metros 33 cent\u00edmetros.<br>Lanzamiento de la bala: Estela Granussi 5 metros 70 cent\u00edmetros.<br>Salto en largo: Pablo Merola 4 metros 32 cent\u00edmetros.<br>80 metros: Pablo Merola 11\u2019 25\u201d.<br>Lanzamiento de la bala: Mateo Bustos Garc\u00eda 8 metros 7 cent\u00edmetros.<\/p>\n\n\n\n<p>Sub 14 Libre<br>150 metros: Joaqu\u00edn Ricci 18\u201d 72.<br>1200 metros: Joaqu\u00edn Ricci.<br>Salto en alto: Solano Marenco 1 metro 30 cent\u00edmetros.<br>Lanzamiento de disco: Facundo Buscalia 24 metros 45 cent\u00edmetros.<br>Salto en largo: Aron Aranda 4 metros 53 cent\u00edmetros.<br>Lanzamiento de la bala: Benjamin Cereijo 9 metros 40 cent\u00edmetros.<br>Lanzamiento de la jabalina: Solano Marenco 32 metros 96 cent\u00edmetros.<br>100 metros con vallas: Solano Marenco 14\u201d 50.<br>80 metros: Joaqu\u00edn Ricci 10\u201d 50.<\/p>\n\n\n\n<p>Sub 16 Posta masculina<br>4 x 100 Escuela Municipal 51\u201d 22.<br>Sub 18 Posta masculino<br>4 x 100 Ju\u00e1rez Nasso 50\u201d 50.<br>Sub 16 Posta femenino<br>4 x 100 Escuela Municipal 1\u2019.<br>Sub 18 Posta femenino<br>Camila Rol\u00f3n 1\u2019 1\u201d 66.<\/p>\n\n\n\n<p>Sub 14 Libre<br>80 metros: Mar\u00eda Finochietto 12\u201d 40.<br>Salto en largo: Juana Figueredo.<br>150 metros: Aylen Pugliese.<br>1200 metros: Mar\u00eda Cazenave.<br>80 metros: Juan Figueredo.<br>Lanzamiento de disco: Milena Degrutolla 21 metros 54 cent\u00edmetros.<br>Lanzamiento de la bala: Milena Degrutolla 6 metros 13 cent\u00edmetros.<br>Salto en largo: Mar\u00eda Finochietto 3 metros 55 cent\u00edmetros.<br>Lanzamiento de la jabalina: Milena Degrutolla.<\/p>\n\n\n\n<p><strong>Voley<\/strong><br>Sub 15 Escolar Abierta \u2013 San Patricio: Robertino Tamagno, Lorenzo De Paola, Tom\u00e1s Pietrucha, Patricio Cross, Bautista Bessega, Hip\u00f3lito Rossi, Felipe Vara, Estanislao L\u00f3pez Chalde, Francisco Albanese y Emilio Ferraroti. DT: Diego L\u00f3pez Escriva.<\/p>\n\n\n\n<p>Sub 13 Escolar Abierta \u2013 San Patricio: Federico Bell, Mateo Lima, Paricio Funcia Calzeta, Ignacio Queirolo, Octavio Matetieri, Francisco Quintana Marchio, Vicente Bocca, Francisco de Paola, Tom\u00e1s Despalanques y Thiago Landeira. DT: Diego L\u00f3pez Escriva.<\/p>\n\n\n\n<p>Sub 18 Escolar Abierta \u2013 San Patricio: Juan Heiderscheid, Rocco Tamagno, Francisco De Cunto, Mat\u00edas L\u00f3pez Escriva, Felipe Saralegui, Emilio Carcagno, Nicol\u00e1s Hern\u00e1ndez, Lucas Cardinal, Enzo Frabasil y Domingo de Paola. DT: Diego L\u00f3pez Escriva.<\/p>\n\n\n\n<p>Sub 18 Escolar Abierta \u2013 San Patricio: Isabel Luther, Malena Celano, Juan Santos, Catalina Perrone, Sophie Bonnet, Luc\u00eda L\u00f3pez Escriva, Sof\u00eda Artale, F\u00e1tima Fiorelli, Magali Merlini y Roc\u00edo Ojeda. DT: Diego L\u00f3pez Escriva.<\/p>\n\n\n\n<p>Sub 13 Escolar Abierta \u2013 Misericordia: Mar\u00edas Castarataro, Julieta Navarrete, Martina Chico, Guadalupe Guidi, Camila Callegari Valerga, Candela Soulas, Isabella Asenzo, Sof\u00eda S\u00e1nchez, Julia Garegnani y Serena Silva Pazos. DT: Pablo Cross.<\/p>\n\n\n\n<p><strong>Handball<\/strong><br>Sub 18 IPA: Joaqu\u00edn Garc\u00eda Sotillo, Manuel Mendiola, Andr\u00e9s Viloria, Tom\u00e1s Blanco, Federico Laresca, Santiago Romagnoli, Tom\u00e1s Trebini, Uriel Vera, Nicol\u00e1s Subigaray y Joaqu\u00edn Rizo Patr\u00f3n. DT: Pablo Chuffo.<\/p>\n\n\n\n<p>Sub 16 Camila Rol\u00f3n: Manuel Ricci, Tob\u00edas Quinteros, Federico Blanco, Felipe Flaherty, Franco Fanucci, Mat\u00edas Bustamante, Mateo Castagneto, Juan Bernardo, Jos\u00e9 Varela, Franco Ameri, Francisco Fern\u00e1ndez, Nahuel Romero, Mat\u00edas Dabove y Sebasti\u00e1n Antar. DT: Agust\u00edn P\u00f3rfido.<\/p>\n\n\n\n<p>Sub 14 Camila Rol\u00f3n: Juan Bordieu, Santiago Andreoli, Enzo Marcelo, Lucas D\u00edaz, Cipriano Quinteros, Joaqu\u00edn Ricci, Teo Torres, Santino Delvechio, Facundo Aguirre, Camilo Blanco, Jerem\u00eda Mendoza y Genaro Barrera. DT: Agust\u00edn P\u00f3rfido.<\/p>\n\n\n\n<p>Sub 16 Santa Mar\u00eda: Ana Bori Bordieu, Clara Guinot, Mia Cancela, Fracina Cieri, Micaela De Rosa, Lola Presas, Delfina Monsalvo, Paola Ricaldoni, Luc\u00eda Squiolaro, Catalina Dematei, Lara Reyes y Ana Destefano Testa. DT: Ana Campillay.<\/p>\n\n\n\n<p>Sub 18 Escolar Abierta Santa Mar\u00eda: Milagros Bereterbide, Florentina Mancusi, Paula Guasco, Juan Navarro, Emilia V\u00e1zquez, Matilde Dematei, Mar\u00eda Moro Gallo, Clara Moner, Pilar J\u00e1uregui, Agustina Panessi, Tai Villanueva y Mar\u00eda Mazzio. DT: Ana Campillay.<\/p>\n\n\n\n<p>Sub 14 Escolar Abierta\u00a0 San Patricio: Josefina Fiysimons, Chiara Bonifazi, Milagros Carcagno, Camila Brovelli, Pilar Luna, Delfina Ferreira Da Silva, Ana Ramponi, Leila Abufager y Milagro Ruiz Flores. DT: Gabino Regueiro.<\/p>\n\n\n\n<ul class=\"wp-block-gallery columns-3 is-cropped wp-block-gallery-1 is-layout-flex wp-block-gallery-is-layout-flex\"><li class=\"blocks-gallery-item\"><figure><img loading=\"lazy\" decoding=\"async\" width=\"633\" height=\"960\" data-attachment-id=\"94806\" data-permalink=\"https:\/\/www.hoymercedes.com.ar\/principal\/2019\/06\/10\/softbol-atletismo-voley-y-handball-tienen-sus-clasificados-al-regional\/62130498_1131966680311829_6776726126933835776_n\/#main\" data-orig-file=\"https:\/\/www.hoymercedes.com.ar\/principal\/wp-content\/uploads\/2019\/06\/62130498_1131966680311829_6776726126933835776_n.jpg\" data-orig-size=\"633,960\" data-comments-opened=\"0\" data-image-meta=\"{&quot;aperture&quot;:&quot;0&quot;,&quot;credit&quot;:&quot;&quot;,&quot;camera&quot;:&quot;&quot;,&quot;caption&quot;:&quot;&quot;,&quot;created_timestamp&quot;:&quot;0&quot;,&quot;copyright&quot;:&quot;&quot;,&quot;focal_length&quot;:&quot;0&quot;,&quot;iso&quot;:&quot;0&quot;,&quot;shutter_speed&quot;:&quot;0&quot;,&quot;title&quot;:&quot;&quot;,&quot;orientation&quot;:&quot;0&quot;}\" data-image-title=\"62130498_1131966680311829_6776726126933835776_n\" data-image-description=\"\" data-image-caption=\"\" data-large-file=\"https:\/\/www.hoymercedes.com.ar\/principal\/wp-content\/uploads\/2019\/06\/62130498_1131966680311829_6776726126933835776_n.jpg\" src=\"https:\/\/www.hoymercedes.com.ar\/principal\/wp-content\/uploads\/2019\/06\/62130498_1131966680311829_6776726126933835776_n.jpg\" alt=\"\" data-id=\"94806\" data-link=\"https:\/\/www.hoymercedes.com.ar\/principal\/?attachment_id=94806\" class=\"wp-image-94806\" srcset=\"https:\/\/www.hoymercedes.com.ar\/principal\/wp-content\/uploads\/2019\/06\/62130498_1131966680311829_6776726126933835776_n.jpg 633w, https:\/\/www.hoymercedes.com.ar\/principal\/wp-content\/uploads\/2019\/06\/62130498_1131966680311829_6776726126933835776_n-99x150.jpg 99w, https:\/\/www.hoymercedes.com.ar\/principal\/wp-content\/uploads\/2019\/06\/62130498_1131966680311829_6776726126933835776_n-409x620.jpg 409w\" sizes=\"auto, (max-width: 633px) 100vw, 633px\" \/><\/figure><\/li><li class=\"blocks-gallery-item\"><figure><img loading=\"lazy\" decoding=\"async\" width=\"533\" height=\"960\" data-attachment-id=\"94807\" data-permalink=\"https:\/\/www.hoymercedes.com.ar\/principal\/2019\/06\/10\/softbol-atletismo-voley-y-handball-tienen-sus-clasificados-al-regional\/61959153_1131966693645161_9005375487073058816_n\/#main\" data-orig-file=\"https:\/\/www.hoymercedes.com.ar\/principal\/wp-content\/uploads\/2019\/06\/61959153_1131966693645161_9005375487073058816_n.jpg\" data-orig-size=\"533,960\" data-comments-opened=\"0\" data-image-meta=\"{&quot;aperture&quot;:&quot;0&quot;,&quot;credit&quot;:&quot;&quot;,&quot;camera&quot;:&quot;&quot;,&quot;caption&quot;:&quot;&quot;,&quot;created_timestamp&quot;:&quot;0&quot;,&quot;copyright&quot;:&quot;&quot;,&quot;focal_length&quot;:&quot;0&quot;,&quot;iso&quot;:&quot;0&quot;,&quot;shutter_speed&quot;:&quot;0&quot;,&quot;title&quot;:&quot;&quot;,&quot;orientation&quot;:&quot;0&quot;}\" data-image-title=\"61959153_1131966693645161_9005375487073058816_n\" data-image-description=\"\" data-image-caption=\"\" data-large-file=\"https:\/\/www.hoymercedes.com.ar\/principal\/wp-content\/uploads\/2019\/06\/61959153_1131966693645161_9005375487073058816_n.jpg\" src=\"https:\/\/www.hoymercedes.com.ar\/principal\/wp-content\/uploads\/2019\/06\/61959153_1131966693645161_9005375487073058816_n.jpg\" alt=\"\" data-id=\"94807\" data-link=\"https:\/\/www.hoymercedes.com.ar\/principal\/?attachment_id=94807\" class=\"wp-image-94807\" srcset=\"https:\/\/www.hoymercedes.com.ar\/principal\/wp-content\/uploads\/2019\/06\/61959153_1131966693645161_9005375487073058816_n.jpg 533w, https:\/\/www.hoymercedes.com.ar\/principal\/wp-content\/uploads\/2019\/06\/61959153_1131966693645161_9005375487073058816_n-83x150.jpg 83w, https:\/\/www.hoymercedes.com.ar\/principal\/wp-content\/uploads\/2019\/06\/61959153_1131966693645161_9005375487073058816_n-344x620.jpg 344w\" sizes=\"auto, (max-width: 533px) 100vw, 533px\" \/><\/figure><\/li><li class=\"blocks-gallery-item\"><figure><img loading=\"lazy\" decoding=\"async\" width=\"634\" height=\"960\" data-attachment-id=\"94808\" data-permalink=\"https:\/\/www.hoymercedes.com.ar\/principal\/2019\/06\/10\/softbol-atletismo-voley-y-handball-tienen-sus-clasificados-al-regional\/62043490_1131966663645164_1489150326429712384_n\/#main\" data-orig-file=\"https:\/\/www.hoymercedes.com.ar\/principal\/wp-content\/uploads\/2019\/06\/62043490_1131966663645164_1489150326429712384_n.jpg\" data-orig-size=\"634,960\" data-comments-opened=\"0\" data-image-meta=\"{&quot;aperture&quot;:&quot;0&quot;,&quot;credit&quot;:&quot;&quot;,&quot;camera&quot;:&quot;&quot;,&quot;caption&quot;:&quot;&quot;,&quot;created_timestamp&quot;:&quot;0&quot;,&quot;copyright&quot;:&quot;&quot;,&quot;focal_length&quot;:&quot;0&quot;,&quot;iso&quot;:&quot;0&quot;,&quot;shutter_speed&quot;:&quot;0&quot;,&quot;title&quot;:&quot;&quot;,&quot;orientation&quot;:&quot;0&quot;}\" data-image-title=\"62043490_1131966663645164_1489150326429712384_n\" data-image-description=\"\" data-image-caption=\"\" data-large-file=\"https:\/\/www.hoymercedes.com.ar\/principal\/wp-content\/uploads\/2019\/06\/62043490_1131966663645164_1489150326429712384_n.jpg\" src=\"https:\/\/www.hoymercedes.com.ar\/principal\/wp-content\/uploads\/2019\/06\/62043490_1131966663645164_1489150326429712384_n.jpg\" alt=\"\" data-id=\"94808\" data-link=\"https:\/\/www.hoymercedes.com.ar\/principal\/?attachment_id=94808\" class=\"wp-image-94808\" srcset=\"https:\/\/www.hoymercedes.com.ar\/principal\/wp-content\/uploads\/2019\/06\/62043490_1131966663645164_1489150326429712384_n.jpg 634w, https:\/\/www.hoymercedes.com.ar\/principal\/wp-content\/uploads\/2019\/06\/62043490_1131966663645164_1489150326429712384_n-99x150.jpg 99w, https:\/\/www.hoymercedes.com.ar\/principal\/wp-content\/uploads\/2019\/06\/62043490_1131966663645164_1489150326429712384_n-409x620.jpg 409w\" sizes=\"auto, (max-width: 634px) 100vw, 634px\" \/><\/figure><\/li><\/ul>\n","protected":false},"excerpt":{"rendered":"<p>El clima permite que esta Etapa Local de los Juegos Bonaerenses se sigan llevando con normalidad, ya que desde que &#8230; <a title=\"Softbol, Atletismo, Voley y Handball tienen sus clasificados al Regional\" class=\"read-more\" href=\"https:\/\/www.hoymercedes.com.ar\/principal\/2019\/06\/10\/softbol-atletismo-voley-y-handball-tienen-sus-clasificados-al-regional\/\" aria-label=\"Leer m\u00e1s sobre Softbol, Atletismo, Voley y Handball tienen sus clasificados al Regional\">Leer m\u00e1s<\/a><\/p>\n","protected":false},"author":1,"featured_media":94805,"comment_status":"closed","ping_status":"open","sticky":false,"template":"","format":"standard","meta":{"_monsterinsights_skip_tracking":false,"_monsterinsights_sitenote_active":false,"_monsterinsights_sitenote_note":"","_monsterinsights_sitenote_category":0,"jetpack_post_was_ever_published":false,"_jetpack_newsletter_access":"","_jetpack_dont_email_post_to_subs":false,"_jetpack_newsletter_tier_id":0,"_jetpack_memberships_contains_paywalled_content":false,"_jetpack_memberships_contains_paid_content":false,"footnotes":"","jetpack_publicize_message":"","jetpack_publicize_feature_enabled":true,"jetpack_social_post_already_shared":true,"jetpack_social_options":{"image_generator_settings":{"template":"highway","default_image_id":0,"font":"","enabled":false},"version":2},"_wpas_customize_per_network":false},"categories":[21],"tags":[13563,11040,10642,8686],"class_list":["post-94802","post","type-post","status-publish","format-standard","has-post-thumbnail","hentry","category-deportes","tag-futsal","tag-juegos-bonaerenses","tag-softbol","tag-voley","generate-columns","tablet-grid-50","mobile-grid-100","grid-parent","grid-50"],"jetpack_publicize_connections":[],"jetpack_featured_media_url":"https:\/\/www.hoymercedes.com.ar\/principal\/wp-content\/uploads\/2019\/06\/62239347_10220354030107697_9190474597412110336_n.jpg","wps_subtitle":"Juegos Bonaerenses","jetpack_sharing_enabled":true,"_links":{"self":[{"href":"https:\/\/www.hoymercedes.com.ar\/principal\/wp-json\/wp\/v2\/posts\/94802","targetHints":{"allow":["GET"]}}],"collection":[{"href":"https:\/\/www.hoymercedes.com.ar\/principal\/wp-json\/wp\/v2\/posts"}],"about":[{"href":"https:\/\/www.hoymercedes.com.ar\/principal\/wp-json\/wp\/v2\/types\/post"}],"author":[{"embeddable":true,"href":"https:\/\/www.hoymercedes.com.ar\/principal\/wp-json\/wp\/v2\/users\/1"}],"replies":[{"embeddable":true,"href":"https:\/\/www.hoymercedes.com.ar\/principal\/wp-json\/wp\/v2\/comments?post=94802"}],"version-history":[{"count":0,"href":"https:\/\/www.hoymercedes.com.ar\/principal\/wp-json\/wp\/v2\/posts\/94802\/revisions"}],"wp:featuredmedia":[{"embeddable":true,"href":"https:\/\/www.hoymercedes.com.ar\/principal\/wp-json\/wp\/v2\/media\/94805"}],"wp:attachment":[{"href":"https:\/\/www.hoymercedes.com.ar\/principal\/wp-json\/wp\/v2\/media?parent=94802"}],"wp:term":[{"taxonomy":"category","embeddable":true,"href":"https:\/\/www.hoymercedes.com.ar\/principal\/wp-json\/wp\/v2\/categories?post=94802"},{"taxonomy":"post_tag","embeddable":true,"href":"https:\/\/www.hoymercedes.com.ar\/principal\/wp-json\/wp\/v2\/tags?post=94802"}],"curies":[{"name":"wp","href":"https:\/\/api.w.org\/{rel}","templated":true}]}}