{"id":94816,"date":"2019-06-10T17:59:18","date_gmt":"2019-06-10T20:59:18","guid":{"rendered":"http:\/\/www.hoymercedes.com.ar\/principal\/?p=94816"},"modified":"2019-06-10T15:39:44","modified_gmt":"2019-06-10T18:39:44","slug":"gran-fiesta-ecuestre-se-vivio-en-el-parque-municipal","status":"publish","type":"post","link":"https:\/\/www.hoymercedes.com.ar\/principal\/2019\/06\/10\/gran-fiesta-ecuestre-se-vivio-en-el-parque-municipal\/","title":{"rendered":"Gran fiesta ecuestre se vivi\u00f3 en el Parque Municipal"},"content":{"rendered":"\n<p>En el predio del parque municipal se vivi\u00f3 una gran fiesta h\u00edpica. Fue una jornada completa en el marco del \u201cTercer Encuentro H\u00edpico y de Equitaci\u00f3n Adaptada\u201d&nbsp;&nbsp;siendo una propuesta del Centro Ecuestre y de Equinoterapia Mar\u00eda Silvina, con la colaboraci\u00f3n de la Municipalidad de Mercedes.<\/p>\n\n\n\n<figure class=\"wp-block-image\"><img loading=\"lazy\" decoding=\"async\" width=\"1024\" height=\"683\" data-attachment-id=\"94817\" data-permalink=\"https:\/\/www.hoymercedes.com.ar\/principal\/2019\/06\/10\/gran-fiesta-ecuestre-se-vivio-en-el-parque-municipal\/dsc_0106-2\/#main\" data-orig-file=\"https:\/\/www.hoymercedes.com.ar\/principal\/wp-content\/uploads\/2019\/06\/DSC_0106.jpg\" data-orig-size=\"1500,1000\" data-comments-opened=\"0\" data-image-meta=\"{&quot;aperture&quot;:&quot;9&quot;,&quot;credit&quot;:&quot;&quot;,&quot;camera&quot;:&quot;NIKON D5500&quot;,&quot;caption&quot;:&quot;&quot;,&quot;created_timestamp&quot;:&quot;1560095265&quot;,&quot;copyright&quot;:&quot;&quot;,&quot;focal_length&quot;:&quot;31&quot;,&quot;iso&quot;:&quot;200&quot;,&quot;shutter_speed&quot;:&quot;0.003125&quot;,&quot;title&quot;:&quot;&quot;,&quot;orientation&quot;:&quot;0&quot;}\" data-image-title=\"DSC_0106\" data-image-description=\"\" data-image-caption=\"\" data-large-file=\"https:\/\/www.hoymercedes.com.ar\/principal\/wp-content\/uploads\/2019\/06\/DSC_0106-1024x683.jpg\" src=\"https:\/\/www.hoymercedes.com.ar\/principal\/wp-content\/uploads\/2019\/06\/DSC_0106-1024x683.jpg\" alt=\"\" class=\"wp-image-94817\" srcset=\"https:\/\/www.hoymercedes.com.ar\/principal\/wp-content\/uploads\/2019\/06\/DSC_0106-1024x683.jpg 1024w, https:\/\/www.hoymercedes.com.ar\/principal\/wp-content\/uploads\/2019\/06\/DSC_0106-150x100.jpg 150w, https:\/\/www.hoymercedes.com.ar\/principal\/wp-content\/uploads\/2019\/06\/DSC_0106-630x420.jpg 630w, https:\/\/www.hoymercedes.com.ar\/principal\/wp-content\/uploads\/2019\/06\/DSC_0106-720x480.jpg 720w, https:\/\/www.hoymercedes.com.ar\/principal\/wp-content\/uploads\/2019\/06\/DSC_0106-360x240.jpg 360w, https:\/\/www.hoymercedes.com.ar\/principal\/wp-content\/uploads\/2019\/06\/DSC_0106.jpg 1500w\" sizes=\"auto, (max-width: 1024px) 100vw, 1024px\" \/><\/figure>\n\n\n\n<p>\u201cQuiero felicitar a todos los que han trabajado para que se encuentre este predio en las condiciones en las que est\u00e1, y especialmente a los organizadores, que nos regalaron una fiesta hermosa\u201d dijo Juan Ignacio Ustarroz y manifest\u00f3 que \u201cla idea es que se sigan haciendo actividades deportivas en familia, al aire libre, con inclusi\u00f3n y promoviendo el espacio para todos. Estamos muy agradecidos\u201d sostuvo ante los presentes.<\/p>\n\n\n\n<p>La invitaci\u00f3n fue abierta a todos los clubes de equitaci\u00f3n mercedinos y al p\u00fablico en general, ya que la entrada fue libre y gratuita.<\/p>\n\n\n\n<p>El evento cont\u00f3 con servicio de cantina a beneficio de la Escuela de Equinoterapia, hubo juegos infantiles y sorteos especiales durante todo el evento.<\/p>\n\n\n\n<figure class=\"wp-block-image\"><img loading=\"lazy\" decoding=\"async\" width=\"1024\" height=\"683\" data-attachment-id=\"94818\" data-permalink=\"https:\/\/www.hoymercedes.com.ar\/principal\/2019\/06\/10\/gran-fiesta-ecuestre-se-vivio-en-el-parque-municipal\/dsc_0094\/#main\" data-orig-file=\"https:\/\/www.hoymercedes.com.ar\/principal\/wp-content\/uploads\/2019\/06\/DSC_0094.jpg\" data-orig-size=\"1500,1000\" data-comments-opened=\"0\" data-image-meta=\"{&quot;aperture&quot;:&quot;10&quot;,&quot;credit&quot;:&quot;&quot;,&quot;camera&quot;:&quot;NIKON D5500&quot;,&quot;caption&quot;:&quot;&quot;,&quot;created_timestamp&quot;:&quot;1560095242&quot;,&quot;copyright&quot;:&quot;&quot;,&quot;focal_length&quot;:&quot;22&quot;,&quot;iso&quot;:&quot;200&quot;,&quot;shutter_speed&quot;:&quot;0.0025&quot;,&quot;title&quot;:&quot;&quot;,&quot;orientation&quot;:&quot;0&quot;}\" data-image-title=\"DSC_0094\" data-image-description=\"\" data-image-caption=\"\" data-large-file=\"https:\/\/www.hoymercedes.com.ar\/principal\/wp-content\/uploads\/2019\/06\/DSC_0094-1024x683.jpg\" src=\"https:\/\/www.hoymercedes.com.ar\/principal\/wp-content\/uploads\/2019\/06\/DSC_0094-1024x683.jpg\" alt=\"\" class=\"wp-image-94818\" srcset=\"https:\/\/www.hoymercedes.com.ar\/principal\/wp-content\/uploads\/2019\/06\/DSC_0094-1024x683.jpg 1024w, https:\/\/www.hoymercedes.com.ar\/principal\/wp-content\/uploads\/2019\/06\/DSC_0094-150x100.jpg 150w, https:\/\/www.hoymercedes.com.ar\/principal\/wp-content\/uploads\/2019\/06\/DSC_0094-630x420.jpg 630w, https:\/\/www.hoymercedes.com.ar\/principal\/wp-content\/uploads\/2019\/06\/DSC_0094-720x480.jpg 720w, https:\/\/www.hoymercedes.com.ar\/principal\/wp-content\/uploads\/2019\/06\/DSC_0094-360x240.jpg 360w, https:\/\/www.hoymercedes.com.ar\/principal\/wp-content\/uploads\/2019\/06\/DSC_0094.jpg 1500w\" sizes=\"auto, (max-width: 1024px) 100vw, 1024px\" \/><\/figure>\n\n\n\n<p>Juan Pablo L\u00f3pez Baggio, afirm\u00f3 al ser consultado, habiendo sido uno de los enlaces de la organizaci\u00f3n con la Municipalidad que \u201cestas actividades nos llenan de orgullo. Muestran lo productivo que es el trabajo de la Comuna con las instituciones y como se pueden crear acciones de calidad, inclusivas, siendo algo que no siempre se puede disfrutar y hoy fue abierto a todas las familias\u201d aprovechando a felicitar \u201ca la organizaci\u00f3n y agradecemos a todos los presentes que vinieron a colaborar\u201d.<\/p>\n\n\n\n<p>Hubo entrega de diplomas, distintas pruebas ecuestres y una tarde bien familiar, inclusiva y en el recuperado predio sector nuevo del Parque Municipal Independencia.<\/p>\n","protected":false},"excerpt":{"rendered":"<p>En el predio del parque municipal se vivi\u00f3 una gran fiesta h\u00edpica. Fue una jornada completa en el marco del &#8230; <a title=\"Gran fiesta ecuestre se vivi\u00f3 en el Parque Municipal\" class=\"read-more\" href=\"https:\/\/www.hoymercedes.com.ar\/principal\/2019\/06\/10\/gran-fiesta-ecuestre-se-vivio-en-el-parque-municipal\/\" aria-label=\"Leer m\u00e1s sobre Gran fiesta ecuestre se vivi\u00f3 en el Parque Municipal\">Leer m\u00e1s<\/a><\/p>\n","protected":false},"author":1,"featured_media":94817,"comment_status":"closed","ping_status":"open","sticky":false,"template":"","format":"standard","meta":{"_monsterinsights_skip_tracking":false,"_monsterinsights_sitenote_active":false,"_monsterinsights_sitenote_note":"","_monsterinsights_sitenote_category":0,"jetpack_post_was_ever_published":false,"_jetpack_newsletter_access":"","_jetpack_dont_email_post_to_subs":false,"_jetpack_newsletter_tier_id":0,"_jetpack_memberships_contains_paywalled_content":false,"_jetpack_memberships_contains_paid_content":false,"footnotes":"","jetpack_publicize_message":"","jetpack_publicize_feature_enabled":true,"jetpack_social_post_already_shared":true,"jetpack_social_options":{"image_generator_settings":{"template":"highway","default_image_id":0,"font":"","enabled":false},"version":2},"_wpas_customize_per_network":false},"categories":[21],"tags":[204,1821,244],"class_list":["post-94816","post","type-post","status-publish","format-standard","has-post-thumbnail","hentry","category-deportes","tag-deportes-2","tag-equitacion","tag-municipio-2","generate-columns","tablet-grid-50","mobile-grid-100","grid-parent","grid-50"],"jetpack_publicize_connections":[],"jetpack_featured_media_url":"https:\/\/www.hoymercedes.com.ar\/principal\/wp-content\/uploads\/2019\/06\/DSC_0106.jpg","wps_subtitle":"Equitaci\u00f3n","jetpack_sharing_enabled":true,"_links":{"self":[{"href":"https:\/\/www.hoymercedes.com.ar\/principal\/wp-json\/wp\/v2\/posts\/94816","targetHints":{"allow":["GET"]}}],"collection":[{"href":"https:\/\/www.hoymercedes.com.ar\/principal\/wp-json\/wp\/v2\/posts"}],"about":[{"href":"https:\/\/www.hoymercedes.com.ar\/principal\/wp-json\/wp\/v2\/types\/post"}],"author":[{"embeddable":true,"href":"https:\/\/www.hoymercedes.com.ar\/principal\/wp-json\/wp\/v2\/users\/1"}],"replies":[{"embeddable":true,"href":"https:\/\/www.hoymercedes.com.ar\/principal\/wp-json\/wp\/v2\/comments?post=94816"}],"version-history":[{"count":0,"href":"https:\/\/www.hoymercedes.com.ar\/principal\/wp-json\/wp\/v2\/posts\/94816\/revisions"}],"wp:featuredmedia":[{"embeddable":true,"href":"https:\/\/www.hoymercedes.com.ar\/principal\/wp-json\/wp\/v2\/media\/94817"}],"wp:attachment":[{"href":"https:\/\/www.hoymercedes.com.ar\/principal\/wp-json\/wp\/v2\/media?parent=94816"}],"wp:term":[{"taxonomy":"category","embeddable":true,"href":"https:\/\/www.hoymercedes.com.ar\/principal\/wp-json\/wp\/v2\/categories?post=94816"},{"taxonomy":"post_tag","embeddable":true,"href":"https:\/\/www.hoymercedes.com.ar\/principal\/wp-json\/wp\/v2\/tags?post=94816"}],"curies":[{"name":"wp","href":"https:\/\/api.w.org\/{rel}","templated":true}]}}