{"id":94830,"date":"2019-06-11T11:39:18","date_gmt":"2019-06-11T14:39:18","guid":{"rendered":"http:\/\/www.hoymercedes.com.ar\/principal\/?p=94830"},"modified":"2019-06-11T16:31:21","modified_gmt":"2019-06-11T19:31:21","slug":"comenzo-el-certamen-con-rumbo-al-regional-de-mar-del-plata","status":"publish","type":"post","link":"https:\/\/www.hoymercedes.com.ar\/principal\/2019\/06\/11\/comenzo-el-certamen-con-rumbo-al-regional-de-mar-del-plata\/","title":{"rendered":"Comenz\u00f3 el certamen con rumbo al regional de Mar del Plata"},"content":{"rendered":"\n<p>No paran de latir los corazones en el complejo de la Brava. Se reanudaron las noches de buen f\u00fatbol y espect\u00e1culo del bueno. En el predio de la prolongaci\u00f3n de Avenida 29 se inici\u00f3 otro certamen, en donde en la noche del viernes, los conjuntos intervinientes arrancaron su camino hacia la gran obsesi\u00f3n, la de coronarse como grandes campeones, y sumar estrellas gloriosas a sus historiales.<\/p>\n\n\n\n<figure class=\"wp-block-image\"><img loading=\"lazy\" decoding=\"async\" width=\"1024\" height=\"768\" data-attachment-id=\"94831\" data-permalink=\"https:\/\/www.hoymercedes.com.ar\/principal\/2019\/06\/11\/comenzo-el-certamen-con-rumbo-al-regional-de-mar-del-plata\/zona-roja-jpg-1\/#main\" data-orig-file=\"https:\/\/www.hoymercedes.com.ar\/principal\/wp-content\/uploads\/2019\/06\/zona-roja.jpg-1.jpg\" data-orig-size=\"2080,1560\" data-comments-opened=\"0\" data-image-meta=\"{&quot;aperture&quot;:&quot;0&quot;,&quot;credit&quot;:&quot;&quot;,&quot;camera&quot;:&quot;&quot;,&quot;caption&quot;:&quot;&quot;,&quot;created_timestamp&quot;:&quot;0&quot;,&quot;copyright&quot;:&quot;&quot;,&quot;focal_length&quot;:&quot;0&quot;,&quot;iso&quot;:&quot;0&quot;,&quot;shutter_speed&quot;:&quot;0&quot;,&quot;title&quot;:&quot;&quot;,&quot;orientation&quot;:&quot;0&quot;}\" data-image-title=\"zona-roja.jpg-1\" data-image-description=\"\" data-image-caption=\"\" data-large-file=\"https:\/\/www.hoymercedes.com.ar\/principal\/wp-content\/uploads\/2019\/06\/zona-roja.jpg-1-1024x768.jpg\" src=\"https:\/\/www.hoymercedes.com.ar\/principal\/wp-content\/uploads\/2019\/06\/zona-roja.jpg-1-1024x768.jpg\" alt=\"\" class=\"wp-image-94831\" srcset=\"https:\/\/www.hoymercedes.com.ar\/principal\/wp-content\/uploads\/2019\/06\/zona-roja.jpg-1-1024x768.jpg 1024w, https:\/\/www.hoymercedes.com.ar\/principal\/wp-content\/uploads\/2019\/06\/zona-roja.jpg-1-150x113.jpg 150w, https:\/\/www.hoymercedes.com.ar\/principal\/wp-content\/uploads\/2019\/06\/zona-roja.jpg-1-630x473.jpg 630w, https:\/\/www.hoymercedes.com.ar\/principal\/wp-content\/uploads\/2019\/06\/zona-roja.jpg-1-320x240.jpg 320w, https:\/\/www.hoymercedes.com.ar\/principal\/wp-content\/uploads\/2019\/06\/zona-roja.jpg-1-100x75.jpg 100w\" sizes=\"auto, (max-width: 1024px) 100vw, 1024px\" \/><\/figure>\n\n\n\n<p>En uno de los primeros turnos, Zona Roja se bati\u00f3 a duelo frente a Ravello. Los de Zona Roja, con un plantel en el cual no estaban presentes todos sus jugadores, igualmente sali\u00f3 al verde c\u00e9sped a dar una justa pelea. Demostrando de los que son capaces, no le dio ninguna posibilidad a Ravello de adue\u00f1arse de la historia. El marcador final culmin\u00f3 10 a 4 a favor de Zona Roja. Nicol\u00e1s Loza fue la gran figura del conjunto, tras anotar siete de los diez goles, y demostrar toda su categor\u00eda a la hora de las definiciones, y m\u00e1s cuando las papas queman. En la otra cancha se midieron La 50 contra el Barrio San Mart\u00edn. En un ir y venir de ocasiones de goles, ninguno de los dos pudo quedarse con las tres benditas unidades, y se repartieron una por bando luego del 5 a 5 final.<\/p>\n\n\n\n<p>Deportivo Benedetti hizo valer el sub campeonato conseguido en el \u00faltimo torneo. Su victoria fue de 9 a 6 frente a Deportivo Paraguayo, en lo que fue una verdadera lluvia de goles. Jonathan Ullua ya comenz\u00f3 a hacer de las suyas y convirti\u00f3 cuatro de los goles en el triunfo de su team.<\/p>\n\n\n\n<p>En otro gran enfrentamiento, en donde los goles fueron y vinieron, y nunca se sab\u00eda para que lado iba a quedar la gloria, Los Pibes de Siempre sacaron a&nbsp;relucir su mejor versi\u00f3n futbol\u00edstica y derrotaron por 8 a 6 a Los Ftir\u00e1pteros, quienes lucharon hasta el final, pero quedaron a las puertas de la victoria.<\/p>\n\n\n\n<p>Tamo Activo, actual campe\u00f3n, quiere irse a la ciudad costera, y arranc\u00f3 con el pie derecho. Apabull\u00f3 9 a 3 a Ovodec F.C. Los tantos de Tamo Activo estuvieron repartidos entre sus grandes figuras. Por \u00faltimo, el intratable team de La Pesada F.C no fue menos que los dem\u00e1s, y le hizo seis goles a Ke Personajes, que solamente pudo anotar un gol para el descuento.<\/p>\n\n\n\n<p>La tabla de artilleros arranc\u00f3 al rojo vivo. Pasa la primera jornada futbol\u00edstica, Nicol\u00e1s Loza lidera con siete anotaciones en su haber. Al de Zona Roja lo sigue Nicol\u00e1s Paniagua de Los Pibes de Siempre con 5 tantos.<\/p>\n\n\n\n<p><strong>Resultados<br><\/strong>Ravello: 4 (Jon\u00e1s Lutteral 2, Ignacio Romero, \u00c1ngel Cisnero).<br>Zona Roja: 10 (Nicol\u00e1s Loza 7, Agust\u00edn Cat\u00f3lica 2, Maximiliano Arzani)<\/p>\n\n\n\n<p>La 50: 5 (Luis Giacoy 2, Maximiliano Mora, Facundo Ballesteros 2).<br>Barrio San Mart\u00edn: 5 (Maximiliano Lucero, Diego Maiorana 2, Nicol\u00e1s Montenegro)<\/p>\n\n\n\n<p>Deportivo Paraguayo: 6 (\u00c1ngel Quintana 3, Lucas Vargas, Juan Vargas 2).<br>Deportivo Benedetti: 9 (Mart\u00edn Acosta, Braian Moyano 2, Jonathan Ullua 4, Lucio Ojeda 2).<\/p>\n\n\n\n<p>Los Ftir\u00e1pteros: 6 (Agust\u00edn Blanco, Mat\u00edas Arzani 3, Ivan Lescano, Juan Siri).<br>Los Pibes de Siempre: 8 (Nicol\u00e1s Paniagua 5, Miguel Piriz, Camilo Torres 2).<\/p>\n\n\n\n<p>Tamo Activo: 9 (El\u00edas Mu\u00f1\u00f3z 2, Leonel Ayala 2, Diego Borjas 2, Juan Villalba 2, Lucas Nocetti).<br>Ovodec: 3 (Daniel Paj\u00f3n, Daniel Guzm\u00e1n 2).<\/p>\n\n\n\n<p>Ke Personajes: 1 (Carlos Cousse).<br>La Pesada FC: 6 (Braian Rojas, Juan Resqu\u00edn, Nicol\u00e1s Romero 3, Alejandro Carrera).<\/p>\n\n\n\n<div class=\"wp-block-image\"><figure class=\"aligncenter\"><img loading=\"lazy\" decoding=\"async\" width=\"357\" height=\"361\" data-attachment-id=\"94832\" data-permalink=\"https:\/\/www.hoymercedes.com.ar\/principal\/2019\/06\/11\/comenzo-el-certamen-con-rumbo-al-regional-de-mar-del-plata\/imagen-tabla-la-brava-villa-deportiva\/#main\" data-orig-file=\"https:\/\/www.hoymercedes.com.ar\/principal\/wp-content\/uploads\/2019\/06\/imagen-tabla-la-brava-villa-deportiva.png\" data-orig-size=\"357,361\" data-comments-opened=\"0\" data-image-meta=\"{&quot;aperture&quot;:&quot;0&quot;,&quot;credit&quot;:&quot;&quot;,&quot;camera&quot;:&quot;&quot;,&quot;caption&quot;:&quot;&quot;,&quot;created_timestamp&quot;:&quot;0&quot;,&quot;copyright&quot;:&quot;&quot;,&quot;focal_length&quot;:&quot;0&quot;,&quot;iso&quot;:&quot;0&quot;,&quot;shutter_speed&quot;:&quot;0&quot;,&quot;title&quot;:&quot;&quot;,&quot;orientation&quot;:&quot;0&quot;}\" data-image-title=\"imagen-tabla-la-brava-villa-deportiva\" data-image-description=\"\" data-image-caption=\"\" data-large-file=\"https:\/\/www.hoymercedes.com.ar\/principal\/wp-content\/uploads\/2019\/06\/imagen-tabla-la-brava-villa-deportiva.png\" src=\"https:\/\/www.hoymercedes.com.ar\/principal\/wp-content\/uploads\/2019\/06\/imagen-tabla-la-brava-villa-deportiva.png\" alt=\"\" class=\"wp-image-94832\" srcset=\"https:\/\/www.hoymercedes.com.ar\/principal\/wp-content\/uploads\/2019\/06\/imagen-tabla-la-brava-villa-deportiva.png 357w, https:\/\/www.hoymercedes.com.ar\/principal\/wp-content\/uploads\/2019\/06\/imagen-tabla-la-brava-villa-deportiva-148x150.png 148w, https:\/\/www.hoymercedes.com.ar\/principal\/wp-content\/uploads\/2019\/06\/imagen-tabla-la-brava-villa-deportiva-100x100.png 100w\" sizes=\"auto, (max-width: 357px) 100vw, 357px\" \/><\/figure><\/div>\n","protected":false},"excerpt":{"rendered":"<p>No paran de latir los corazones en el complejo de la Brava. Se reanudaron las noches de buen f\u00fatbol y &#8230; <a title=\"Comenz\u00f3 el certamen con rumbo al regional de Mar del Plata\" class=\"read-more\" href=\"https:\/\/www.hoymercedes.com.ar\/principal\/2019\/06\/11\/comenzo-el-certamen-con-rumbo-al-regional-de-mar-del-plata\/\" aria-label=\"Leer m\u00e1s sobre Comenz\u00f3 el certamen con rumbo al regional de Mar del Plata\">Leer m\u00e1s<\/a><\/p>\n","protected":false},"author":1,"featured_media":94831,"comment_status":"closed","ping_status":"open","sticky":false,"template":"","format":"standard","meta":{"_monsterinsights_skip_tracking":false,"_monsterinsights_sitenote_active":false,"_monsterinsights_sitenote_note":"","_monsterinsights_sitenote_category":0,"jetpack_post_was_ever_published":false,"_jetpack_newsletter_access":"","_jetpack_dont_email_post_to_subs":false,"_jetpack_newsletter_tier_id":0,"_jetpack_memberships_contains_paywalled_content":false,"_jetpack_memberships_contains_paid_content":false,"footnotes":"","jetpack_publicize_message":"","jetpack_publicize_feature_enabled":true,"jetpack_social_post_already_shared":true,"jetpack_social_options":{"image_generator_settings":{"template":"highway","default_image_id":0,"font":"","enabled":false},"version":2},"_wpas_customize_per_network":false},"categories":[21],"tags":[9819,1057],"class_list":["post-94830","post","type-post","status-publish","format-standard","has-post-thumbnail","hentry","category-deportes","tag-mar-del-plata","tag-regional","generate-columns","tablet-grid-50","mobile-grid-100","grid-parent","grid-50"],"jetpack_publicize_connections":[],"jetpack_featured_media_url":"https:\/\/www.hoymercedes.com.ar\/principal\/wp-content\/uploads\/2019\/06\/zona-roja.jpg-1.jpg","wps_subtitle":"","jetpack_sharing_enabled":true,"_links":{"self":[{"href":"https:\/\/www.hoymercedes.com.ar\/principal\/wp-json\/wp\/v2\/posts\/94830","targetHints":{"allow":["GET"]}}],"collection":[{"href":"https:\/\/www.hoymercedes.com.ar\/principal\/wp-json\/wp\/v2\/posts"}],"about":[{"href":"https:\/\/www.hoymercedes.com.ar\/principal\/wp-json\/wp\/v2\/types\/post"}],"author":[{"embeddable":true,"href":"https:\/\/www.hoymercedes.com.ar\/principal\/wp-json\/wp\/v2\/users\/1"}],"replies":[{"embeddable":true,"href":"https:\/\/www.hoymercedes.com.ar\/principal\/wp-json\/wp\/v2\/comments?post=94830"}],"version-history":[{"count":0,"href":"https:\/\/www.hoymercedes.com.ar\/principal\/wp-json\/wp\/v2\/posts\/94830\/revisions"}],"wp:featuredmedia":[{"embeddable":true,"href":"https:\/\/www.hoymercedes.com.ar\/principal\/wp-json\/wp\/v2\/media\/94831"}],"wp:attachment":[{"href":"https:\/\/www.hoymercedes.com.ar\/principal\/wp-json\/wp\/v2\/media?parent=94830"}],"wp:term":[{"taxonomy":"category","embeddable":true,"href":"https:\/\/www.hoymercedes.com.ar\/principal\/wp-json\/wp\/v2\/categories?post=94830"},{"taxonomy":"post_tag","embeddable":true,"href":"https:\/\/www.hoymercedes.com.ar\/principal\/wp-json\/wp\/v2\/tags?post=94830"}],"curies":[{"name":"wp","href":"https:\/\/api.w.org\/{rel}","templated":true}]}}