{"id":94845,"date":"2019-06-10T16:00:29","date_gmt":"2019-06-10T19:00:29","guid":{"rendered":"http:\/\/www.hoymercedes.com.ar\/principal\/?p=94845"},"modified":"2019-06-10T15:35:00","modified_gmt":"2019-06-10T18:35:00","slug":"allanamientos-simultaneos-por-drogas-en-mercedes","status":"publish","type":"post","link":"https:\/\/www.hoymercedes.com.ar\/principal\/2019\/06\/10\/allanamientos-simultaneos-por-drogas-en-mercedes\/","title":{"rendered":"Allanamientos simult\u00e1neos por drogas en Mercedes"},"content":{"rendered":"\n<p>En las \u00faltimas\nhoras del pasado jueves 6 de junio se llevaron a cabo tres allanamientos\nsimult\u00e1neos en domicilios de la ciudad de Mercedes. Ello en el marco de una\ninvestigaci\u00f3n por comercializaci\u00f3n de estupefacientes a instancias de&nbsp; la Ayudant\u00eda Fiscal Departamental Mercedes\nespecializada en estupefacientes a cargo del dr. Gabriel Courtade que solicit\u00f3\nla medida ante el Juzgado de Garant\u00edas N.\u00ba 2 y fue concedido.<\/p>\n\n\n\n<p>Los\nallanamientos, que estuvieron a cargo de la Delegaci\u00f3n Mercedes de\nInvestigaciones del Tr\u00e1fico de Drogas Il\u00edcitas en conjunto con la Polic\u00eda\nComunal de Mercedes , se realizaron en calles 32 entre 57 y 59, y en\ninmediaciones de calle 30 entre 61 y 63.<\/p>\n\n\n\n<p>La investigaci\u00f3n inici\u00f3 el 15 de marzo del corriente tras un llamado telef\u00f3nico an\u00f3nimo que daba cuenta de las maniobras de comercializaci\u00f3n de estupefacientes en la zona donde finalmente se desarrollaron los allanamientos. <\/p>\n\n\n\n<p>Tras ello, personal de la Delegaci\u00f3n Mercedes de Investigaciones del Trafico de Drogas Il\u00edcitas tuvo a cargo las tareas investigativas logrando recabar datos de inter\u00e9s, as\u00ed como identificar al sospechoso y la modalidad que resultaba ser compatibles con la comercializacin de sustancias estupefacientes \u201cal menudeo\u201d.<\/p>\n\n\n\n<p>En el marco de la\nmedida judicial se logr\u00f3 secuestrar cuatro frascos de vidrio con marihuana,\ndinero en efectivo y dem\u00e1s elementos de inter\u00e9s para la investigaci\u00f3n.<\/p>\n\n\n\n<p>Por estos hechos qued\u00f3 detenido un hombre de 29 a\u00f1os, imputado por \u201cTenencia de estupefacientes con fines de comercializaci\u00f3n\u201d, quien qued\u00f3\u00a0 alojado en dependencia penitenciaria.<\/p>\n\n\n\n<p>Fuente: Ministerio P\u00fablico Bonaerense del Departamento Judicial Mercedes<\/p>\n","protected":false},"excerpt":{"rendered":"<p>En las \u00faltimas horas del pasado jueves 6 de junio se llevaron a cabo tres allanamientos simult\u00e1neos en domicilios de &#8230; <a title=\"Allanamientos simult\u00e1neos por drogas en Mercedes\" class=\"read-more\" href=\"https:\/\/www.hoymercedes.com.ar\/principal\/2019\/06\/10\/allanamientos-simultaneos-por-drogas-en-mercedes\/\" aria-label=\"Leer m\u00e1s sobre Allanamientos simult\u00e1neos por drogas en Mercedes\">Leer m\u00e1s<\/a><\/p>\n","protected":false},"author":1,"featured_media":92785,"comment_status":"closed","ping_status":"open","sticky":false,"template":"","format":"standard","meta":{"_monsterinsights_skip_tracking":false,"_monsterinsights_sitenote_active":false,"_monsterinsights_sitenote_note":"","_monsterinsights_sitenote_category":0,"jetpack_post_was_ever_published":false,"_jetpack_newsletter_access":"","_jetpack_dont_email_post_to_subs":false,"_jetpack_newsletter_tier_id":0,"_jetpack_memberships_contains_paywalled_content":false,"_jetpack_memberships_contains_paid_content":false,"footnotes":"","jetpack_publicize_message":"","jetpack_publicize_feature_enabled":true,"jetpack_social_post_already_shared":true,"jetpack_social_options":{"image_generator_settings":{"template":"highway","default_image_id":0,"font":"","enabled":false},"version":2},"_wpas_customize_per_network":false},"categories":[85],"tags":[12006,3457],"class_list":["post-94845","post","type-post","status-publish","format-standard","has-post-thumbnail","hentry","category-policial","tag-ministerio-publico","tag-policiales","generate-columns","tablet-grid-50","mobile-grid-100","grid-parent","grid-50"],"jetpack_publicize_connections":[],"jetpack_featured_media_url":"https:\/\/www.hoymercedes.com.ar\/principal\/wp-content\/uploads\/2019\/05\/12-policia-patrulleros.jpg","wps_subtitle":"","jetpack_sharing_enabled":true,"_links":{"self":[{"href":"https:\/\/www.hoymercedes.com.ar\/principal\/wp-json\/wp\/v2\/posts\/94845","targetHints":{"allow":["GET"]}}],"collection":[{"href":"https:\/\/www.hoymercedes.com.ar\/principal\/wp-json\/wp\/v2\/posts"}],"about":[{"href":"https:\/\/www.hoymercedes.com.ar\/principal\/wp-json\/wp\/v2\/types\/post"}],"author":[{"embeddable":true,"href":"https:\/\/www.hoymercedes.com.ar\/principal\/wp-json\/wp\/v2\/users\/1"}],"replies":[{"embeddable":true,"href":"https:\/\/www.hoymercedes.com.ar\/principal\/wp-json\/wp\/v2\/comments?post=94845"}],"version-history":[{"count":0,"href":"https:\/\/www.hoymercedes.com.ar\/principal\/wp-json\/wp\/v2\/posts\/94845\/revisions"}],"wp:featuredmedia":[{"embeddable":true,"href":"https:\/\/www.hoymercedes.com.ar\/principal\/wp-json\/wp\/v2\/media\/92785"}],"wp:attachment":[{"href":"https:\/\/www.hoymercedes.com.ar\/principal\/wp-json\/wp\/v2\/media?parent=94845"}],"wp:term":[{"taxonomy":"category","embeddable":true,"href":"https:\/\/www.hoymercedes.com.ar\/principal\/wp-json\/wp\/v2\/categories?post=94845"},{"taxonomy":"post_tag","embeddable":true,"href":"https:\/\/www.hoymercedes.com.ar\/principal\/wp-json\/wp\/v2\/tags?post=94845"}],"curies":[{"name":"wp","href":"https:\/\/api.w.org\/{rel}","templated":true}]}}