{"id":94853,"date":"2019-06-10T18:39:50","date_gmt":"2019-06-10T21:39:50","guid":{"rendered":"http:\/\/www.hoymercedes.com.ar\/principal\/?p=94853"},"modified":"2019-06-10T16:22:57","modified_gmt":"2019-06-10T19:22:57","slug":"celebraron-los-dos-anos-del-programa-mil-dias","status":"publish","type":"post","link":"https:\/\/www.hoymercedes.com.ar\/principal\/2019\/06\/10\/celebraron-los-dos-anos-del-programa-mil-dias\/","title":{"rendered":"Celebraron los dos a\u00f1os del Programa Mil D\u00edas"},"content":{"rendered":"\n<p>En La Trocha miles de vecinos fueron parte de la celebraci\u00f3n de los 2 primeros a\u00f1os del Programa Primeros Mil D\u00edas. Hubo torta, inflables, sector primera infancia, kermesse,&nbsp;&nbsp;show de zumba gold y la presentaci\u00f3n de un nuevo sector de juegos did\u00e1cticos para los ni\u00f1os y ni\u00f1as. \u201cUn pueblo que trabaja en ni\u00f1ez e infancia genera una sociedad mejor, sigamos trabajando y acompa\u00f1ando este programa para que la ni\u00f1ez tenga cada vez m\u00e1s lugar, espacios, acompa\u00f1amientos, inversi\u00f3n y m\u00e1s amor por parte del pueblo\u201d expres\u00f3 el intendente Ustarroz.<\/p>\n\n\n\n<figure class=\"wp-block-image\"><img loading=\"lazy\" decoding=\"async\" width=\"750\" height=\"499\" data-attachment-id=\"94854\" data-permalink=\"https:\/\/www.hoymercedes.com.ar\/principal\/2019\/06\/10\/celebraron-los-dos-anos-del-programa-mil-dias\/10-mil-dias\/#main\" data-orig-file=\"https:\/\/www.hoymercedes.com.ar\/principal\/wp-content\/uploads\/2019\/06\/10-mil-dias.jpg\" data-orig-size=\"750,499\" data-comments-opened=\"0\" data-image-meta=\"{&quot;aperture&quot;:&quot;0&quot;,&quot;credit&quot;:&quot;&quot;,&quot;camera&quot;:&quot;&quot;,&quot;caption&quot;:&quot;&quot;,&quot;created_timestamp&quot;:&quot;0&quot;,&quot;copyright&quot;:&quot;&quot;,&quot;focal_length&quot;:&quot;0&quot;,&quot;iso&quot;:&quot;0&quot;,&quot;shutter_speed&quot;:&quot;0&quot;,&quot;title&quot;:&quot;&quot;,&quot;orientation&quot;:&quot;0&quot;}\" data-image-title=\"10 mil dias\" data-image-description=\"\" data-image-caption=\"\" data-large-file=\"https:\/\/www.hoymercedes.com.ar\/principal\/wp-content\/uploads\/2019\/06\/10-mil-dias.jpg\" src=\"https:\/\/www.hoymercedes.com.ar\/principal\/wp-content\/uploads\/2019\/06\/10-mil-dias.jpg\" alt=\"\" class=\"wp-image-94854\" srcset=\"https:\/\/www.hoymercedes.com.ar\/principal\/wp-content\/uploads\/2019\/06\/10-mil-dias.jpg 750w, https:\/\/www.hoymercedes.com.ar\/principal\/wp-content\/uploads\/2019\/06\/10-mil-dias-150x100.jpg 150w, https:\/\/www.hoymercedes.com.ar\/principal\/wp-content\/uploads\/2019\/06\/10-mil-dias-630x419.jpg 630w, https:\/\/www.hoymercedes.com.ar\/principal\/wp-content\/uploads\/2019\/06\/10-mil-dias-720x480.jpg 720w, https:\/\/www.hoymercedes.com.ar\/principal\/wp-content\/uploads\/2019\/06\/10-mil-dias-360x240.jpg 360w\" sizes=\"auto, (max-width: 750px) 100vw, 750px\" \/><\/figure>\n\n\n\n<p>\u201cEstamos muy contentos con esta celebraci\u00f3n de una acci\u00f3n que nos propuso el intendente Municipal que es el Programa Primeros Mil D\u00edas\u201d afirm\u00f3 el secretario de salud, Pablo Cassiani y coment\u00f3 que \u201cen una apuesta a 20 a\u00f1os, es la primera pol\u00edtica p\u00fablica pensada, planificada, orientada a 20 a\u00f1os y ya llevamos 2, lo que no significa en 18 a\u00f1os se termine, sino que ser\u00e1 un punto de evaluaci\u00f3n de los resultados de este programa que verdaderamente ha generado una mejora en nuestra ciudadan\u00eda\u201d<\/p>\n\n\n\n<p>Por su parte, Gabriela Olivella, directora de ni\u00f1ez, afirm\u00f3 que \u201cestamos muy contentos por esta fiesta, a la ve que sumamos nuevos juegos did\u00e1cticos que estimulan a los chicos, el volver a las construcciones nobles, como es la madera, la tela, y creemos que es un derecho el jugar y como ciudad tenemos que estimularlo, en contraposici\u00f3n muchas veces con las tecnolog\u00edas que un poco invaden a las familias y los chicos, por eso esta propuesta, junto a la kermesse y las actividades l\u00fadicas fomentan a que los chicos vean formas distintas\u201d remarc\u00f3 al costado del nuevo sector de juegos con maderas, telas, despertando el ingenio y promoviendo la socializaci\u00f3n.<\/p>\n\n\n\n<p>El intendente Ustarroz sostuvo que \u201cestamos muy alegres con el nivel de respuesta de los ni\u00f1os y ni\u00f1as en este sector que estamos inaugurando, donde la familia vienen, lo expresan, y adem\u00e1s de celebrar dos los a\u00f1os de este programa que es uno de los m\u00e1s importantes que tiene el municipio, siendo una pol\u00edtica pensada por la salud, la ni\u00f1ez y la inclusi\u00f3n\u201d<\/p>\n\n\n\n<p>M\u00e1s adelante coment\u00f3 respecto a los juegos incorporados que \u201clos hemos presentado en el d\u00eda de la fecha con un nivel de respuesta extraordinario, contraponiendo un modelo que impera en el mundo con las nuevas tecnolog\u00edas y retomando el espacio p\u00fablico, al encuentro de los ni\u00f1os con otros ni\u00f1os y j\u00f3venes, siendo algo que nos hace muy bien a todos, combin\u00e1ndolo con los inflables, la kermesse, con los profes de educaci\u00f3n f\u00edsica, con la cultura en los galpones, los artesanos, la pe\u00f1a, este es un lugar que la gente disfruta\u201d afirm\u00f3 para sostener que \u201cavanzamos en pol\u00edticas p\u00fablicas para la ni\u00f1ez y la familia, es lo central, y estamos muy contentos\u201d destac\u00f3 el jefe comunal.<\/p>\n\n\n\n<p>El programa asiste a las familias con eje en la ni\u00f1ez en t\u00e9rminos de salud, educaci\u00f3n, cultura, deporte, nutrici\u00f3n, soluciones habitacionales y solidaridad. Ha sido reconocido en todo el pa\u00eds como pol\u00edtica de Estado hacia la ni\u00f1ez y elevado por la Sociedad Argentina de Primera Infancia a UNICEF justamente por lo ejemplar de su cobertura y dimensi\u00f3n.<\/p>\n\n\n\n<p>La conmemoraci\u00f3n, que incluy\u00f3 muchos espacios para el encuentro familiar, tuvo tambi\u00e9n un feliz cumplea\u00f1os cantado por cientos de vecinos frente al escenario donde se reunieron todos los trabajadores del Programa y se cortaron varias tortas distribuidas entre los ni\u00f1os, ni\u00f1as y vecinos presentes. La fiesta, como se dice, tuvo todos los condimentos.<\/p>\n\n\n\n<p>Fuente: Prensa Municipal<\/p>\n","protected":false},"excerpt":{"rendered":"<p>En La Trocha miles de vecinos fueron parte de la celebraci\u00f3n de los 2 primeros a\u00f1os del Programa Primeros Mil &#8230; <a title=\"Celebraron los dos a\u00f1os del Programa Mil D\u00edas\" class=\"read-more\" href=\"https:\/\/www.hoymercedes.com.ar\/principal\/2019\/06\/10\/celebraron-los-dos-anos-del-programa-mil-dias\/\" aria-label=\"Leer m\u00e1s sobre Celebraron los dos a\u00f1os del Programa Mil D\u00edas\">Leer m\u00e1s<\/a><\/p>\n","protected":false},"author":1,"featured_media":94854,"comment_status":"closed","ping_status":"open","sticky":false,"template":"","format":"standard","meta":{"_monsterinsights_skip_tracking":false,"_monsterinsights_sitenote_active":false,"_monsterinsights_sitenote_note":"","_monsterinsights_sitenote_category":0,"jetpack_post_was_ever_published":false,"_jetpack_newsletter_access":"","_jetpack_dont_email_post_to_subs":false,"_jetpack_newsletter_tier_id":0,"_jetpack_memberships_contains_paywalled_content":false,"_jetpack_memberships_contains_paid_content":false,"footnotes":"","jetpack_publicize_message":"","jetpack_publicize_feature_enabled":true,"jetpack_social_post_already_shared":true,"jetpack_social_options":{"image_generator_settings":{"template":"highway","default_image_id":0,"font":"","enabled":false},"version":2},"_wpas_customize_per_network":false},"categories":[30],"tags":[244,11368,134],"class_list":["post-94853","post","type-post","status-publish","format-standard","has-post-thumbnail","hentry","category-municipio","tag-municipio-2","tag-programa-mil-dias","tag-salud","generate-columns","tablet-grid-50","mobile-grid-100","grid-parent","grid-50"],"jetpack_publicize_connections":[],"jetpack_featured_media_url":"https:\/\/www.hoymercedes.com.ar\/principal\/wp-content\/uploads\/2019\/06\/10-mil-dias.jpg","wps_subtitle":"","jetpack_sharing_enabled":true,"_links":{"self":[{"href":"https:\/\/www.hoymercedes.com.ar\/principal\/wp-json\/wp\/v2\/posts\/94853","targetHints":{"allow":["GET"]}}],"collection":[{"href":"https:\/\/www.hoymercedes.com.ar\/principal\/wp-json\/wp\/v2\/posts"}],"about":[{"href":"https:\/\/www.hoymercedes.com.ar\/principal\/wp-json\/wp\/v2\/types\/post"}],"author":[{"embeddable":true,"href":"https:\/\/www.hoymercedes.com.ar\/principal\/wp-json\/wp\/v2\/users\/1"}],"replies":[{"embeddable":true,"href":"https:\/\/www.hoymercedes.com.ar\/principal\/wp-json\/wp\/v2\/comments?post=94853"}],"version-history":[{"count":0,"href":"https:\/\/www.hoymercedes.com.ar\/principal\/wp-json\/wp\/v2\/posts\/94853\/revisions"}],"wp:featuredmedia":[{"embeddable":true,"href":"https:\/\/www.hoymercedes.com.ar\/principal\/wp-json\/wp\/v2\/media\/94854"}],"wp:attachment":[{"href":"https:\/\/www.hoymercedes.com.ar\/principal\/wp-json\/wp\/v2\/media?parent=94853"}],"wp:term":[{"taxonomy":"category","embeddable":true,"href":"https:\/\/www.hoymercedes.com.ar\/principal\/wp-json\/wp\/v2\/categories?post=94853"},{"taxonomy":"post_tag","embeddable":true,"href":"https:\/\/www.hoymercedes.com.ar\/principal\/wp-json\/wp\/v2\/tags?post=94853"}],"curies":[{"name":"wp","href":"https:\/\/api.w.org\/{rel}","templated":true}]}}