{"id":94902,"date":"2019-06-11T17:10:41","date_gmt":"2019-06-11T20:10:41","guid":{"rendered":"http:\/\/www.hoymercedes.com.ar\/principal\/?p=94902"},"modified":"2019-06-11T17:48:22","modified_gmt":"2019-06-11T20:48:22","slug":"comesana-renuncio-a-su-banca-en-el-concejo","status":"publish","type":"post","link":"https:\/\/www.hoymercedes.com.ar\/principal\/2019\/06\/11\/comesana-renuncio-a-su-banca-en-el-concejo\/","title":{"rendered":"Comesa\u00f1a renunci\u00f3 a su banca en el Concejo Deliberante"},"content":{"rendered":"\n<p>En la sesi\u00f3n de la noche del lunes, el m\u00e9dico Jos\u00e9 Mar\u00eda \u00abSes\u00f3n\u00bb Comesa\u00f1a confirm\u00f3 su renuncia a la banca asumida en diciembre de 2017 ya que ser\u00e1 el primero en la lista de candidatos para las elecciones del corriente a\u00f1o. En su exposici\u00f3n ante los legisladores asegur\u00f3 que no lo hac\u00eda por obligaci\u00f3n legal sino para acompa\u00f1ar a la candidata de Intendente del Frente Cambiemos durante la campa\u00f1a y los a\u00f1os de gobierno de ganar la elecci\u00f3n. <\/p>\n\n\n\n<figure class=\"wp-block-embed-youtube wp-block-embed is-type-video is-provider-youtube wp-embed-aspect-16-9 wp-has-aspect-ratio\"><div class=\"wp-block-embed__wrapper\">\n<span class=\"embed-youtube\" style=\"text-align:center; display: block;\"><iframe loading=\"lazy\" class=\"youtube-player\" width=\"1200\" height=\"675\" src=\"https:\/\/www.youtube.com\/embed\/14p97pea-eg?version=3&#038;rel=1&#038;showsearch=0&#038;showinfo=1&#038;iv_load_policy=1&#038;fs=1&#038;hl=es-ES&#038;autohide=2&#038;wmode=transparent\" allowfullscreen=\"true\" style=\"border:0;\" sandbox=\"allow-scripts allow-same-origin allow-popups allow-presentation allow-popups-to-escape-sandbox\"><\/iframe><\/span>\n<\/div><\/figure>\n\n\n\n<p>Los concejales de otros bloques aceptaron su renuncia pero fueron cr\u00edticos de los dichos por el doctor Comesa\u00f1a. Carlos Milhomme y Carlos Garro fueron los concejales que criticaron la postura defensiva del m\u00e9dico hacia los gobiernos de la provincia y la naci\u00f3n. <\/p>\n\n\n\n<p>Comesa\u00f1a encabez\u00f3 la lista de concejales de 2017. Por este puesto ser\u00e1 remplazado por Facundo Mozzone, joven militante de la Juventud Radical. <\/p>\n\n\n\n<p>Mientras tanto, el m\u00e9dico neumon\u00f3logo iniciar\u00e1 la campa\u00f1a del corriente a\u00f1o como primer candidato por la lista que el radicalismo presenta dentro del Frente Cambiemos. <\/p>\n","protected":false},"excerpt":{"rendered":"<p>En la sesi\u00f3n de la noche del lunes, el m\u00e9dico Jos\u00e9 Mar\u00eda \u00abSes\u00f3n\u00bb Comesa\u00f1a confirm\u00f3 su renuncia a la banca &#8230; <a title=\"Comesa\u00f1a renunci\u00f3 a su banca en el Concejo Deliberante\" class=\"read-more\" href=\"https:\/\/www.hoymercedes.com.ar\/principal\/2019\/06\/11\/comesana-renuncio-a-su-banca-en-el-concejo\/\" aria-label=\"Leer m\u00e1s sobre Comesa\u00f1a renunci\u00f3 a su banca en el Concejo Deliberante\">Leer m\u00e1s<\/a><\/p>\n","protected":false},"author":1,"featured_media":94903,"comment_status":"closed","ping_status":"open","sticky":false,"template":"","format":"standard","meta":{"_monsterinsights_skip_tracking":false,"_monsterinsights_sitenote_active":false,"_monsterinsights_sitenote_note":"","_monsterinsights_sitenote_category":0,"jetpack_post_was_ever_published":false,"_jetpack_newsletter_access":"","_jetpack_dont_email_post_to_subs":false,"_jetpack_newsletter_tier_id":0,"_jetpack_memberships_contains_paywalled_content":false,"_jetpack_memberships_contains_paid_content":false,"footnotes":"","jetpack_publicize_message":"","jetpack_publicize_feature_enabled":true,"jetpack_social_post_already_shared":true,"jetpack_social_options":{"image_generator_settings":{"template":"highway","default_image_id":0,"font":"","enabled":false},"version":2},"_wpas_customize_per_network":false},"categories":[5],"tags":[15,5319,15303,11671],"class_list":["post-94902","post","type-post","status-publish","format-standard","has-post-thumbnail","hentry","category-politica","tag-hcd","tag-politica-2","tag-renuncia-a-la-banca","tag-seson-comesana","generate-columns","tablet-grid-50","mobile-grid-100","grid-parent","grid-50"],"jetpack_publicize_connections":[],"jetpack_featured_media_url":"https:\/\/www.hoymercedes.com.ar\/principal\/wp-content\/uploads\/2019\/06\/11-comesa\u00f1a.jpg","wps_subtitle":"En la sesi\u00f3n del lunes \u00faltimo","jetpack_sharing_enabled":true,"_links":{"self":[{"href":"https:\/\/www.hoymercedes.com.ar\/principal\/wp-json\/wp\/v2\/posts\/94902","targetHints":{"allow":["GET"]}}],"collection":[{"href":"https:\/\/www.hoymercedes.com.ar\/principal\/wp-json\/wp\/v2\/posts"}],"about":[{"href":"https:\/\/www.hoymercedes.com.ar\/principal\/wp-json\/wp\/v2\/types\/post"}],"author":[{"embeddable":true,"href":"https:\/\/www.hoymercedes.com.ar\/principal\/wp-json\/wp\/v2\/users\/1"}],"replies":[{"embeddable":true,"href":"https:\/\/www.hoymercedes.com.ar\/principal\/wp-json\/wp\/v2\/comments?post=94902"}],"version-history":[{"count":0,"href":"https:\/\/www.hoymercedes.com.ar\/principal\/wp-json\/wp\/v2\/posts\/94902\/revisions"}],"wp:featuredmedia":[{"embeddable":true,"href":"https:\/\/www.hoymercedes.com.ar\/principal\/wp-json\/wp\/v2\/media\/94903"}],"wp:attachment":[{"href":"https:\/\/www.hoymercedes.com.ar\/principal\/wp-json\/wp\/v2\/media?parent=94902"}],"wp:term":[{"taxonomy":"category","embeddable":true,"href":"https:\/\/www.hoymercedes.com.ar\/principal\/wp-json\/wp\/v2\/categories?post=94902"},{"taxonomy":"post_tag","embeddable":true,"href":"https:\/\/www.hoymercedes.com.ar\/principal\/wp-json\/wp\/v2\/tags?post=94902"}],"curies":[{"name":"wp","href":"https:\/\/api.w.org\/{rel}","templated":true}]}}