{"id":94910,"date":"2019-06-11T18:50:45","date_gmt":"2019-06-11T21:50:45","guid":{"rendered":"http:\/\/www.hoymercedes.com.ar\/principal\/?p=94910"},"modified":"2019-06-11T17:48:04","modified_gmt":"2019-06-11T20:48:04","slug":"provincia-implementara-robotica-en-los-jardines-de-infantes","status":"publish","type":"post","link":"https:\/\/www.hoymercedes.com.ar\/principal\/2019\/06\/11\/provincia-implementara-robotica-en-los-jardines-de-infantes\/","title":{"rendered":"Provincia implementar\u00e1 rob\u00f3tica en los jardines de infantes"},"content":{"rendered":"\n<p>Durante la jornada de este martes, el gobierno provincial anunci\u00f3 el Plan Aprender Conectados para el nivel inicial que implicar\u00e1 la implementac\u00f3n de rob\u00f3tica y programaci\u00f3n para los ni\u00f1os y ni\u00f1as de los jardines de infantes. <\/p>\n\n\n\n<figure class=\"wp-block-image\"><img loading=\"lazy\" decoding=\"async\" width=\"750\" height=\"576\" data-attachment-id=\"94911\" data-permalink=\"https:\/\/www.hoymercedes.com.ar\/principal\/2019\/06\/11\/provincia-implementara-robotica-en-los-jardines-de-infantes\/11-provincia-robotica\/#main\" data-orig-file=\"https:\/\/www.hoymercedes.com.ar\/principal\/wp-content\/uploads\/2019\/06\/11-provincia-rob\u00f3tica.jpg\" data-orig-size=\"750,576\" data-comments-opened=\"0\" data-image-meta=\"{&quot;aperture&quot;:&quot;2.8&quot;,&quot;credit&quot;:&quot;Santiago GutierrezEguia&quot;,&quot;camera&quot;:&quot;NIKON D4&quot;,&quot;caption&quot;:&quot;&quot;,&quot;created_timestamp&quot;:&quot;1560243447&quot;,&quot;copyright&quot;:&quot;Foto:Gobiernacion Bs.As.&quot;,&quot;focal_length&quot;:&quot;44&quot;,&quot;iso&quot;:&quot;2500&quot;,&quot;shutter_speed&quot;:&quot;0.008&quot;,&quot;title&quot;:&quot;&quot;,&quot;orientation&quot;:&quot;0&quot;}\" data-image-title=\"11-provincia-rob\u00f3tica\" data-image-description=\"\" data-image-caption=\"\" data-large-file=\"https:\/\/www.hoymercedes.com.ar\/principal\/wp-content\/uploads\/2019\/06\/11-provincia-rob\u00f3tica.jpg\" src=\"https:\/\/www.hoymercedes.com.ar\/principal\/wp-content\/uploads\/2019\/06\/11-provincia-rob\u00f3tica.jpg\" alt=\"\" class=\"wp-image-94911\" srcset=\"https:\/\/www.hoymercedes.com.ar\/principal\/wp-content\/uploads\/2019\/06\/11-provincia-rob\u00f3tica.jpg 750w, https:\/\/www.hoymercedes.com.ar\/principal\/wp-content\/uploads\/2019\/06\/11-provincia-rob\u00f3tica-150x115.jpg 150w, https:\/\/www.hoymercedes.com.ar\/principal\/wp-content\/uploads\/2019\/06\/11-provincia-rob\u00f3tica-630x484.jpg 630w, https:\/\/www.hoymercedes.com.ar\/principal\/wp-content\/uploads\/2019\/06\/11-provincia-rob\u00f3tica-520x400.jpg 520w\" sizes=\"auto, (max-width: 750px) 100vw, 750px\" \/><\/figure>\n\n\n\n<p>\u201cEste plan <strong>&#8211; <\/strong>Plan Aprender Conectados &#8211; incluye que todas las escuelas p\u00fablicas y todos los jardines de infantes de la provincia de Buenos Aires van a tener rob\u00f3tica y programaci\u00f3n. Es un paso in\u00e9dito en la Argentina y en muchos pa\u00edses de la regi\u00f3n\u201d, expres\u00f3 la gobernadora Mar\u00eda Eugenia Vidal en su anuncio. <\/p>\n\n\n\n<p>\u201cDesde la provincia empezamos con las escuelas primarias, hoy hay 2.400 que est\u00e1n trabajando con rob\u00f3tica en 5\u00ba y 6\u00ba a\u00f1o con m\u00e1s de 18 mil kits distribuidos y miles de docentes capacitados. Ya hay 150 jardines en la provincia que tambi\u00e9n empezaron a trabajar con rob\u00f3tica y programaci\u00f3n. Y cuando termine esta gesti\u00f3n, el 70% de las escuelas p\u00fablicas de la provincia van a estar conectadas a internet\u201d, agreg\u00f3.\u00a0\u00a0<\/p>\n\n\n\n<p>De acuerdo a la explicado en la presentaci\u00f3n, el Plan contempla el equipamiento tecnol\u00f3gico de los establecimientos educativos estatales y contenidos did\u00e1cticos que incluyen 2.000 recursos innovadores de ense\u00f1anza para el aula. El equipamiento tecnol\u00f3gico incluye un Aula Digital M\u00f3vil con: kits de rob\u00f3tica, proyector, tabletas, pizarra digital, etc. Ya cuentan con este aula 150 jardines de 15 municipios del territorio bonaerense.<\/p>\n\n\n\n<p>Fuente: Secretar\u00eda de Medios provincia de Buenos Aires<\/p>\n","protected":false},"excerpt":{"rendered":"<p>Durante la jornada de este martes, el gobierno provincial anunci\u00f3 el Plan Aprender Conectados para el nivel inicial que implicar\u00e1 &#8230; <a title=\"Provincia implementar\u00e1 rob\u00f3tica en los jardines de infantes\" class=\"read-more\" href=\"https:\/\/www.hoymercedes.com.ar\/principal\/2019\/06\/11\/provincia-implementara-robotica-en-los-jardines-de-infantes\/\" aria-label=\"Leer m\u00e1s sobre Provincia implementar\u00e1 rob\u00f3tica en los jardines de infantes\">Leer m\u00e1s<\/a><\/p>\n","protected":false},"author":1,"featured_media":94911,"comment_status":"closed","ping_status":"open","sticky":false,"template":"","format":"standard","meta":{"_monsterinsights_skip_tracking":false,"_monsterinsights_sitenote_active":false,"_monsterinsights_sitenote_note":"","_monsterinsights_sitenote_category":0,"jetpack_post_was_ever_published":false,"_jetpack_newsletter_access":"","_jetpack_dont_email_post_to_subs":false,"_jetpack_newsletter_tier_id":0,"_jetpack_memberships_contains_paywalled_content":false,"_jetpack_memberships_contains_paid_content":false,"footnotes":"","jetpack_publicize_message":"","jetpack_publicize_feature_enabled":true,"jetpack_social_post_already_shared":true,"jetpack_social_options":{"image_generator_settings":{"template":"highway","default_image_id":0,"font":"","enabled":false},"version":2},"_wpas_customize_per_network":false},"categories":[8881],"tags":[47,11754,1803,15193],"class_list":["post-94910","post","type-post","status-publish","format-standard","has-post-thumbnail","hentry","category-provincia","tag-educacion-2","tag-jardines-de-infantes","tag-provincia","tag-robotica","generate-columns","tablet-grid-50","mobile-grid-100","grid-parent","grid-50"],"jetpack_publicize_connections":[],"jetpack_featured_media_url":"https:\/\/www.hoymercedes.com.ar\/principal\/wp-content\/uploads\/2019\/06\/11-provincia-rob\u00f3tica.jpg","wps_subtitle":"","jetpack_sharing_enabled":true,"_links":{"self":[{"href":"https:\/\/www.hoymercedes.com.ar\/principal\/wp-json\/wp\/v2\/posts\/94910","targetHints":{"allow":["GET"]}}],"collection":[{"href":"https:\/\/www.hoymercedes.com.ar\/principal\/wp-json\/wp\/v2\/posts"}],"about":[{"href":"https:\/\/www.hoymercedes.com.ar\/principal\/wp-json\/wp\/v2\/types\/post"}],"author":[{"embeddable":true,"href":"https:\/\/www.hoymercedes.com.ar\/principal\/wp-json\/wp\/v2\/users\/1"}],"replies":[{"embeddable":true,"href":"https:\/\/www.hoymercedes.com.ar\/principal\/wp-json\/wp\/v2\/comments?post=94910"}],"version-history":[{"count":0,"href":"https:\/\/www.hoymercedes.com.ar\/principal\/wp-json\/wp\/v2\/posts\/94910\/revisions"}],"wp:featuredmedia":[{"embeddable":true,"href":"https:\/\/www.hoymercedes.com.ar\/principal\/wp-json\/wp\/v2\/media\/94911"}],"wp:attachment":[{"href":"https:\/\/www.hoymercedes.com.ar\/principal\/wp-json\/wp\/v2\/media?parent=94910"}],"wp:term":[{"taxonomy":"category","embeddable":true,"href":"https:\/\/www.hoymercedes.com.ar\/principal\/wp-json\/wp\/v2\/categories?post=94910"},{"taxonomy":"post_tag","embeddable":true,"href":"https:\/\/www.hoymercedes.com.ar\/principal\/wp-json\/wp\/v2\/tags?post=94910"}],"curies":[{"name":"wp","href":"https:\/\/api.w.org\/{rel}","templated":true}]}}