{"id":94918,"date":"2019-06-11T19:30:50","date_gmt":"2019-06-11T22:30:50","guid":{"rendered":"http:\/\/www.hoymercedes.com.ar\/principal\/?p=94918"},"modified":"2019-06-11T18:10:55","modified_gmt":"2019-06-11T21:10:55","slug":"jovenes-mercedinos-participaron-de-la-escuela-va-a-los-juicios","status":"publish","type":"post","link":"https:\/\/www.hoymercedes.com.ar\/principal\/2019\/06\/11\/jovenes-mercedinos-participaron-de-la-escuela-va-a-los-juicios\/","title":{"rendered":"J\u00f3venes mercedinos participaron de \u00abLa Escuela va a los juicios\u00bb"},"content":{"rendered":"\n<p>Los j\u00f3venes que participan del Programa Envi\u00f3n estuvieron presentes en el programa \u00abLa Escuela va a los juicios\u00bb, una iniciativa que se lleva adelante en el Espacio Memoria y Derechos Humanos dentro de la ex-ESMA<\/p>\n\n\n\n<figure class=\"wp-block-image\"><img loading=\"lazy\" decoding=\"async\" width=\"778\" height=\"518\" data-attachment-id=\"94919\" data-permalink=\"https:\/\/www.hoymercedes.com.ar\/principal\/2019\/06\/11\/jovenes-mercedinos-participaron-de-la-escuela-va-a-los-juicios\/11-envion-esma\/#main\" data-orig-file=\"https:\/\/www.hoymercedes.com.ar\/principal\/wp-content\/uploads\/2019\/06\/11-envion-esma.jpeg\" data-orig-size=\"778,518\" data-comments-opened=\"0\" data-image-meta=\"{&quot;aperture&quot;:&quot;0&quot;,&quot;credit&quot;:&quot;&quot;,&quot;camera&quot;:&quot;&quot;,&quot;caption&quot;:&quot;&quot;,&quot;created_timestamp&quot;:&quot;0&quot;,&quot;copyright&quot;:&quot;&quot;,&quot;focal_length&quot;:&quot;0&quot;,&quot;iso&quot;:&quot;0&quot;,&quot;shutter_speed&quot;:&quot;0&quot;,&quot;title&quot;:&quot;&quot;,&quot;orientation&quot;:&quot;0&quot;}\" data-image-title=\"11 envion esma\" data-image-description=\"\" data-image-caption=\"\" data-large-file=\"https:\/\/www.hoymercedes.com.ar\/principal\/wp-content\/uploads\/2019\/06\/11-envion-esma.jpeg\" src=\"https:\/\/www.hoymercedes.com.ar\/principal\/wp-content\/uploads\/2019\/06\/11-envion-esma.jpeg\" alt=\"\" class=\"wp-image-94919\" srcset=\"https:\/\/www.hoymercedes.com.ar\/principal\/wp-content\/uploads\/2019\/06\/11-envion-esma.jpeg 778w, https:\/\/www.hoymercedes.com.ar\/principal\/wp-content\/uploads\/2019\/06\/11-envion-esma-150x100.jpeg 150w, https:\/\/www.hoymercedes.com.ar\/principal\/wp-content\/uploads\/2019\/06\/11-envion-esma-630x419.jpeg 630w, https:\/\/www.hoymercedes.com.ar\/principal\/wp-content\/uploads\/2019\/06\/11-envion-esma-720x480.jpeg 720w, https:\/\/www.hoymercedes.com.ar\/principal\/wp-content\/uploads\/2019\/06\/11-envion-esma-360x240.jpeg 360w\" sizes=\"auto, (max-width: 778px) 100vw, 778px\" \/><\/figure>\n\n\n\n<p>El\u00a0proyecto \u201cLa escuela va los juicios\u201d tiene como objetivo promover en el \u00e1mbito educativo la reflexi\u00f3n acerca del proceso hist\u00f3rico, social y pol\u00edtico en el cual se enmarcan los actuales juicios por cr\u00edmenes de lesa humanidad. Algo fundamental en el sostenimiento de las pol\u00edticas de Memoria, Verdad y Justicia implementadas en nuestro pa\u00eds.<\/p>\n\n\n\n<p>All\u00ed se apela a la participaci\u00f3n de los j\u00f3venes en audiencias orales y p\u00fablicas en distintos juicios por cr\u00edmenes de lesa humanidad cometidos durante la \u00faltima dictadura c\u00edvico militar.<\/p>\n\n\n\n<p><\/p>\n","protected":false},"excerpt":{"rendered":"<p>Los j\u00f3venes que participan del Programa Envi\u00f3n estuvieron presentes en el programa \u00abLa Escuela va a los juicios\u00bb, una iniciativa &#8230; <a title=\"J\u00f3venes mercedinos participaron de \u00abLa Escuela va a los juicios\u00bb\" class=\"read-more\" href=\"https:\/\/www.hoymercedes.com.ar\/principal\/2019\/06\/11\/jovenes-mercedinos-participaron-de-la-escuela-va-a-los-juicios\/\" aria-label=\"Leer m\u00e1s sobre J\u00f3venes mercedinos participaron de \u00abLa Escuela va a los juicios\u00bb\">Leer m\u00e1s<\/a><\/p>\n","protected":false},"author":1,"featured_media":94919,"comment_status":"closed","ping_status":"open","sticky":false,"template":"","format":"standard","meta":{"_monsterinsights_skip_tracking":false,"_monsterinsights_sitenote_active":false,"_monsterinsights_sitenote_note":"","_monsterinsights_sitenote_category":0,"jetpack_post_was_ever_published":false,"_jetpack_newsletter_access":"","_jetpack_dont_email_post_to_subs":false,"_jetpack_newsletter_tier_id":0,"_jetpack_memberships_contains_paywalled_content":false,"_jetpack_memberships_contains_paid_content":false,"footnotes":"","jetpack_publicize_message":"","jetpack_publicize_feature_enabled":true,"jetpack_social_post_already_shared":true,"jetpack_social_options":{"image_generator_settings":{"template":"highway","default_image_id":0,"font":"","enabled":false},"version":2},"_wpas_customize_per_network":false},"categories":[30],"tags":[10917,244,406],"class_list":["post-94918","post","type-post","status-publish","format-standard","has-post-thumbnail","hentry","category-municipio","tag-ex-esma","tag-municipio-2","tag-programa-envion","generate-columns","tablet-grid-50","mobile-grid-100","grid-parent","grid-50"],"jetpack_publicize_connections":[],"jetpack_featured_media_url":"https:\/\/www.hoymercedes.com.ar\/principal\/wp-content\/uploads\/2019\/06\/11-envion-esma.jpeg","wps_subtitle":"","jetpack_sharing_enabled":true,"_links":{"self":[{"href":"https:\/\/www.hoymercedes.com.ar\/principal\/wp-json\/wp\/v2\/posts\/94918","targetHints":{"allow":["GET"]}}],"collection":[{"href":"https:\/\/www.hoymercedes.com.ar\/principal\/wp-json\/wp\/v2\/posts"}],"about":[{"href":"https:\/\/www.hoymercedes.com.ar\/principal\/wp-json\/wp\/v2\/types\/post"}],"author":[{"embeddable":true,"href":"https:\/\/www.hoymercedes.com.ar\/principal\/wp-json\/wp\/v2\/users\/1"}],"replies":[{"embeddable":true,"href":"https:\/\/www.hoymercedes.com.ar\/principal\/wp-json\/wp\/v2\/comments?post=94918"}],"version-history":[{"count":0,"href":"https:\/\/www.hoymercedes.com.ar\/principal\/wp-json\/wp\/v2\/posts\/94918\/revisions"}],"wp:featuredmedia":[{"embeddable":true,"href":"https:\/\/www.hoymercedes.com.ar\/principal\/wp-json\/wp\/v2\/media\/94919"}],"wp:attachment":[{"href":"https:\/\/www.hoymercedes.com.ar\/principal\/wp-json\/wp\/v2\/media?parent=94918"}],"wp:term":[{"taxonomy":"category","embeddable":true,"href":"https:\/\/www.hoymercedes.com.ar\/principal\/wp-json\/wp\/v2\/categories?post=94918"},{"taxonomy":"post_tag","embeddable":true,"href":"https:\/\/www.hoymercedes.com.ar\/principal\/wp-json\/wp\/v2\/tags?post=94918"}],"curies":[{"name":"wp","href":"https:\/\/api.w.org\/{rel}","templated":true}]}}