{"id":94925,"date":"2019-06-12T10:32:16","date_gmt":"2019-06-12T13:32:16","guid":{"rendered":"http:\/\/www.hoymercedes.com.ar\/principal\/?p=94925"},"modified":"2019-06-12T20:46:11","modified_gmt":"2019-06-12T23:46:11","slug":"ultimos-dias-para-presentar-las-obras-para-el-salon-de-pinturas","status":"publish","type":"post","link":"https:\/\/www.hoymercedes.com.ar\/principal\/2019\/06\/12\/ultimos-dias-para-presentar-las-obras-para-el-salon-de-pinturas\/","title":{"rendered":"\u00daltimos d\u00edas para presentar las obras para el Sal\u00f3n de Pinturas"},"content":{"rendered":"\n<p>Hasta el domingo 16 de junio corre el plazo para que los artistas pl\u00e1sticos presenten los cuadros que busquen ser premiados en el 16\u00b0 Sal\u00f3n Anual de Pintura \u00abCiudad de Mercedes\u00bb. <\/p>\n\n\n\n<p>Recordamos que este a\u00f1o premios y menciones que se otorgan son importantes a nivel monetario. Habr\u00e1 un 1\u00b0 Premio de $18.000, 2\u00b0 Premio de $13.000, Premio Local de $20.000, Premio Est\u00edmulo de $10.000 (para artistas locales de 18 a 35 a\u00f1os), adem\u00e1s de medallas y diplomas para el 3\u00b0 Premio y Menciones Especiales del jurado.<\/p>\n\n\n\n<p>La recepci\u00f3n de obras ser\u00e1 en el mismo Museo, ubicado en calle 23 N\u00b0 383 Mercedes (B), en los horarios habituales de atenci\u00f3n al p\u00fablico: martes a viernes de 8 a 18 hs, s\u00e1bados y domingos de 16 a 20 hs.<\/p>\n\n\n\n<p>El reglamento del Sal\u00f3n podr\u00e1 obtenerse solicitando una copia en el Museo o podr\u00e1 consultarse a trav\u00e9s de la fanpage del MAMM en Facebook (Museo de Arte Mercedes).<\/p>\n\n\n\n<p><\/p>\n","protected":false},"excerpt":{"rendered":"<p>Hasta el domingo 16 de junio corre el plazo para que los artistas pl\u00e1sticos presenten los cuadros que busquen ser &#8230; <a title=\"\u00daltimos d\u00edas para presentar las obras para el Sal\u00f3n de Pinturas\" class=\"read-more\" href=\"https:\/\/www.hoymercedes.com.ar\/principal\/2019\/06\/12\/ultimos-dias-para-presentar-las-obras-para-el-salon-de-pinturas\/\" aria-label=\"Leer m\u00e1s sobre \u00daltimos d\u00edas para presentar las obras para el Sal\u00f3n de Pinturas\">Leer m\u00e1s<\/a><\/p>\n","protected":false},"author":1,"featured_media":92073,"comment_status":"closed","ping_status":"open","sticky":false,"template":"","format":"standard","meta":{"_monsterinsights_skip_tracking":false,"_monsterinsights_sitenote_active":false,"_monsterinsights_sitenote_note":"","_monsterinsights_sitenote_category":0,"jetpack_post_was_ever_published":false,"_jetpack_newsletter_access":"","_jetpack_dont_email_post_to_subs":false,"_jetpack_newsletter_tier_id":0,"_jetpack_memberships_contains_paywalled_content":false,"_jetpack_memberships_contains_paid_content":false,"footnotes":"","jetpack_publicize_message":"","jetpack_publicize_feature_enabled":true,"jetpack_social_post_already_shared":true,"jetpack_social_options":{"image_generator_settings":{"template":"highway","default_image_id":0,"font":"","enabled":false},"version":2},"_wpas_customize_per_network":false},"categories":[104],"tags":[7805,15315,8674,565,970],"class_list":["post-94925","post","type-post","status-publish","format-standard","has-post-thumbnail","hentry","category-cultura","tag-cultura","tag-entrega","tag-mamm","tag-premios","tag-salon-de-pintura","generate-columns","tablet-grid-50","mobile-grid-100","grid-parent","grid-50"],"jetpack_publicize_connections":[],"jetpack_featured_media_url":"https:\/\/www.hoymercedes.com.ar\/principal\/wp-content\/uploads\/2019\/04\/29-Sal\u00f3n-de-Pintura.jpeg","wps_subtitle":"","jetpack_sharing_enabled":true,"_links":{"self":[{"href":"https:\/\/www.hoymercedes.com.ar\/principal\/wp-json\/wp\/v2\/posts\/94925","targetHints":{"allow":["GET"]}}],"collection":[{"href":"https:\/\/www.hoymercedes.com.ar\/principal\/wp-json\/wp\/v2\/posts"}],"about":[{"href":"https:\/\/www.hoymercedes.com.ar\/principal\/wp-json\/wp\/v2\/types\/post"}],"author":[{"embeddable":true,"href":"https:\/\/www.hoymercedes.com.ar\/principal\/wp-json\/wp\/v2\/users\/1"}],"replies":[{"embeddable":true,"href":"https:\/\/www.hoymercedes.com.ar\/principal\/wp-json\/wp\/v2\/comments?post=94925"}],"version-history":[{"count":0,"href":"https:\/\/www.hoymercedes.com.ar\/principal\/wp-json\/wp\/v2\/posts\/94925\/revisions"}],"wp:featuredmedia":[{"embeddable":true,"href":"https:\/\/www.hoymercedes.com.ar\/principal\/wp-json\/wp\/v2\/media\/92073"}],"wp:attachment":[{"href":"https:\/\/www.hoymercedes.com.ar\/principal\/wp-json\/wp\/v2\/media?parent=94925"}],"wp:term":[{"taxonomy":"category","embeddable":true,"href":"https:\/\/www.hoymercedes.com.ar\/principal\/wp-json\/wp\/v2\/categories?post=94925"},{"taxonomy":"post_tag","embeddable":true,"href":"https:\/\/www.hoymercedes.com.ar\/principal\/wp-json\/wp\/v2\/tags?post=94925"}],"curies":[{"name":"wp","href":"https:\/\/api.w.org\/{rel}","templated":true}]}}