{"id":94927,"date":"2019-06-12T14:18:33","date_gmt":"2019-06-12T17:18:33","guid":{"rendered":"http:\/\/www.hoymercedes.com.ar\/principal\/?p=94927"},"modified":"2019-06-12T18:10:22","modified_gmt":"2019-06-12T21:10:22","slug":"festejos-por-el-primer-ano-de-la-cultural-dumer","status":"publish","type":"post","link":"https:\/\/www.hoymercedes.com.ar\/principal\/2019\/06\/12\/festejos-por-el-primer-ano-de-la-cultural-dumer\/","title":{"rendered":"Festejos por el primer a\u00f1o de La Cultural Dumer"},"content":{"rendered":"\n<p>Hace un a\u00f1o atr\u00e1s nac\u00eda un espacio s\u00f3lo para locos (y locas), La Cultural Dumer. Un galp\u00f3n de distribuci\u00f3n de bebidas transformado en proveedor de cultura, arte y calor de hogar para los que se animan y nos animan con propuestas y proyectos.<\/p>\n\n\n\n<p>Un a\u00f1o donde este nuevo escenario vi\u00f3 pasar a m\u00fasicos, actores, diferentes intervenciones; artistas mercedinos y nacionales.  Un escenario que poco a poco se fue vistiendo de energ\u00edas diversas, nuevas o no tanto pero siempre renovadoras. <\/p>\n\n\n\n<p>Hoy aquel proyecto de encender un faro de cultura independiente en la ciudad de Mercedes, llevado adelante por un grupo de amigos provenientes del \u00e1mbito art\u00edstico de la ciudad, enciende el fuego de la celebraci\u00f3n. Propone festejar y agradecer a todas y cada una de las participaciones colectivas, individuales, personales y grupales as\u00ed como el apoyo de cada uno de los que disfrutan como un \u2018Dumero\u2019 m\u00e1s: el p\u00fablico que participa e interviene desde el goce de festejar la vida a trav\u00e9s del arte.<\/p>\n\n\n\n<p>El s\u00e1bado 15 de junio, a partir de las 21hs, con entrada gratuita comienza el show del primer a\u00f1o. <\/p>\n\n\n\n<p>Artistas confirmados:<br> Delfina Canessa junto a Marina Cabral<br> Virginia Altube con Marilina Erramuspe y Mariel Solari<br> Sebastian Rojas Yas tr\u00edo<br> Rulo Godar (versi\u00f3n solista)<br> Botija Mujica<br> Cumbar\u00e1 Candombe<br> Muestra de fotos de Claudio Andres Kajtek <br> Intervenci\u00f3n art\u00edstica de Luciana Aguiar<br> Lecturas sorpresas.<\/p>\n","protected":false},"excerpt":{"rendered":"<p>Hace un a\u00f1o atr\u00e1s nac\u00eda un espacio s\u00f3lo para locos (y locas), La Cultural Dumer. Un galp\u00f3n de distribuci\u00f3n de &#8230; <a title=\"Festejos por el primer a\u00f1o de La Cultural Dumer\" class=\"read-more\" href=\"https:\/\/www.hoymercedes.com.ar\/principal\/2019\/06\/12\/festejos-por-el-primer-ano-de-la-cultural-dumer\/\" aria-label=\"Leer m\u00e1s sobre Festejos por el primer a\u00f1o de La Cultural Dumer\">Leer m\u00e1s<\/a><\/p>\n","protected":false},"author":1,"featured_media":94928,"comment_status":"closed","ping_status":"open","sticky":false,"template":"","format":"standard","meta":{"_monsterinsights_skip_tracking":false,"_monsterinsights_sitenote_active":false,"_monsterinsights_sitenote_note":"","_monsterinsights_sitenote_category":0,"jetpack_post_was_ever_published":false,"_jetpack_newsletter_access":"","_jetpack_dont_email_post_to_subs":false,"_jetpack_newsletter_tier_id":0,"_jetpack_memberships_contains_paywalled_content":false,"_jetpack_memberships_contains_paid_content":false,"footnotes":"","jetpack_publicize_message":"","jetpack_publicize_feature_enabled":true,"jetpack_social_post_already_shared":true,"jetpack_social_options":{"image_generator_settings":{"template":"highway","default_image_id":0,"font":"","enabled":false},"version":2},"_wpas_customize_per_network":false},"categories":[104],"tags":[8829,7805,13248],"class_list":["post-94927","post","type-post","status-publish","format-standard","has-post-thumbnail","hentry","category-cultura","tag-aniversario","tag-cultura","tag-la-cultural-dumer","generate-columns","tablet-grid-50","mobile-grid-100","grid-parent","grid-50"],"jetpack_publicize_connections":[],"jetpack_featured_media_url":"https:\/\/www.hoymercedes.com.ar\/principal\/wp-content\/uploads\/2019\/06\/12-dumer087.jpg","wps_subtitle":"","jetpack_sharing_enabled":true,"_links":{"self":[{"href":"https:\/\/www.hoymercedes.com.ar\/principal\/wp-json\/wp\/v2\/posts\/94927","targetHints":{"allow":["GET"]}}],"collection":[{"href":"https:\/\/www.hoymercedes.com.ar\/principal\/wp-json\/wp\/v2\/posts"}],"about":[{"href":"https:\/\/www.hoymercedes.com.ar\/principal\/wp-json\/wp\/v2\/types\/post"}],"author":[{"embeddable":true,"href":"https:\/\/www.hoymercedes.com.ar\/principal\/wp-json\/wp\/v2\/users\/1"}],"replies":[{"embeddable":true,"href":"https:\/\/www.hoymercedes.com.ar\/principal\/wp-json\/wp\/v2\/comments?post=94927"}],"version-history":[{"count":0,"href":"https:\/\/www.hoymercedes.com.ar\/principal\/wp-json\/wp\/v2\/posts\/94927\/revisions"}],"wp:featuredmedia":[{"embeddable":true,"href":"https:\/\/www.hoymercedes.com.ar\/principal\/wp-json\/wp\/v2\/media\/94928"}],"wp:attachment":[{"href":"https:\/\/www.hoymercedes.com.ar\/principal\/wp-json\/wp\/v2\/media?parent=94927"}],"wp:term":[{"taxonomy":"category","embeddable":true,"href":"https:\/\/www.hoymercedes.com.ar\/principal\/wp-json\/wp\/v2\/categories?post=94927"},{"taxonomy":"post_tag","embeddable":true,"href":"https:\/\/www.hoymercedes.com.ar\/principal\/wp-json\/wp\/v2\/tags?post=94927"}],"curies":[{"name":"wp","href":"https:\/\/api.w.org\/{rel}","templated":true}]}}