{"id":94934,"date":"2019-06-12T16:55:15","date_gmt":"2019-06-12T19:55:15","guid":{"rendered":"http:\/\/www.hoymercedes.com.ar\/principal\/?p=94934"},"modified":"2019-06-12T18:10:01","modified_gmt":"2019-06-12T21:10:01","slug":"elecciones-2019-la-defensoria-monitoreara-el-cumplimiento-de-la-paridad-de-genero","status":"publish","type":"post","link":"https:\/\/www.hoymercedes.com.ar\/principal\/2019\/06\/12\/elecciones-2019-la-defensoria-monitoreara-el-cumplimiento-de-la-paridad-de-genero\/","title":{"rendered":"Elecciones 2019: la Defensor\u00eda monitorear\u00e1 el cumplimiento de la paridad de g\u00e9nero"},"content":{"rendered":"\n<p><em>En todos los distritos de la provincia de Buenos Aires y en el marco del programa Veedoras<\/em>.<\/p>\n\n\n\n<figure class=\"wp-block-image\"><img loading=\"lazy\" decoding=\"async\" width=\"800\" height=\"450\" data-attachment-id=\"94935\" data-permalink=\"https:\/\/www.hoymercedes.com.ar\/principal\/2019\/06\/12\/elecciones-2019-la-defensoria-monitoreara-el-cumplimiento-de-la-paridad-de-genero\/12-defensor-50\/#main\" data-orig-file=\"https:\/\/www.hoymercedes.com.ar\/principal\/wp-content\/uploads\/2019\/06\/12-defensor-50.jpg\" data-orig-size=\"800,450\" data-comments-opened=\"0\" data-image-meta=\"{&quot;aperture&quot;:&quot;0&quot;,&quot;credit&quot;:&quot;&quot;,&quot;camera&quot;:&quot;&quot;,&quot;caption&quot;:&quot;&quot;,&quot;created_timestamp&quot;:&quot;0&quot;,&quot;copyright&quot;:&quot;&quot;,&quot;focal_length&quot;:&quot;0&quot;,&quot;iso&quot;:&quot;0&quot;,&quot;shutter_speed&quot;:&quot;0&quot;,&quot;title&quot;:&quot;&quot;,&quot;orientation&quot;:&quot;0&quot;}\" data-image-title=\"12 defensor 50\" data-image-description=\"\" data-image-caption=\"\" data-large-file=\"https:\/\/www.hoymercedes.com.ar\/principal\/wp-content\/uploads\/2019\/06\/12-defensor-50.jpg\" src=\"https:\/\/www.hoymercedes.com.ar\/principal\/wp-content\/uploads\/2019\/06\/12-defensor-50.jpg\" alt=\"\" class=\"wp-image-94935\" srcset=\"https:\/\/www.hoymercedes.com.ar\/principal\/wp-content\/uploads\/2019\/06\/12-defensor-50.jpg 800w, https:\/\/www.hoymercedes.com.ar\/principal\/wp-content\/uploads\/2019\/06\/12-defensor-50-150x84.jpg 150w, https:\/\/www.hoymercedes.com.ar\/principal\/wp-content\/uploads\/2019\/06\/12-defensor-50-630x354.jpg 630w\" sizes=\"auto, (max-width: 800px) 100vw, 800px\" \/><\/figure>\n\n\n\n<p>A trav\u00e9s de sus delegaciones y junto a la Red de Parlamentarias Mentoras, la Defensor\u00eda del Pueblo monitorear\u00e1 el cumplimiento de la ley de paridad de g\u00e9nero para las pr\u00f3ximas elecciones en todos los distritos de la provincia de Buenos Aires. <\/p>\n\n\n\n<p>En el marco del programa Veedoras, el organismo provincial observar\u00e1 el cumplimiento de la Ley 14.848 (que modifica las leyes 5109 y 14.086) para las listas de concejales y legisladores en los 135 distritos de la Provincia.<\/p>\n\n\n\n<p>Con esta iniciativa, la Defensor\u00eda pretende colaborar con el resguardo y cumplimiento de la paridad y la alternancia que dicta la ley, as\u00ed como tambi\u00e9n dar apoyo en aquellos casos que existan casos de denuncia de incumplimiento.<\/p>\n\n\n\n<p>El monitoreo tiene como fecha clave el plazo de presentaci\u00f3n de listas para las elecciones primarias, abiertas, simult\u00e1neas y obligatorias, que se realizar\u00e1n el pr\u00f3ximo 11 de agosto.<\/p>\n","protected":false},"excerpt":{"rendered":"<p>En todos los distritos de la provincia de Buenos Aires y en el marco del programa Veedoras. A trav\u00e9s de &#8230; <a title=\"Elecciones 2019: la Defensor\u00eda monitorear\u00e1 el cumplimiento de la paridad de g\u00e9nero\" class=\"read-more\" href=\"https:\/\/www.hoymercedes.com.ar\/principal\/2019\/06\/12\/elecciones-2019-la-defensoria-monitoreara-el-cumplimiento-de-la-paridad-de-genero\/\" aria-label=\"Leer m\u00e1s sobre Elecciones 2019: la Defensor\u00eda monitorear\u00e1 el cumplimiento de la paridad de g\u00e9nero\">Leer m\u00e1s<\/a><\/p>\n","protected":false},"author":1,"featured_media":94935,"comment_status":"closed","ping_status":"open","sticky":false,"template":"","format":"standard","meta":{"_monsterinsights_skip_tracking":false,"_monsterinsights_sitenote_active":false,"_monsterinsights_sitenote_note":"","_monsterinsights_sitenote_category":0,"jetpack_post_was_ever_published":false,"_jetpack_newsletter_access":"","_jetpack_dont_email_post_to_subs":false,"_jetpack_newsletter_tier_id":0,"_jetpack_memberships_contains_paywalled_content":false,"_jetpack_memberships_contains_paid_content":false,"footnotes":"","jetpack_publicize_message":"","jetpack_publicize_feature_enabled":true,"jetpack_social_post_already_shared":true,"jetpack_social_options":{"image_generator_settings":{"template":"highway","default_image_id":0,"font":"","enabled":false},"version":2},"_wpas_customize_per_network":false},"categories":[8881],"tags":[14500,14403],"class_list":["post-94934","post","type-post","status-publish","format-standard","has-post-thumbnail","hentry","category-provincia","tag-defensor-del-pueblo-bonaerense","tag-elecciones-2019","generate-columns","tablet-grid-50","mobile-grid-100","grid-parent","grid-50"],"jetpack_publicize_connections":[],"jetpack_featured_media_url":"https:\/\/www.hoymercedes.com.ar\/principal\/wp-content\/uploads\/2019\/06\/12-defensor-50.jpg","wps_subtitle":"Anticipando la inscripci\u00f3n","jetpack_sharing_enabled":true,"_links":{"self":[{"href":"https:\/\/www.hoymercedes.com.ar\/principal\/wp-json\/wp\/v2\/posts\/94934","targetHints":{"allow":["GET"]}}],"collection":[{"href":"https:\/\/www.hoymercedes.com.ar\/principal\/wp-json\/wp\/v2\/posts"}],"about":[{"href":"https:\/\/www.hoymercedes.com.ar\/principal\/wp-json\/wp\/v2\/types\/post"}],"author":[{"embeddable":true,"href":"https:\/\/www.hoymercedes.com.ar\/principal\/wp-json\/wp\/v2\/users\/1"}],"replies":[{"embeddable":true,"href":"https:\/\/www.hoymercedes.com.ar\/principal\/wp-json\/wp\/v2\/comments?post=94934"}],"version-history":[{"count":0,"href":"https:\/\/www.hoymercedes.com.ar\/principal\/wp-json\/wp\/v2\/posts\/94934\/revisions"}],"wp:featuredmedia":[{"embeddable":true,"href":"https:\/\/www.hoymercedes.com.ar\/principal\/wp-json\/wp\/v2\/media\/94935"}],"wp:attachment":[{"href":"https:\/\/www.hoymercedes.com.ar\/principal\/wp-json\/wp\/v2\/media?parent=94934"}],"wp:term":[{"taxonomy":"category","embeddable":true,"href":"https:\/\/www.hoymercedes.com.ar\/principal\/wp-json\/wp\/v2\/categories?post=94934"},{"taxonomy":"post_tag","embeddable":true,"href":"https:\/\/www.hoymercedes.com.ar\/principal\/wp-json\/wp\/v2\/tags?post=94934"}],"curies":[{"name":"wp","href":"https:\/\/api.w.org\/{rel}","templated":true}]}}