{"id":94942,"date":"2019-06-12T18:43:42","date_gmt":"2019-06-12T21:43:42","guid":{"rendered":"http:\/\/www.hoymercedes.com.ar\/principal\/?p=94942"},"modified":"2019-06-12T19:53:50","modified_gmt":"2019-06-12T22:53:50","slug":"taller-de-equitacion-para-ninos-en-la-sociedad-rural","status":"publish","type":"post","link":"https:\/\/www.hoymercedes.com.ar\/principal\/2019\/06\/12\/taller-de-equitacion-para-ninos-en-la-sociedad-rural\/","title":{"rendered":"Taller de Equitaci\u00f3n para ni\u00f1os en la Sociedad Rural"},"content":{"rendered":"\n<p>Una nueva propuesta que suma la Seccion Hipica de la Sociedad Rural Mercedes. Comenz\u00f3 el pasado s\u00e1bado con el objetivo de fomentar el amor por los caballos, el respeto y cuidado de los animales en un entorno natural. Para aquellos ni\u00f1os y ni\u00f1as de entre 4 y 10 a\u00f1os, tendr\u00e1 una frecuencia de 2 veces por mes, los d\u00edas s\u00e1bados por la ma\u00f1ana. <\/p>\n\n\n\n<figure class=\"wp-block-image\"><img loading=\"lazy\" decoding=\"async\" width=\"576\" height=\"1024\" data-attachment-id=\"94946\" data-permalink=\"https:\/\/www.hoymercedes.com.ar\/principal\/2019\/06\/12\/taller-de-equitacion-para-ninos-en-la-sociedad-rural\/whatsapp-image-2019-06-08-at-19-29-34\/#main\" data-orig-file=\"https:\/\/www.hoymercedes.com.ar\/principal\/wp-content\/uploads\/2019\/06\/WhatsApp-Image-2019-06-08-at-19.29.34.jpeg\" data-orig-size=\"581,1032\" data-comments-opened=\"0\" data-image-meta=\"{&quot;aperture&quot;:&quot;0&quot;,&quot;credit&quot;:&quot;&quot;,&quot;camera&quot;:&quot;&quot;,&quot;caption&quot;:&quot;&quot;,&quot;created_timestamp&quot;:&quot;0&quot;,&quot;copyright&quot;:&quot;&quot;,&quot;focal_length&quot;:&quot;0&quot;,&quot;iso&quot;:&quot;0&quot;,&quot;shutter_speed&quot;:&quot;0&quot;,&quot;title&quot;:&quot;&quot;,&quot;orientation&quot;:&quot;0&quot;}\" data-image-title=\"WhatsApp-Image-2019-06-08-at-19.29.34\" data-image-description=\"\" data-image-caption=\"\" data-large-file=\"https:\/\/www.hoymercedes.com.ar\/principal\/wp-content\/uploads\/2019\/06\/WhatsApp-Image-2019-06-08-at-19.29.34-576x1024.jpeg\" src=\"https:\/\/www.hoymercedes.com.ar\/principal\/wp-content\/uploads\/2019\/06\/WhatsApp-Image-2019-06-08-at-19.29.34-576x1024.jpeg\" alt=\"\" class=\"wp-image-94946\" srcset=\"https:\/\/www.hoymercedes.com.ar\/principal\/wp-content\/uploads\/2019\/06\/WhatsApp-Image-2019-06-08-at-19.29.34-576x1024.jpeg 576w, https:\/\/www.hoymercedes.com.ar\/principal\/wp-content\/uploads\/2019\/06\/WhatsApp-Image-2019-06-08-at-19.29.34-84x150.jpeg 84w, https:\/\/www.hoymercedes.com.ar\/principal\/wp-content\/uploads\/2019\/06\/WhatsApp-Image-2019-06-08-at-19.29.34-349x620.jpeg 349w, https:\/\/www.hoymercedes.com.ar\/principal\/wp-content\/uploads\/2019\/06\/WhatsApp-Image-2019-06-08-at-19.29.34.jpeg 581w\" sizes=\"auto, (max-width: 576px) 100vw, 576px\" \/><\/figure>\n\n\n\n<p>La equitacion ayuda formar el caracter, la responsabilidad y compa\u00f1erismo. En este primer encuentro Mora y Rosendo fueron los caballos protegonistas. Se trabaj\u00f3 sobre los cuidados, limpieza, alimentacion y montaron todos los participantes: Pilar, Candelaria, Juanchy, Carmela, y Tom\u00e1s. <\/p>\n\n\n\n<p>Para m\u00e1s informaci\u00f3n o inscripci\u00f3n al siguiente taller comunicarse al 02324 15684631. En la Sociedad Rural Mercedes ubicada en la Ruta 5 Km 100 desde hace 20 a\u00f1os la Profesora Soledad Carranza ense\u00f1a equitaci\u00f3n, salto y equinoterapia a ni\u00f1os, jovenes y adultos. <\/p>\n\n\n\n<p>Instalaciones adecuadas y seguras para la practica del deporte y el bienestar del caballo y del jinete. Funciona todo el a\u00f1o, de lunes a sabados. <\/p>\n\n\n\n<p>ALMUERZO A BENEFICIO: Se realizar\u00e1 un almuerzo a beneficio el s\u00e1bado 22 de junio en la Sociedad Rural Mercedes. El valor de la tarjeta es de $250, menores $100. Habra paseos a caballo por la tarde gratuitos. Para pasar un dia en familia al aire libre en contacto con los caballos. <\/p>\n","protected":false},"excerpt":{"rendered":"<p>Una nueva propuesta que suma la Seccion Hipica de la Sociedad Rural Mercedes. Comenz\u00f3 el pasado s\u00e1bado con el objetivo &#8230; <a title=\"Taller de Equitaci\u00f3n para ni\u00f1os en la Sociedad Rural\" class=\"read-more\" href=\"https:\/\/www.hoymercedes.com.ar\/principal\/2019\/06\/12\/taller-de-equitacion-para-ninos-en-la-sociedad-rural\/\" aria-label=\"Leer m\u00e1s sobre Taller de Equitaci\u00f3n para ni\u00f1os en la Sociedad Rural\">Leer m\u00e1s<\/a><\/p>\n","protected":false},"author":1,"featured_media":94946,"comment_status":"closed","ping_status":"open","sticky":false,"template":"","format":"standard","meta":{"_monsterinsights_skip_tracking":false,"_monsterinsights_sitenote_active":false,"_monsterinsights_sitenote_note":"","_monsterinsights_sitenote_category":0,"jetpack_post_was_ever_published":false,"_jetpack_newsletter_access":"","_jetpack_dont_email_post_to_subs":false,"_jetpack_newsletter_tier_id":0,"_jetpack_memberships_contains_paywalled_content":false,"_jetpack_memberships_contains_paid_content":false,"footnotes":"","jetpack_publicize_message":"","jetpack_publicize_feature_enabled":true,"jetpack_social_post_already_shared":true,"jetpack_social_options":{"image_generator_settings":{"template":"highway","default_image_id":0,"font":"","enabled":false},"version":2},"_wpas_customize_per_network":false},"categories":[21],"tags":[204,1821,1543],"class_list":["post-94942","post","type-post","status-publish","format-standard","has-post-thumbnail","hentry","category-deportes","tag-deportes-2","tag-equitacion","tag-sociedad-rural-mercedes","generate-columns","tablet-grid-50","mobile-grid-100","grid-parent","grid-50"],"jetpack_publicize_connections":[],"jetpack_featured_media_url":"https:\/\/www.hoymercedes.com.ar\/principal\/wp-content\/uploads\/2019\/06\/WhatsApp-Image-2019-06-08-at-19.29.34.jpeg","wps_subtitle":"Equitaci\u00f3n","jetpack_sharing_enabled":true,"_links":{"self":[{"href":"https:\/\/www.hoymercedes.com.ar\/principal\/wp-json\/wp\/v2\/posts\/94942","targetHints":{"allow":["GET"]}}],"collection":[{"href":"https:\/\/www.hoymercedes.com.ar\/principal\/wp-json\/wp\/v2\/posts"}],"about":[{"href":"https:\/\/www.hoymercedes.com.ar\/principal\/wp-json\/wp\/v2\/types\/post"}],"author":[{"embeddable":true,"href":"https:\/\/www.hoymercedes.com.ar\/principal\/wp-json\/wp\/v2\/users\/1"}],"replies":[{"embeddable":true,"href":"https:\/\/www.hoymercedes.com.ar\/principal\/wp-json\/wp\/v2\/comments?post=94942"}],"version-history":[{"count":0,"href":"https:\/\/www.hoymercedes.com.ar\/principal\/wp-json\/wp\/v2\/posts\/94942\/revisions"}],"wp:featuredmedia":[{"embeddable":true,"href":"https:\/\/www.hoymercedes.com.ar\/principal\/wp-json\/wp\/v2\/media\/94946"}],"wp:attachment":[{"href":"https:\/\/www.hoymercedes.com.ar\/principal\/wp-json\/wp\/v2\/media?parent=94942"}],"wp:term":[{"taxonomy":"category","embeddable":true,"href":"https:\/\/www.hoymercedes.com.ar\/principal\/wp-json\/wp\/v2\/categories?post=94942"},{"taxonomy":"post_tag","embeddable":true,"href":"https:\/\/www.hoymercedes.com.ar\/principal\/wp-json\/wp\/v2\/tags?post=94942"}],"curies":[{"name":"wp","href":"https:\/\/api.w.org\/{rel}","templated":true}]}}