{"id":94954,"date":"2019-06-16T18:54:54","date_gmt":"2019-06-16T21:54:54","guid":{"rendered":"http:\/\/www.hoymercedes.com.ar\/principal\/?p=94954"},"modified":"2019-06-12T19:43:20","modified_gmt":"2019-06-12T22:43:20","slug":"se-realizara-una-capacitacion-en-planificacion-deportiva-en-el-teatro-julio-gioscio","status":"publish","type":"post","link":"https:\/\/www.hoymercedes.com.ar\/principal\/2019\/06\/16\/se-realizara-una-capacitacion-en-planificacion-deportiva-en-el-teatro-julio-gioscio\/","title":{"rendered":"Se realizar\u00e1 una capacitaci\u00f3n en planificaci\u00f3n deportiva en el teatro Julio Gioscio"},"content":{"rendered":"\n<p>En el teatro Julio Cesar Gioscio se realizar\u00e1 el pr\u00f3ximo viernes 21 a partir de las 18 una Capacitaci\u00f3n en Gesti\u00f3n y Planificaci\u00f3n Deportiva, destinada a  profesores, padres, directivos, personas relacionadas con clubes o entidades deportivas. La brindar\u00e1 el Doctor Gonzalo Garc\u00eda, que es abogado, docente de la UNDAV y ex presidente de Club S\u00e1enz Pe\u00f1a. <\/p>\n\n\n\n<figure class=\"wp-block-image\"><img loading=\"lazy\" decoding=\"async\" width=\"648\" height=\"453\" data-attachment-id=\"94956\" data-permalink=\"https:\/\/www.hoymercedes.com.ar\/principal\/2019\/06\/16\/se-realizara-una-capacitacion-en-planificacion-deportiva-en-el-teatro-julio-gioscio\/captura-de-pantalla-2019-06-12-18-44-46\/#main\" data-orig-file=\"https:\/\/www.hoymercedes.com.ar\/principal\/wp-content\/uploads\/2019\/06\/Captura-de-pantalla-2019-06-12-18.44.46.png\" data-orig-size=\"648,453\" data-comments-opened=\"0\" data-image-meta=\"{&quot;aperture&quot;:&quot;0&quot;,&quot;credit&quot;:&quot;&quot;,&quot;camera&quot;:&quot;&quot;,&quot;caption&quot;:&quot;&quot;,&quot;created_timestamp&quot;:&quot;0&quot;,&quot;copyright&quot;:&quot;&quot;,&quot;focal_length&quot;:&quot;0&quot;,&quot;iso&quot;:&quot;0&quot;,&quot;shutter_speed&quot;:&quot;0&quot;,&quot;title&quot;:&quot;&quot;,&quot;orientation&quot;:&quot;0&quot;}\" data-image-title=\"Captura-de-pantalla-2019-06-12-18.44.46\" data-image-description=\"\" data-image-caption=\"\" data-large-file=\"https:\/\/www.hoymercedes.com.ar\/principal\/wp-content\/uploads\/2019\/06\/Captura-de-pantalla-2019-06-12-18.44.46.png\" src=\"https:\/\/www.hoymercedes.com.ar\/principal\/wp-content\/uploads\/2019\/06\/Captura-de-pantalla-2019-06-12-18.44.46.png\" alt=\"\" class=\"wp-image-94956\" srcset=\"https:\/\/www.hoymercedes.com.ar\/principal\/wp-content\/uploads\/2019\/06\/Captura-de-pantalla-2019-06-12-18.44.46.png 648w, https:\/\/www.hoymercedes.com.ar\/principal\/wp-content\/uploads\/2019\/06\/Captura-de-pantalla-2019-06-12-18.44.46-150x105.png 150w, https:\/\/www.hoymercedes.com.ar\/principal\/wp-content\/uploads\/2019\/06\/Captura-de-pantalla-2019-06-12-18.44.46-630x440.png 630w\" sizes=\"auto, (max-width: 648px) 100vw, 648px\" \/><\/figure>\n\n\n\n<p>A trav\u00e9s de este curso los asistentes aprender\u00e1n a realizar una planificaci\u00f3n integral para todo tipo de proyectos. Si bien est\u00e1 especialmente orientado hacia instituciones deportivas, el modelo en s\u00ed mismo, es aplicable a cualquier planificaci\u00f3n.<\/p>\n\n\n\n<p>Los participantes adquirir\u00e1n herramientas para realizar un diagn\u00f3stico adecuado que es el primer paso de un plan eficiente, como tambi\u00e9n los conceptos necesarios para delinear objetivos y elaborar estrategias para conseguirlos.<\/p>\n\n\n\n<p>De esta manera se abordar\u00e1n tem\u00e1ticas organizacionales, administrativas, jur\u00eddicas, econ\u00f3micas, educativas y m\u00e1s que les permitan desarrollar una perspectiva general y particular de cualquier proyecto que deseen llevar adelante.<\/p>\n\n\n\n<p>Lo que vendr\u00e1 destinado a contribuir al fortalecimiento de dirigentes, l\u00edderes, profesionales y miembros en general de entidades sociales, culturales y deportivas, abarcando todas las cuestiones relativas a la organizaci\u00f3n, diagn\u00f3stico y planificaci\u00f3n instituciones.<\/p>\n\n\n\n<p>En ese sentido, busca formar recursos humanos con conocimientos espec\u00edficos y aptitudes para desempe\u00f1ar funciones de gesti\u00f3n, direcci\u00f3n, supervisi\u00f3n y funciones dirigenciales, promoviendo procesos tendientes al mejoramiento de la propia instituci\u00f3n y la comunidad a partir del desarrollo, acci\u00f3n, evaluaci\u00f3n y acompa\u00f1amiento de proyectos, sean organizacionales, econ\u00f3micos, deportivos, culturales y edilicios.<\/p>\n\n\n\n<p>Sin dudas, una oportunidad para no desaprovechar, para aquellas instituciones que ya tienen su historia y las que van naciendo en estos \u00faltimos tiempos. Los &nbsp;informes sobre la capacitaci\u00f3n m\u00e1s la inscripci\u00f3n (que ser\u00e1 gratuita) se realizar\u00e1n en la oficina de la &nbsp;Direcci\u00f3n de Deportes de calle 6 esquina 9, tel\u00e9fono 434369 o mail &nbsp;<a href=\"mailto:deportesmercedes@hotmail.com\">deportesmercedes@hotmail.com<\/a>. Auspicia la Municipalidad de Mercedes.<\/p>\n","protected":false},"excerpt":{"rendered":"<p>En el teatro Julio Cesar Gioscio se realizar\u00e1 el pr\u00f3ximo viernes 21 a partir de las 18 una Capacitaci\u00f3n en &#8230; <a title=\"Se realizar\u00e1 una capacitaci\u00f3n en planificaci\u00f3n deportiva en el teatro Julio Gioscio\" class=\"read-more\" href=\"https:\/\/www.hoymercedes.com.ar\/principal\/2019\/06\/16\/se-realizara-una-capacitacion-en-planificacion-deportiva-en-el-teatro-julio-gioscio\/\" aria-label=\"Leer m\u00e1s sobre Se realizar\u00e1 una capacitaci\u00f3n en planificaci\u00f3n deportiva en el teatro Julio Gioscio\">Leer m\u00e1s<\/a><\/p>\n","protected":false},"author":1,"featured_media":94956,"comment_status":"closed","ping_status":"open","sticky":false,"template":"","format":"standard","meta":{"_monsterinsights_skip_tracking":false,"_monsterinsights_sitenote_active":false,"_monsterinsights_sitenote_note":"","_monsterinsights_sitenote_category":0,"jetpack_post_was_ever_published":false,"_jetpack_newsletter_access":"","_jetpack_dont_email_post_to_subs":false,"_jetpack_newsletter_tier_id":0,"_jetpack_memberships_contains_paywalled_content":false,"_jetpack_memberships_contains_paid_content":false,"footnotes":"","jetpack_publicize_message":"","jetpack_publicize_feature_enabled":true,"jetpack_social_post_already_shared":true,"jetpack_social_options":{"image_generator_settings":{"template":"highway","default_image_id":0,"font":"","enabled":false},"version":2},"_wpas_customize_per_network":false},"categories":[21],"tags":[2767,15305],"class_list":["post-94954","post","type-post","status-publish","format-standard","has-post-thumbnail","hentry","category-deportes","tag-capacitacion-deportiva","tag-gonzalo-garcia","generate-columns","tablet-grid-50","mobile-grid-100","grid-parent","grid-50"],"jetpack_publicize_connections":[],"jetpack_featured_media_url":"https:\/\/www.hoymercedes.com.ar\/principal\/wp-content\/uploads\/2019\/06\/Captura-de-pantalla-2019-06-12-18.44.46.png","wps_subtitle":"","jetpack_sharing_enabled":true,"_links":{"self":[{"href":"https:\/\/www.hoymercedes.com.ar\/principal\/wp-json\/wp\/v2\/posts\/94954","targetHints":{"allow":["GET"]}}],"collection":[{"href":"https:\/\/www.hoymercedes.com.ar\/principal\/wp-json\/wp\/v2\/posts"}],"about":[{"href":"https:\/\/www.hoymercedes.com.ar\/principal\/wp-json\/wp\/v2\/types\/post"}],"author":[{"embeddable":true,"href":"https:\/\/www.hoymercedes.com.ar\/principal\/wp-json\/wp\/v2\/users\/1"}],"replies":[{"embeddable":true,"href":"https:\/\/www.hoymercedes.com.ar\/principal\/wp-json\/wp\/v2\/comments?post=94954"}],"version-history":[{"count":0,"href":"https:\/\/www.hoymercedes.com.ar\/principal\/wp-json\/wp\/v2\/posts\/94954\/revisions"}],"wp:featuredmedia":[{"embeddable":true,"href":"https:\/\/www.hoymercedes.com.ar\/principal\/wp-json\/wp\/v2\/media\/94956"}],"wp:attachment":[{"href":"https:\/\/www.hoymercedes.com.ar\/principal\/wp-json\/wp\/v2\/media?parent=94954"}],"wp:term":[{"taxonomy":"category","embeddable":true,"href":"https:\/\/www.hoymercedes.com.ar\/principal\/wp-json\/wp\/v2\/categories?post=94954"},{"taxonomy":"post_tag","embeddable":true,"href":"https:\/\/www.hoymercedes.com.ar\/principal\/wp-json\/wp\/v2\/tags?post=94954"}],"curies":[{"name":"wp","href":"https:\/\/api.w.org\/{rel}","templated":true}]}}