{"id":94959,"date":"2019-06-12T19:50:00","date_gmt":"2019-06-12T22:50:00","guid":{"rendered":"http:\/\/www.hoymercedes.com.ar\/principal\/?p=94959"},"modified":"2019-06-12T20:31:21","modified_gmt":"2019-06-12T23:31:21","slug":"stefania-pisani-participo-del-nacional-de-clubes-de-gimnasia-aerobica","status":"publish","type":"post","link":"https:\/\/www.hoymercedes.com.ar\/principal\/2019\/06\/12\/stefania-pisani-participo-del-nacional-de-clubes-de-gimnasia-aerobica\/","title":{"rendered":"Stefan\u00eda Pisani particip\u00f3 del Nacional de Clubes de Gimnasia Aer\u00f3bica"},"content":{"rendered":"\n<p>Por Iv\u00e1n Alday (Todo el Deporte Est\u00e1 Ac\u00e1) Representando al Club Sports Aerobics, la atleta mercedina se prepara para el Panamericano que se desarrollar\u00e1 en el mes de octubre \u00a0en instalaciones del CENARD. Ser\u00e1 con el aval de la FIG y para ello los grupos del club conducido por Lorena Luisio y Jorge Fillon viajaron del 6 al 8 de junio a la capital misionera.<\/p>\n\n\n\n<figure class=\"wp-block-image\"><img loading=\"lazy\" decoding=\"async\" width=\"720\" height=\"960\" data-attachment-id=\"94960\" data-permalink=\"https:\/\/www.hoymercedes.com.ar\/principal\/2019\/06\/12\/stefania-pisani-participo-del-nacional-de-clubes-de-gimnasia-aerobica\/stefania-pisani-nacional-de-patin\/#main\" data-orig-file=\"https:\/\/www.hoymercedes.com.ar\/principal\/wp-content\/uploads\/2019\/06\/Stefania-Pisani-Nacional-de-Patin.jpg\" data-orig-size=\"720,960\" data-comments-opened=\"0\" data-image-meta=\"{&quot;aperture&quot;:&quot;0&quot;,&quot;credit&quot;:&quot;&quot;,&quot;camera&quot;:&quot;&quot;,&quot;caption&quot;:&quot;&quot;,&quot;created_timestamp&quot;:&quot;0&quot;,&quot;copyright&quot;:&quot;&quot;,&quot;focal_length&quot;:&quot;0&quot;,&quot;iso&quot;:&quot;0&quot;,&quot;shutter_speed&quot;:&quot;0&quot;,&quot;title&quot;:&quot;&quot;,&quot;orientation&quot;:&quot;0&quot;}\" data-image-title=\"Stefania-Pisani-Nacional-de-Patin\" data-image-description=\"\" data-image-caption=\"\" data-large-file=\"https:\/\/www.hoymercedes.com.ar\/principal\/wp-content\/uploads\/2019\/06\/Stefania-Pisani-Nacional-de-Patin.jpg\" src=\"https:\/\/www.hoymercedes.com.ar\/principal\/wp-content\/uploads\/2019\/06\/Stefania-Pisani-Nacional-de-Patin.jpg\" alt=\"\" class=\"wp-image-94960\" srcset=\"https:\/\/www.hoymercedes.com.ar\/principal\/wp-content\/uploads\/2019\/06\/Stefania-Pisani-Nacional-de-Patin.jpg 720w, https:\/\/www.hoymercedes.com.ar\/principal\/wp-content\/uploads\/2019\/06\/Stefania-Pisani-Nacional-de-Patin-113x150.jpg 113w, https:\/\/www.hoymercedes.com.ar\/principal\/wp-content\/uploads\/2019\/06\/Stefania-Pisani-Nacional-de-Patin-465x620.jpg 465w\" sizes=\"auto, (max-width: 720px) 100vw, 720px\" \/><\/figure>\n\n\n\n<p>La meta fue la b\u00fasqueda de quedar en los m\u00e1s alto a nivel nacional, por el lado de Stefania se clasific\u00f3 decima de 25 gimnastas en la faz individual, lo que le dio el pase a la Copa Panamericana de Clubes que se desarrollar\u00e1 en paralelo al Panamericano de Selecciones.<\/p>\n\n\n\n<p>En lo que respecta al club obtuvo el primer puesto en Infantiles, Juvenil B y Adultos en tr\u00edos de cara a esta experiencia internacional.<\/p>\n","protected":false},"excerpt":{"rendered":"<p>Por Iv\u00e1n Alday (Todo el Deporte Est\u00e1 Ac\u00e1) Representando al Club Sports Aerobics, la atleta mercedina se prepara para el &#8230; <a title=\"Stefan\u00eda Pisani particip\u00f3 del Nacional de Clubes de Gimnasia Aer\u00f3bica\" class=\"read-more\" href=\"https:\/\/www.hoymercedes.com.ar\/principal\/2019\/06\/12\/stefania-pisani-participo-del-nacional-de-clubes-de-gimnasia-aerobica\/\" aria-label=\"Leer m\u00e1s sobre Stefan\u00eda Pisani particip\u00f3 del Nacional de Clubes de Gimnasia Aer\u00f3bica\">Leer m\u00e1s<\/a><\/p>\n","protected":false},"author":1,"featured_media":94960,"comment_status":"closed","ping_status":"open","sticky":false,"template":"","format":"standard","meta":{"_monsterinsights_skip_tracking":false,"_monsterinsights_sitenote_active":false,"_monsterinsights_sitenote_note":"","_monsterinsights_sitenote_category":0,"jetpack_post_was_ever_published":false,"_jetpack_newsletter_access":"","_jetpack_dont_email_post_to_subs":false,"_jetpack_newsletter_tier_id":0,"_jetpack_memberships_contains_paywalled_content":false,"_jetpack_memberships_contains_paid_content":false,"footnotes":"","jetpack_publicize_message":"","jetpack_publicize_feature_enabled":true,"jetpack_social_post_already_shared":true,"jetpack_social_options":{"image_generator_settings":{"template":"highway","default_image_id":0,"font":"","enabled":false},"version":2},"_wpas_customize_per_network":false},"categories":[21],"tags":[204,12197,5461],"class_list":["post-94959","post","type-post","status-publish","format-standard","has-post-thumbnail","hentry","category-deportes","tag-deportes-2","tag-gimnasia-aerobica","tag-stefania-pisani","generate-columns","tablet-grid-50","mobile-grid-100","grid-parent","grid-50"],"jetpack_publicize_connections":[],"jetpack_featured_media_url":"https:\/\/www.hoymercedes.com.ar\/principal\/wp-content\/uploads\/2019\/06\/Stefania-Pisani-Nacional-de-Patin.jpg","wps_subtitle":"Gimnasia Aer\u00f3bica","jetpack_sharing_enabled":true,"_links":{"self":[{"href":"https:\/\/www.hoymercedes.com.ar\/principal\/wp-json\/wp\/v2\/posts\/94959","targetHints":{"allow":["GET"]}}],"collection":[{"href":"https:\/\/www.hoymercedes.com.ar\/principal\/wp-json\/wp\/v2\/posts"}],"about":[{"href":"https:\/\/www.hoymercedes.com.ar\/principal\/wp-json\/wp\/v2\/types\/post"}],"author":[{"embeddable":true,"href":"https:\/\/www.hoymercedes.com.ar\/principal\/wp-json\/wp\/v2\/users\/1"}],"replies":[{"embeddable":true,"href":"https:\/\/www.hoymercedes.com.ar\/principal\/wp-json\/wp\/v2\/comments?post=94959"}],"version-history":[{"count":0,"href":"https:\/\/www.hoymercedes.com.ar\/principal\/wp-json\/wp\/v2\/posts\/94959\/revisions"}],"wp:featuredmedia":[{"embeddable":true,"href":"https:\/\/www.hoymercedes.com.ar\/principal\/wp-json\/wp\/v2\/media\/94960"}],"wp:attachment":[{"href":"https:\/\/www.hoymercedes.com.ar\/principal\/wp-json\/wp\/v2\/media?parent=94959"}],"wp:term":[{"taxonomy":"category","embeddable":true,"href":"https:\/\/www.hoymercedes.com.ar\/principal\/wp-json\/wp\/v2\/categories?post=94959"},{"taxonomy":"post_tag","embeddable":true,"href":"https:\/\/www.hoymercedes.com.ar\/principal\/wp-json\/wp\/v2\/tags?post=94959"}],"curies":[{"name":"wp","href":"https:\/\/api.w.org\/{rel}","templated":true}]}}