{"id":94970,"date":"2019-06-12T21:10:56","date_gmt":"2019-06-13T00:10:56","guid":{"rendered":"http:\/\/www.hoymercedes.com.ar\/principal\/?p=94970"},"modified":"2019-06-12T20:30:51","modified_gmt":"2019-06-12T23:30:51","slug":"desbaratan-banda-de-piratas-del-asfalto-que-actuaba-en-la-zona-oeste-de-la-provincia","status":"publish","type":"post","link":"https:\/\/www.hoymercedes.com.ar\/principal\/2019\/06\/12\/desbaratan-banda-de-piratas-del-asfalto-que-actuaba-en-la-zona-oeste-de-la-provincia\/","title":{"rendered":"Desbaratan banda de piratas del asfalto que actuaba en la zona Oeste de la provincia"},"content":{"rendered":"\n<p>En la jornada del\nmartes 11 de junio del corriente se llevaron a cabo importantes allanamientos\ntendientes a desbaratar una organizaci\u00f3n delictiva que se dedicaba a cometer\natracos bajo la modalidad denominada \u201cpirater\u00eda del asfalto\u201d que actuaba en la\nregi\u00f3n.<\/p>\n\n\n\n<figure class=\"wp-block-image\"><img loading=\"lazy\" decoding=\"async\" width=\"750\" height=\"741\" data-attachment-id=\"94985\" data-permalink=\"https:\/\/www.hoymercedes.com.ar\/principal\/2019\/06\/12\/desbaratan-banda-de-piratas-del-asfalto-que-actuaba-en-la-zona-oeste-de-la-provincia\/12-parte-r-n-004-2\/#main\" data-orig-file=\"https:\/\/www.hoymercedes.com.ar\/principal\/wp-content\/uploads\/2019\/06\/12-PARTE-R-N\u00b0-004-2.jpg\" data-orig-size=\"750,741\" data-comments-opened=\"0\" data-image-meta=\"{&quot;aperture&quot;:&quot;0&quot;,&quot;credit&quot;:&quot;&quot;,&quot;camera&quot;:&quot;&quot;,&quot;caption&quot;:&quot;&quot;,&quot;created_timestamp&quot;:&quot;0&quot;,&quot;copyright&quot;:&quot;&quot;,&quot;focal_length&quot;:&quot;0&quot;,&quot;iso&quot;:&quot;0&quot;,&quot;shutter_speed&quot;:&quot;0&quot;,&quot;title&quot;:&quot;&quot;,&quot;orientation&quot;:&quot;0&quot;}\" data-image-title=\"12 PARTE R N\u00b0 004 (2)\" data-image-description=\"\" data-image-caption=\"\" data-large-file=\"https:\/\/www.hoymercedes.com.ar\/principal\/wp-content\/uploads\/2019\/06\/12-PARTE-R-N\u00b0-004-2.jpg\" src=\"https:\/\/www.hoymercedes.com.ar\/principal\/wp-content\/uploads\/2019\/06\/12-PARTE-R-N\u00b0-004-2.jpg\" alt=\"\" class=\"wp-image-94985\" srcset=\"https:\/\/www.hoymercedes.com.ar\/principal\/wp-content\/uploads\/2019\/06\/12-PARTE-R-N\u00b0-004-2.jpg 750w, https:\/\/www.hoymercedes.com.ar\/principal\/wp-content\/uploads\/2019\/06\/12-PARTE-R-N\u00b0-004-2-150x148.jpg 150w, https:\/\/www.hoymercedes.com.ar\/principal\/wp-content\/uploads\/2019\/06\/12-PARTE-R-N\u00b0-004-2-628x620.jpg 628w, https:\/\/www.hoymercedes.com.ar\/principal\/wp-content\/uploads\/2019\/06\/12-PARTE-R-N\u00b0-004-2-100x100.jpg 100w\" sizes=\"auto, (max-width: 750px) 100vw, 750px\" \/><\/figure>\n\n\n\n<p>Por disposici\u00f3n\ndel agente fiscal doctor Luis Carcagno, a cargo de la Unidad Funcional de\nInstrucci\u00f3n y Juicio N\u00ba 6 del Ministerio P\u00fablico Fiscal Departamental Mercedes\n\u2013 aprobado por el Juzgado de Garant\u00edas N\u00b0 2 &#8211; se desarrollaron los\nprocedimientos en siete domicilios en las localidades de Pablo Noguez, General\nRodr\u00edguez y Luj\u00e1n. Los mismos fueron ejecutados por personal del Departamento\nInteligencia contra el crimen organizado de la Polic\u00eda Federal Argentina, que\nhan tenido una participaci\u00f3n activa desde el&nbsp;\ninicio de la investigaci\u00f3n, con el apoyo del Grupo Geo. Adem\u00e1s, el\nfiscal &nbsp;dispuso &#8211; de acuerdo a&nbsp; facultades aut\u00f3nomas que le asisten \u2013 un\noctavo allanamiento en la localidad de Villa Ruiz, San Andr\u00e9s de Giles.<\/p>\n\n\n\n<p>Cada uno de los\nobjetivos estuvo a cargo de los jefes de la fuerza de seguridad con personal a\ncargo junto al fiscal y al cuerpo de secretarios de la UFIJ que intervinieron\nen la investigaci\u00f3n, compuesto por los doctores Yesica Nocetti Dimitroff,\nSantiago Dall Occhio y Nicol\u00e1s Ruggiero y la colaboraci\u00f3n del doctor Juan\nSu\u00e1rez del Cuerpo de Instructores de Fiscal\u00eda General Departamental Mercedes.<\/p>\n\n\n\n<p>En los diferentes\ndomicilios se lograron incautar y secuestrar cuatro autom\u00f3viles (un Ford Focus,\nun Volkswagen Bora, un Chevrolet Clasics y un Chevrolet Agile) y un cami\u00f3n\nmarca Iveco vinculado a los atracos, armas de fuego y municiones, telefon\u00eda\ncelular e inhibidores, una importante suma de dinero en efectivo adem\u00e1s de\nelementos de inter\u00e9s para la investigaci\u00f3n.<\/p>\n\n\n\n<p>Tambi\u00e9n se logr\u00f3\nla detenci\u00f3n de seis hombres mayores de edad, que quedaron imputados por los\ndelitos de \u201cAsociaci\u00f3n il\u00edcita, robo agravado por ser cometido en despoblado y\nen banda (seis hechos) por tratarse su objetivo de mercader\u00eda en tr\u00e1nsito en\nconcurso real y Privaci\u00f3n ilegal de la libertad agravada por mediar violencia\u201d.\nLos mismos comparecer\u00e1n ante el Agente Fiscal Dr. Carcagno para prestar\ndeclaraci\u00f3n indagatoria en la jornada de este jueves.<\/p>\n\n\n\n<p>Vale destacar que\nun s\u00e9ptimo integrante de la banda, ya se encontraba detenido por un hecho\nanterior. En tanto no se descarta que est\u00e9n vinculados con otros hechos\ndelictivos de similar modalidad.<\/p>\n\n\n\n<figure class=\"wp-block-image\"><img loading=\"lazy\" decoding=\"async\" width=\"750\" height=\"364\" data-attachment-id=\"94987\" data-permalink=\"https:\/\/www.hoymercedes.com.ar\/principal\/2019\/06\/12\/desbaratan-banda-de-piratas-del-asfalto-que-actuaba-en-la-zona-oeste-de-la-provincia\/12-parte-r-n-004-4\/#main\" data-orig-file=\"https:\/\/www.hoymercedes.com.ar\/principal\/wp-content\/uploads\/2019\/06\/12-PARTE-R-N\u00b0-004-4.jpg\" data-orig-size=\"750,364\" data-comments-opened=\"0\" data-image-meta=\"{&quot;aperture&quot;:&quot;0&quot;,&quot;credit&quot;:&quot;&quot;,&quot;camera&quot;:&quot;&quot;,&quot;caption&quot;:&quot;&quot;,&quot;created_timestamp&quot;:&quot;0&quot;,&quot;copyright&quot;:&quot;&quot;,&quot;focal_length&quot;:&quot;0&quot;,&quot;iso&quot;:&quot;0&quot;,&quot;shutter_speed&quot;:&quot;0&quot;,&quot;title&quot;:&quot;&quot;,&quot;orientation&quot;:&quot;0&quot;}\" data-image-title=\"12 PARTE R N\u00b0 004 (4)\" data-image-description=\"\" data-image-caption=\"\" data-large-file=\"https:\/\/www.hoymercedes.com.ar\/principal\/wp-content\/uploads\/2019\/06\/12-PARTE-R-N\u00b0-004-4.jpg\" src=\"https:\/\/www.hoymercedes.com.ar\/principal\/wp-content\/uploads\/2019\/06\/12-PARTE-R-N\u00b0-004-4.jpg\" alt=\"\" class=\"wp-image-94987\" srcset=\"https:\/\/www.hoymercedes.com.ar\/principal\/wp-content\/uploads\/2019\/06\/12-PARTE-R-N\u00b0-004-4.jpg 750w, https:\/\/www.hoymercedes.com.ar\/principal\/wp-content\/uploads\/2019\/06\/12-PARTE-R-N\u00b0-004-4-150x73.jpg 150w, https:\/\/www.hoymercedes.com.ar\/principal\/wp-content\/uploads\/2019\/06\/12-PARTE-R-N\u00b0-004-4-630x306.jpg 630w\" sizes=\"auto, (max-width: 750px) 100vw, 750px\" \/><\/figure>\n\n\n\n<p><strong>Importante\ninvestigaci\u00f3n<\/strong><\/p>\n\n\n\n<p>Desde hac\u00eda m\u00e1s\nde un a\u00f1o los investigadores judiciales y policiales estaban tras la pista de\nesta banda. El punto inicial de la investigaci\u00f3n fue un hecho ocurrido el 21 de\nmarzo del 2018 en la ruta nacional N.\u00ba 7 \u2013 a la altura de San Andr\u00e9s de Giles \u2013\n&nbsp;donde un grupo de piratas del asfalto\natrac\u00f3 un cami\u00f3n que transportaba electrodom\u00e9sticos, que se dirig\u00eda a un local\ncomercial de art\u00edculos para el hogar. <\/p>\n\n\n\n<p>A partir de all\u00ed\ncomenzaron sendas l\u00edneas investigativas que arrojaron importantes resultados al\nlograr generar entrecruzamientos de l\u00edneas telef\u00f3nicas e intervenci\u00f3n de l\u00edneas\na partir de las cuales se comenz\u00f3 a vislumbrar la conformaci\u00f3n de esta banda.<\/p>\n\n\n\n<p>Para el fiscal la hip\u00f3tesis fue que los ahora detenidos forman parte de una asociaci\u00f3n il\u00edcita dedicada a cometer distintos tipos de delitos que entiende acreditados desde mediados del mes de marzo del 2018 hasta la fecha. Tambi\u00e9n que el objeto principal es la comisi\u00f3n de delitos contra la propiedad, puntualmente la sustracci\u00f3n de important\u00edsimos cargamentos de mercader\u00edas transportadas en camiones, es decir bajo la modalidad de \u00abpirater\u00eda del asfalto\u00bb, empleando para ello armas de fuego.\u00a0 Para poder llevar a cabo estas maniobras, los mismos se val\u00edan de comunicaciones telef\u00f3nicas constantes previo y durante la comisi\u00f3n de los hechos, muchas de las cuales fueron captadas por los investigadores como elementos de prueba. En igual sentido se lograron fotograf\u00edas y elementos de inter\u00e9s aportados mediante tareas encubiertas a cargo del Departamento Inteligencia contra el crimen organizado de la Polic\u00eda Federal Argentina.<\/p>\n\n\n\n<figure class=\"wp-block-image\"><img loading=\"lazy\" decoding=\"async\" width=\"750\" height=\"422\" data-attachment-id=\"94986\" data-permalink=\"https:\/\/www.hoymercedes.com.ar\/principal\/2019\/06\/12\/desbaratan-banda-de-piratas-del-asfalto-que-actuaba-en-la-zona-oeste-de-la-provincia\/12-parte-r-n-004-3\/#main\" data-orig-file=\"https:\/\/www.hoymercedes.com.ar\/principal\/wp-content\/uploads\/2019\/06\/12-PARTE-R-N\u00b0-004-3.jpg\" data-orig-size=\"750,422\" data-comments-opened=\"0\" data-image-meta=\"{&quot;aperture&quot;:&quot;0&quot;,&quot;credit&quot;:&quot;&quot;,&quot;camera&quot;:&quot;&quot;,&quot;caption&quot;:&quot;&quot;,&quot;created_timestamp&quot;:&quot;0&quot;,&quot;copyright&quot;:&quot;&quot;,&quot;focal_length&quot;:&quot;0&quot;,&quot;iso&quot;:&quot;0&quot;,&quot;shutter_speed&quot;:&quot;0&quot;,&quot;title&quot;:&quot;&quot;,&quot;orientation&quot;:&quot;0&quot;}\" data-image-title=\"12 PARTE R N\u00b0 004 (3)\" data-image-description=\"\" data-image-caption=\"\" data-large-file=\"https:\/\/www.hoymercedes.com.ar\/principal\/wp-content\/uploads\/2019\/06\/12-PARTE-R-N\u00b0-004-3.jpg\" src=\"https:\/\/www.hoymercedes.com.ar\/principal\/wp-content\/uploads\/2019\/06\/12-PARTE-R-N\u00b0-004-3.jpg\" alt=\"\" class=\"wp-image-94986\" srcset=\"https:\/\/www.hoymercedes.com.ar\/principal\/wp-content\/uploads\/2019\/06\/12-PARTE-R-N\u00b0-004-3.jpg 750w, https:\/\/www.hoymercedes.com.ar\/principal\/wp-content\/uploads\/2019\/06\/12-PARTE-R-N\u00b0-004-3-150x84.jpg 150w, https:\/\/www.hoymercedes.com.ar\/principal\/wp-content\/uploads\/2019\/06\/12-PARTE-R-N\u00b0-004-3-630x354.jpg 630w\" sizes=\"auto, (max-width: 750px) 100vw, 750px\" \/><\/figure>\n\n\n\n<p>Seg\u00fan se pudo establecer, son al menos seis\nhechos los que se les imputa a esta banda. El patr\u00f3n del atraco de los mismos\nsol\u00eda repetirse: en veh\u00edculos la banda alcanzaba el cami\u00f3n que ser\u00eda atracado.\nUtilizando armas de fuego amedrentaban y amenazaban al conductor para luego\nmantenerlo privado de su libertad mientras trasladan la mercader\u00eda a otro\npunto, y posteriormente dejaban tanto al semirremolque ya vac\u00edo como al chofer\nabandonados en un punto diferente al lugar donde fueran interceptados.<\/p>\n\n\n\n<p>Seg\u00fan los investigadores estar\u00eda acreditada la\nparticipaci\u00f3n de esta banda en un hecho similar el 18 de abril del 2018 cerca\nde la ciudad de San Antonio de Areco, haci\u00e9ndose de pallets de mayonesas y\naceites marca \u00abNatura\u00bb; otro hecho acaecido el 16 de mayo del 2018,\nen la Ruta 8 entre las localidades de Todd y Vi\u00f1a de la provincia de Buenos\nAires, tomando un cami\u00f3n que cargaba efectos de la empresa \u201cUnilever\u201d, y otro\nel 21 de mayo del 2018 en la Autopista Buenos Aires-Rosario, a la altura de\nZ\u00e1rate apoder\u00e1ndose ileg\u00edtimamente de mercader\u00eda de la misma firma del rubro\nperfumer\u00eda valuados en m\u00e1s de un mill\u00f3n de pesos.<\/p>\n\n\n\n<p>En tanto, tambi\u00e9n est\u00e1n sindicados de cometer los atracos el 9 de noviembre del 2018 en la Ruta provincial 193 en la localidad de San Andr\u00e9s de Giles sustrayendo una importante suma de dinero que hab\u00eda sido entregado como pago por la entrega de mercader\u00eda y finalmente, el hecho ocurrido el 8 de enero del corriente, en la Ruta 7 entre las ciudades de Luj\u00e1n y San Andr\u00e9s de Giles, atracando un cami\u00f3n que transportaba art\u00edculos de perfumer\u00eda de Unilever, valuados en m\u00e1s de cinco millones de pesos.<\/p>\n\n\n\n<p>Fuente: Ministerio P\u00fablico Fiscal Bonaerense Departamento Judicial Mercedes<\/p>\n\n\n\n<figure class=\"wp-block-image\"><img loading=\"lazy\" decoding=\"async\" width=\"750\" height=\"563\" data-attachment-id=\"94984\" data-permalink=\"https:\/\/www.hoymercedes.com.ar\/principal\/2019\/06\/12\/desbaratan-banda-de-piratas-del-asfalto-que-actuaba-en-la-zona-oeste-de-la-provincia\/12-parte-r-n-004-1\/#main\" data-orig-file=\"https:\/\/www.hoymercedes.com.ar\/principal\/wp-content\/uploads\/2019\/06\/12-PARTE-R-N\u00b0-004-1.jpg\" data-orig-size=\"750,563\" data-comments-opened=\"0\" data-image-meta=\"{&quot;aperture&quot;:&quot;0&quot;,&quot;credit&quot;:&quot;&quot;,&quot;camera&quot;:&quot;&quot;,&quot;caption&quot;:&quot;&quot;,&quot;created_timestamp&quot;:&quot;0&quot;,&quot;copyright&quot;:&quot;&quot;,&quot;focal_length&quot;:&quot;0&quot;,&quot;iso&quot;:&quot;0&quot;,&quot;shutter_speed&quot;:&quot;0&quot;,&quot;title&quot;:&quot;&quot;,&quot;orientation&quot;:&quot;0&quot;}\" data-image-title=\"12 PARTE R N\u00b0 004 (1)\" data-image-description=\"\" data-image-caption=\"\" data-large-file=\"https:\/\/www.hoymercedes.com.ar\/principal\/wp-content\/uploads\/2019\/06\/12-PARTE-R-N\u00b0-004-1.jpg\" src=\"https:\/\/www.hoymercedes.com.ar\/principal\/wp-content\/uploads\/2019\/06\/12-PARTE-R-N\u00b0-004-1.jpg\" alt=\"\" class=\"wp-image-94984\" srcset=\"https:\/\/www.hoymercedes.com.ar\/principal\/wp-content\/uploads\/2019\/06\/12-PARTE-R-N\u00b0-004-1.jpg 750w, https:\/\/www.hoymercedes.com.ar\/principal\/wp-content\/uploads\/2019\/06\/12-PARTE-R-N\u00b0-004-1-150x113.jpg 150w, https:\/\/www.hoymercedes.com.ar\/principal\/wp-content\/uploads\/2019\/06\/12-PARTE-R-N\u00b0-004-1-630x473.jpg 630w, https:\/\/www.hoymercedes.com.ar\/principal\/wp-content\/uploads\/2019\/06\/12-PARTE-R-N\u00b0-004-1-320x240.jpg 320w, https:\/\/www.hoymercedes.com.ar\/principal\/wp-content\/uploads\/2019\/06\/12-PARTE-R-N\u00b0-004-1-100x75.jpg 100w\" sizes=\"auto, (max-width: 750px) 100vw, 750px\" \/><\/figure>\n","protected":false},"excerpt":{"rendered":"<p>En la jornada del martes 11 de junio del corriente se llevaron a cabo importantes allanamientos tendientes a desbaratar una &#8230; <a title=\"Desbaratan banda de piratas del asfalto que actuaba en la zona Oeste de la provincia\" class=\"read-more\" href=\"https:\/\/www.hoymercedes.com.ar\/principal\/2019\/06\/12\/desbaratan-banda-de-piratas-del-asfalto-que-actuaba-en-la-zona-oeste-de-la-provincia\/\" aria-label=\"Leer m\u00e1s sobre Desbaratan banda de piratas del asfalto que actuaba en la zona Oeste de la provincia\">Leer m\u00e1s<\/a><\/p>\n","protected":false},"author":1,"featured_media":94984,"comment_status":"closed","ping_status":"open","sticky":false,"template":"","format":"standard","meta":{"_monsterinsights_skip_tracking":false,"_monsterinsights_sitenote_active":false,"_monsterinsights_sitenote_note":"","_monsterinsights_sitenote_category":0,"jetpack_post_was_ever_published":false,"_jetpack_newsletter_access":"","_jetpack_dont_email_post_to_subs":false,"_jetpack_newsletter_tier_id":0,"_jetpack_memberships_contains_paywalled_content":false,"_jetpack_memberships_contains_paid_content":false,"footnotes":"","jetpack_publicize_message":"","jetpack_publicize_feature_enabled":true,"jetpack_social_post_already_shared":true,"jetpack_social_options":{"image_generator_settings":{"template":"highway","default_image_id":0,"font":"","enabled":false},"version":2},"_wpas_customize_per_network":false},"categories":[85],"tags":[215,11236,96,1057],"class_list":["post-94970","post","type-post","status-publish","format-standard","has-post-thumbnail","hentry","category-policial","tag-detenciones","tag-piratas-del-asfalto","tag-policial-2","tag-regional","generate-columns","tablet-grid-50","mobile-grid-100","grid-parent","grid-50"],"jetpack_publicize_connections":[],"jetpack_featured_media_url":"https:\/\/www.hoymercedes.com.ar\/principal\/wp-content\/uploads\/2019\/06\/12-PARTE-R-N\u00b0-004-1.jpg","wps_subtitle":"Regional","jetpack_sharing_enabled":true,"_links":{"self":[{"href":"https:\/\/www.hoymercedes.com.ar\/principal\/wp-json\/wp\/v2\/posts\/94970","targetHints":{"allow":["GET"]}}],"collection":[{"href":"https:\/\/www.hoymercedes.com.ar\/principal\/wp-json\/wp\/v2\/posts"}],"about":[{"href":"https:\/\/www.hoymercedes.com.ar\/principal\/wp-json\/wp\/v2\/types\/post"}],"author":[{"embeddable":true,"href":"https:\/\/www.hoymercedes.com.ar\/principal\/wp-json\/wp\/v2\/users\/1"}],"replies":[{"embeddable":true,"href":"https:\/\/www.hoymercedes.com.ar\/principal\/wp-json\/wp\/v2\/comments?post=94970"}],"version-history":[{"count":0,"href":"https:\/\/www.hoymercedes.com.ar\/principal\/wp-json\/wp\/v2\/posts\/94970\/revisions"}],"wp:featuredmedia":[{"embeddable":true,"href":"https:\/\/www.hoymercedes.com.ar\/principal\/wp-json\/wp\/v2\/media\/94984"}],"wp:attachment":[{"href":"https:\/\/www.hoymercedes.com.ar\/principal\/wp-json\/wp\/v2\/media?parent=94970"}],"wp:term":[{"taxonomy":"category","embeddable":true,"href":"https:\/\/www.hoymercedes.com.ar\/principal\/wp-json\/wp\/v2\/categories?post=94970"},{"taxonomy":"post_tag","embeddable":true,"href":"https:\/\/www.hoymercedes.com.ar\/principal\/wp-json\/wp\/v2\/tags?post=94970"}],"curies":[{"name":"wp","href":"https:\/\/api.w.org\/{rel}","templated":true}]}}