{"id":94993,"date":"2019-06-13T11:00:33","date_gmt":"2019-06-13T14:00:33","guid":{"rendered":"http:\/\/www.hoymercedes.com.ar\/principal\/?p=94993"},"modified":"2019-06-13T08:49:33","modified_gmt":"2019-06-13T11:49:33","slug":"__trashed-8","status":"publish","type":"post","link":"https:\/\/www.hoymercedes.com.ar\/principal\/2019\/06\/13\/__trashed-8\/","title":{"rendered":"En Flandria contin\u00faa el \u00abLobo\u00bb Montenegro como DT, pero no seguir\u00e1 Mart\u00edn Minadevino"},"content":{"rendered":"\n<p><strong>Solo Ascenso.<\/strong> Despu\u00e9s de haber quedado en la puerta del Reducido de la B Metropolitana, Flandria comenz\u00f3 a pensar en lo que ser\u00e1 la pr\u00f3xima temporada y, a\u00fan sin la confirmaci\u00f3n oficial de la continuidad de Andr\u00e9s Montenegro, este viernes retomar\u00e1 los trabajos en J\u00e1uregui.\u00a0<\/p>\n\n\n\n<figure class=\"wp-block-image\"><img loading=\"lazy\" decoding=\"async\" width=\"650\" height=\"362\" data-attachment-id=\"94997\" data-permalink=\"https:\/\/www.hoymercedes.com.ar\/principal\/2019\/06\/13\/__trashed-8\/martin-minadevino-flandria\/#main\" data-orig-file=\"https:\/\/www.hoymercedes.com.ar\/principal\/wp-content\/uploads\/2019\/06\/Martin-Minadevino-Flandria.jpg\" data-orig-size=\"650,362\" data-comments-opened=\"0\" data-image-meta=\"{&quot;aperture&quot;:&quot;0&quot;,&quot;credit&quot;:&quot;&quot;,&quot;camera&quot;:&quot;&quot;,&quot;caption&quot;:&quot;&quot;,&quot;created_timestamp&quot;:&quot;0&quot;,&quot;copyright&quot;:&quot;&quot;,&quot;focal_length&quot;:&quot;0&quot;,&quot;iso&quot;:&quot;0&quot;,&quot;shutter_speed&quot;:&quot;0&quot;,&quot;title&quot;:&quot;&quot;,&quot;orientation&quot;:&quot;0&quot;}\" data-image-title=\"Martin-Minadevino-Flandria\" data-image-description=\"\" data-image-caption=\"\" data-large-file=\"https:\/\/www.hoymercedes.com.ar\/principal\/wp-content\/uploads\/2019\/06\/Martin-Minadevino-Flandria.jpg\" src=\"https:\/\/www.hoymercedes.com.ar\/principal\/wp-content\/uploads\/2019\/06\/Martin-Minadevino-Flandria.jpg\" alt=\"\" class=\"wp-image-94997\" srcset=\"https:\/\/www.hoymercedes.com.ar\/principal\/wp-content\/uploads\/2019\/06\/Martin-Minadevino-Flandria.jpg 650w, https:\/\/www.hoymercedes.com.ar\/principal\/wp-content\/uploads\/2019\/06\/Martin-Minadevino-Flandria-150x84.jpg 150w, https:\/\/www.hoymercedes.com.ar\/principal\/wp-content\/uploads\/2019\/06\/Martin-Minadevino-Flandria-630x351.jpg 630w\" sizes=\"auto, (max-width: 650px) 100vw, 650px\" \/><\/figure>\n\n\n\n<p>Es m\u00e1s que un hecho que el Lobo seguir\u00e1 al mando del plantel profesional y por ello, le present\u00f3 a los dirigentes una lista de los jugadores que no tendr\u00e1 en cuenta para cu\u00e1ndo vuelvan a los entrenamientos.&nbsp;<\/p>\n\n\n\n<p>A la salida obligada de Enzo Acosta, quien regres\u00f3 a Quilmes luego de su pr\u00e9stamo en el Canario, se le agregan V\u00edctor Rodr\u00edguez, Martin Minadevino, Emanuel Escuredo, Pedro Sosa y Nahuel Barrag\u00e1n, que no seguir\u00e1n en la instituci\u00f3n.\u00a0<\/p>\n\n\n\n<p>Con m\u00e1s o menos participaci\u00f3n en el equipo, a ellos se agregar\u00e1n algunos futbolistas m\u00e1s. En tanto, se trabaja en la renovaci\u00f3n de algunos a los que su contrato finaliza a fines de junio. Por lo pronto, la cita para los que contin\u00faan es el viernes a las 9.30 en el Carlos V.\n\n<\/p>\n","protected":false},"excerpt":{"rendered":"<p>Solo Ascenso. Despu\u00e9s de haber quedado en la puerta del Reducido de la B Metropolitana, Flandria comenz\u00f3 a pensar en &#8230; <a title=\"En Flandria contin\u00faa el \u00abLobo\u00bb Montenegro como DT, pero no seguir\u00e1 Mart\u00edn Minadevino\" class=\"read-more\" href=\"https:\/\/www.hoymercedes.com.ar\/principal\/2019\/06\/13\/__trashed-8\/\" aria-label=\"Leer m\u00e1s sobre En Flandria contin\u00faa el \u00abLobo\u00bb Montenegro como DT, pero no seguir\u00e1 Mart\u00edn Minadevino\">Leer m\u00e1s<\/a><\/p>\n","protected":false},"author":1,"featured_media":94997,"comment_status":"closed","ping_status":"open","sticky":false,"template":"","format":"standard","meta":{"_monsterinsights_skip_tracking":false,"_monsterinsights_sitenote_active":false,"_monsterinsights_sitenote_note":"","_monsterinsights_sitenote_category":0,"jetpack_post_was_ever_published":false,"_jetpack_newsletter_access":"","_jetpack_dont_email_post_to_subs":false,"_jetpack_newsletter_tier_id":0,"_jetpack_memberships_contains_paywalled_content":false,"_jetpack_memberships_contains_paid_content":false,"footnotes":"","jetpack_publicize_message":"","jetpack_publicize_feature_enabled":true,"jetpack_social_post_already_shared":true,"jetpack_social_options":{"image_generator_settings":{"template":"highway","default_image_id":0,"font":"","enabled":false},"version":2},"_wpas_customize_per_network":false},"categories":[21],"tags":[10649,14446],"class_list":["post-94993","post","type-post","status-publish","format-standard","has-post-thumbnail","hentry","category-deportes","tag-martin-minadevino","tag-primera-b-metropolitana","generate-columns","tablet-grid-50","mobile-grid-100","grid-parent","grid-50"],"jetpack_publicize_connections":[],"jetpack_featured_media_url":"https:\/\/www.hoymercedes.com.ar\/principal\/wp-content\/uploads\/2019\/06\/Martin-Minadevino-Flandria.jpg","wps_subtitle":"La Legi\u00f3n","jetpack_sharing_enabled":true,"_links":{"self":[{"href":"https:\/\/www.hoymercedes.com.ar\/principal\/wp-json\/wp\/v2\/posts\/94993","targetHints":{"allow":["GET"]}}],"collection":[{"href":"https:\/\/www.hoymercedes.com.ar\/principal\/wp-json\/wp\/v2\/posts"}],"about":[{"href":"https:\/\/www.hoymercedes.com.ar\/principal\/wp-json\/wp\/v2\/types\/post"}],"author":[{"embeddable":true,"href":"https:\/\/www.hoymercedes.com.ar\/principal\/wp-json\/wp\/v2\/users\/1"}],"replies":[{"embeddable":true,"href":"https:\/\/www.hoymercedes.com.ar\/principal\/wp-json\/wp\/v2\/comments?post=94993"}],"version-history":[{"count":0,"href":"https:\/\/www.hoymercedes.com.ar\/principal\/wp-json\/wp\/v2\/posts\/94993\/revisions"}],"wp:featuredmedia":[{"embeddable":true,"href":"https:\/\/www.hoymercedes.com.ar\/principal\/wp-json\/wp\/v2\/media\/94997"}],"wp:attachment":[{"href":"https:\/\/www.hoymercedes.com.ar\/principal\/wp-json\/wp\/v2\/media?parent=94993"}],"wp:term":[{"taxonomy":"category","embeddable":true,"href":"https:\/\/www.hoymercedes.com.ar\/principal\/wp-json\/wp\/v2\/categories?post=94993"},{"taxonomy":"post_tag","embeddable":true,"href":"https:\/\/www.hoymercedes.com.ar\/principal\/wp-json\/wp\/v2\/tags?post=94993"}],"curies":[{"name":"wp","href":"https:\/\/api.w.org\/{rel}","templated":true}]}}