{"id":95030,"date":"2019-06-13T10:52:27","date_gmt":"2019-06-13T13:52:27","guid":{"rendered":"http:\/\/www.hoymercedes.com.ar\/principal\/?p=95030"},"modified":"2019-06-13T14:41:40","modified_gmt":"2019-06-13T17:41:40","slug":"por-la-crisis-se-siguen-suspendiendo-presentaciones-teatrales","status":"publish","type":"post","link":"https:\/\/www.hoymercedes.com.ar\/principal\/2019\/06\/13\/por-la-crisis-se-siguen-suspendiendo-presentaciones-teatrales\/","title":{"rendered":"Por la crisis se siguen suspendiendo presentaciones teatrales"},"content":{"rendered":"\n<figure class=\"wp-block-image\"><img loading=\"lazy\" decoding=\"async\" width=\"1024\" height=\"1024\" data-attachment-id=\"95031\" data-permalink=\"https:\/\/www.hoymercedes.com.ar\/principal\/2019\/06\/13\/por-la-crisis-se-siguen-suspendiendo-presentaciones-teatrales\/teatro-1-2\/#main\" data-orig-file=\"https:\/\/www.hoymercedes.com.ar\/principal\/wp-content\/uploads\/2019\/06\/teatro-1.jpg\" data-orig-size=\"1200,1200\" data-comments-opened=\"0\" data-image-meta=\"{&quot;aperture&quot;:&quot;0&quot;,&quot;credit&quot;:&quot;&quot;,&quot;camera&quot;:&quot;&quot;,&quot;caption&quot;:&quot;&quot;,&quot;created_timestamp&quot;:&quot;0&quot;,&quot;copyright&quot;:&quot;&quot;,&quot;focal_length&quot;:&quot;0&quot;,&quot;iso&quot;:&quot;0&quot;,&quot;shutter_speed&quot;:&quot;0&quot;,&quot;title&quot;:&quot;&quot;,&quot;orientation&quot;:&quot;0&quot;}\" data-image-title=\"teatro-1\" data-image-description=\"\" data-image-caption=\"\" data-large-file=\"https:\/\/www.hoymercedes.com.ar\/principal\/wp-content\/uploads\/2019\/06\/teatro-1-1024x1024.jpg\" src=\"https:\/\/www.hoymercedes.com.ar\/principal\/wp-content\/uploads\/2019\/06\/teatro-1-1024x1024.jpg\" alt=\"\" class=\"wp-image-95031\" srcset=\"https:\/\/www.hoymercedes.com.ar\/principal\/wp-content\/uploads\/2019\/06\/teatro-1-1024x1024.jpg 1024w, https:\/\/www.hoymercedes.com.ar\/principal\/wp-content\/uploads\/2019\/06\/teatro-1-150x150.jpg 150w, https:\/\/www.hoymercedes.com.ar\/principal\/wp-content\/uploads\/2019\/06\/teatro-1-620x620.jpg 620w, https:\/\/www.hoymercedes.com.ar\/principal\/wp-content\/uploads\/2019\/06\/teatro-1-100x100.jpg 100w, https:\/\/www.hoymercedes.com.ar\/principal\/wp-content\/uploads\/2019\/06\/teatro-1.jpg 1200w\" sizes=\"auto, (max-width: 1024px) 100vw, 1024px\" \/><figcaption>Ultima suspensi\u00f3n <\/figcaption><\/figure>\n\n\n\n<p>Este fin de semana una nueva producci\u00f3n de espect\u00e1culos a nivel nacional decidi\u00f3 dar de baja su presentaci\u00f3n. Nuevamente el motivo esgrimido fue \u201cla falta de venta de entradas\u201d que no \u201cpermiten cubrir los costos\u201d sabiendo que \u201cla crisis que afecta el pa\u00eds se siente en todos lados\u201d. En el Teatro Argentino destacaron que es la 5\u00ba en lo que va del a\u00f1o. Para Francisco Dinova \u201cEs una situaci\u00f3n muy dolorosa, pero la realidad es que la crisis que se vive afecta a todos\u201d<\/p>\n\n\n\n<p>Capaccio dio m\u00e1s detalles y sostuvo que \u201cdesde la Direcci\u00f3n de Cultura trabajamos apoyando siempre a los artistas y las obras, sin embargo, hay una realidad&nbsp; muy dif\u00edcil y con la buena voluntad no alcanza\u201d sostuvo y manifest\u00f3 que \u201cllevamos en lo que va del a\u00f1o suspendida Siempre Juntos, que iba a ser este fin de semana, pero adem\u00e1s Verdades Mentirosas, Sex Coach, Rodr\u00edguez &#8211; Galati y a Nicol\u00e1s De Tracy\u201d inform\u00f3 quien tiene a cargo la gran sala mercedina.<\/p>\n\n\n\n<p>Para Lucia Capaccio es \u201cuna situaci\u00f3n que nos preocupa. Sabemos que el arte genera trabajo, muevo la econom\u00eda, lo sabemos porque es una realidad que en Mercedes apostamos a ello, pero tambi\u00e9n que no hay dinero en la sociedad, que est\u00e1 todo muy complicado\u201d sostuvo<\/p>\n\n\n\n<p>Por lo pronto, la decisi\u00f3n no es desde el Teatro, sino a nivel nacional por parte de la producci\u00f3n de \u201cSiempre Juntos\u201d, obra que contaba con la presencia estelar de Barbieri y Bal, entre otros.<\/p>\n\n\n\n<p>Dinova sostuvo que \u201cnuestro teatro seguir\u00e1 con las puertas abiertas a las distintas producciones interesadas en venir a Mercedes, brindaremos toda nuestra experiencia y trabajo, deseando puedan presentarse y sean del gusto de todos los vecinos\u201d.<\/p>\n","protected":false},"excerpt":{"rendered":"<p>Este fin de semana una nueva producci\u00f3n de espect\u00e1culos a nivel nacional decidi\u00f3 dar de baja su presentaci\u00f3n. Nuevamente el &#8230; <a title=\"Por la crisis se siguen suspendiendo presentaciones teatrales\" class=\"read-more\" href=\"https:\/\/www.hoymercedes.com.ar\/principal\/2019\/06\/13\/por-la-crisis-se-siguen-suspendiendo-presentaciones-teatrales\/\" aria-label=\"Leer m\u00e1s sobre Por la crisis se siguen suspendiendo presentaciones teatrales\">Leer m\u00e1s<\/a><\/p>\n","protected":false},"author":1,"featured_media":95031,"comment_status":"closed","ping_status":"open","sticky":false,"template":"","format":"standard","meta":{"_monsterinsights_skip_tracking":false,"_monsterinsights_sitenote_active":false,"_monsterinsights_sitenote_note":"","_monsterinsights_sitenote_category":0,"jetpack_post_was_ever_published":false,"_jetpack_newsletter_access":"","_jetpack_dont_email_post_to_subs":false,"_jetpack_newsletter_tier_id":0,"_jetpack_memberships_contains_paywalled_content":false,"_jetpack_memberships_contains_paid_content":false,"footnotes":"","jetpack_publicize_message":"","jetpack_publicize_feature_enabled":true,"jetpack_social_post_already_shared":true,"jetpack_social_options":{"image_generator_settings":{"template":"highway","default_image_id":0,"font":"","enabled":false},"version":2},"_wpas_customize_per_network":false},"categories":[104],"tags":[7805,244,1180],"class_list":["post-95030","post","type-post","status-publish","format-standard","has-post-thumbnail","hentry","category-cultura","tag-cultura","tag-municipio-2","tag-teatro","generate-columns","tablet-grid-50","mobile-grid-100","grid-parent","grid-50"],"jetpack_publicize_connections":[],"jetpack_featured_media_url":"https:\/\/www.hoymercedes.com.ar\/principal\/wp-content\/uploads\/2019\/06\/teatro-1.jpg","wps_subtitle":"Arte y Cultura","jetpack_sharing_enabled":true,"_links":{"self":[{"href":"https:\/\/www.hoymercedes.com.ar\/principal\/wp-json\/wp\/v2\/posts\/95030","targetHints":{"allow":["GET"]}}],"collection":[{"href":"https:\/\/www.hoymercedes.com.ar\/principal\/wp-json\/wp\/v2\/posts"}],"about":[{"href":"https:\/\/www.hoymercedes.com.ar\/principal\/wp-json\/wp\/v2\/types\/post"}],"author":[{"embeddable":true,"href":"https:\/\/www.hoymercedes.com.ar\/principal\/wp-json\/wp\/v2\/users\/1"}],"replies":[{"embeddable":true,"href":"https:\/\/www.hoymercedes.com.ar\/principal\/wp-json\/wp\/v2\/comments?post=95030"}],"version-history":[{"count":0,"href":"https:\/\/www.hoymercedes.com.ar\/principal\/wp-json\/wp\/v2\/posts\/95030\/revisions"}],"wp:featuredmedia":[{"embeddable":true,"href":"https:\/\/www.hoymercedes.com.ar\/principal\/wp-json\/wp\/v2\/media\/95031"}],"wp:attachment":[{"href":"https:\/\/www.hoymercedes.com.ar\/principal\/wp-json\/wp\/v2\/media?parent=95030"}],"wp:term":[{"taxonomy":"category","embeddable":true,"href":"https:\/\/www.hoymercedes.com.ar\/principal\/wp-json\/wp\/v2\/categories?post=95030"},{"taxonomy":"post_tag","embeddable":true,"href":"https:\/\/www.hoymercedes.com.ar\/principal\/wp-json\/wp\/v2\/tags?post=95030"}],"curies":[{"name":"wp","href":"https:\/\/api.w.org\/{rel}","templated":true}]}}