{"id":95036,"date":"2019-06-13T12:26:45","date_gmt":"2019-06-13T15:26:45","guid":{"rendered":"http:\/\/www.hoymercedes.com.ar\/principal\/?p=95036"},"modified":"2019-06-13T18:05:46","modified_gmt":"2019-06-13T21:05:46","slug":"tomo-juramento-como-concejal-facundo-mozzone","status":"publish","type":"post","link":"https:\/\/www.hoymercedes.com.ar\/principal\/2019\/06\/13\/tomo-juramento-como-concejal-facundo-mozzone\/","title":{"rendered":"Tom\u00f3 juramento como Concejal Facundo Mozzone"},"content":{"rendered":"\n<p>Facundo Mozzone, con 29 a\u00f1os, es militante de la Juventud Radical y asumi\u00f3 como concejal de Mercedes remplazando a Jos\u00e9 Mar\u00eda \u00abSeson\u00bb Comesa\u00f1a hasta el 2021.<\/p>\n\n\n\n<figure class=\"wp-block-image\"><img loading=\"lazy\" decoding=\"async\" width=\"800\" height=\"604\" data-attachment-id=\"95038\" data-permalink=\"https:\/\/www.hoymercedes.com.ar\/principal\/2019\/06\/13\/tomo-juramento-como-concejal-facundo-mozzone\/13-mozzone-04-1\/#main\" data-orig-file=\"https:\/\/www.hoymercedes.com.ar\/principal\/wp-content\/uploads\/2019\/06\/13-Mozzone-04-1.jpeg\" data-orig-size=\"800,604\" data-comments-opened=\"0\" data-image-meta=\"{&quot;aperture&quot;:&quot;0&quot;,&quot;credit&quot;:&quot;&quot;,&quot;camera&quot;:&quot;&quot;,&quot;caption&quot;:&quot;&quot;,&quot;created_timestamp&quot;:&quot;0&quot;,&quot;copyright&quot;:&quot;&quot;,&quot;focal_length&quot;:&quot;0&quot;,&quot;iso&quot;:&quot;0&quot;,&quot;shutter_speed&quot;:&quot;0&quot;,&quot;title&quot;:&quot;&quot;,&quot;orientation&quot;:&quot;0&quot;}\" data-image-title=\"13-Mozzone-04-1\" data-image-description=\"\" data-image-caption=\"\" data-large-file=\"https:\/\/www.hoymercedes.com.ar\/principal\/wp-content\/uploads\/2019\/06\/13-Mozzone-04-1.jpeg\" src=\"https:\/\/www.hoymercedes.com.ar\/principal\/wp-content\/uploads\/2019\/06\/13-Mozzone-04-1.jpeg\" alt=\"\" class=\"wp-image-95038\" srcset=\"https:\/\/www.hoymercedes.com.ar\/principal\/wp-content\/uploads\/2019\/06\/13-Mozzone-04-1.jpeg 800w, https:\/\/www.hoymercedes.com.ar\/principal\/wp-content\/uploads\/2019\/06\/13-Mozzone-04-1-150x113.jpeg 150w, https:\/\/www.hoymercedes.com.ar\/principal\/wp-content\/uploads\/2019\/06\/13-Mozzone-04-1-630x476.jpeg 630w, https:\/\/www.hoymercedes.com.ar\/principal\/wp-content\/uploads\/2019\/06\/13-Mozzone-04-1-100x75.jpeg 100w\" sizes=\"auto, (max-width: 800px) 100vw, 800px\" \/><\/figure>\n\n\n\n<p>En el marco de una sesi\u00f3n extraordinaria, el jueves al mediod\u00eda, el cuerpo de Concejales de Mercedes, tom\u00f3 juramento a un nuevo legislador. Un joven militante radical que ocupar\u00e1 la banca del m\u00e9dico Comesa\u00f1a tras renunciar el lunes pasado. <\/p>\n\n\n\n<p>La titular del cuerpo legislativo, solicit\u00f3 a los presidentes de bloques analizar la documentaci\u00f3n presentada para luego habilitar a Facundo Mozzone para su jura. As\u00ed hizo su ingreso al recinto el joven de 29 a\u00f1os, proveniente de una familia hist\u00f3rica en el radicalismo que intensific\u00f3 su militancia en la campa\u00f1a de 2015 con Lucas Fal como candidato. <\/p>\n\n\n\n<p>Ante los presentes jur\u00f3 y agradeci\u00f3 las palabras de sus colegas en el Deliberativo que le dieron la bienvenida y reconocieron la militancia de su familia y bromearon por su simpat\u00eda hacia Racing Club. \u00abPara m\u00ed es un honor y un orgullo estar ac\u00e1.  Les agradezco las palabras que dijeron sobre m\u00ed. S\u00e9 que voy a trabajar y voy a dejar lo mejor de m\u00ed para tratar de desempe\u00f1arme de la mejor manera\u00bb, dijo brevemente despu\u00e9s de las palabras de los resto de los concejales. <\/p>\n\n\n\n<p>\u00abReivindico la militancia pol\u00edtica de Facundo y de su familia. Una familia que siempre estuvo en el Radicalismo. No hubo lista en la que no figurara alg\u00fan Mozzone. Siempre estuvieron trabajando y poniendo el hombro y la militancia a disposici\u00f3n del partido y de la comunidad\u00bb, expres\u00f3 Oscar Albini. <\/p>\n\n\n\n<p>Palabras de bienvenida tambi\u00e9n tuvieron los Concejales Carlos Milhomme,  Santiago Altube, Esteban Biaggini, la concejala Celeste Burone y Edgar Kilmeatte que destacaron la juventud de Mozzone, sus valores y el trabajo de su familia en la pol\u00edtica local y en las actividades barriales.  <\/p>\n","protected":false},"excerpt":{"rendered":"<p>Facundo Mozzone, con 29 a\u00f1os, es militante de la Juventud Radical y asumi\u00f3 como concejal de Mercedes remplazando a Jos\u00e9 &#8230; <a title=\"Tom\u00f3 juramento como Concejal Facundo Mozzone\" class=\"read-more\" href=\"https:\/\/www.hoymercedes.com.ar\/principal\/2019\/06\/13\/tomo-juramento-como-concejal-facundo-mozzone\/\" aria-label=\"Leer m\u00e1s sobre Tom\u00f3 juramento como Concejal Facundo Mozzone\">Leer m\u00e1s<\/a><\/p>\n","protected":false},"author":1,"featured_media":95037,"comment_status":"closed","ping_status":"open","sticky":false,"template":"","format":"standard","meta":{"_monsterinsights_skip_tracking":false,"_monsterinsights_sitenote_active":false,"_monsterinsights_sitenote_note":"","_monsterinsights_sitenote_category":0,"jetpack_post_was_ever_published":false,"_jetpack_newsletter_access":"","_jetpack_dont_email_post_to_subs":false,"_jetpack_newsletter_tier_id":0,"_jetpack_memberships_contains_paywalled_content":false,"_jetpack_memberships_contains_paid_content":false,"footnotes":"","jetpack_publicize_message":"","jetpack_publicize_feature_enabled":true,"jetpack_social_post_already_shared":true,"jetpack_social_options":{"image_generator_settings":{"template":"highway","default_image_id":0,"font":"","enabled":false},"version":2},"_wpas_customize_per_network":false},"categories":[5],"tags":[15322,9153,15,14199],"class_list":["post-95036","post","type-post","status-publish","format-standard","has-post-thumbnail","hentry","category-politica","tag-asucnion","tag-concejal","tag-hcd","tag-politica","generate-columns","tablet-grid-50","mobile-grid-100","grid-parent","grid-50"],"jetpack_publicize_connections":[],"jetpack_featured_media_url":"https:\/\/www.hoymercedes.com.ar\/principal\/wp-content\/uploads\/2019\/06\/13-Mozzone-04.jpeg","wps_subtitle":"","jetpack_sharing_enabled":true,"_links":{"self":[{"href":"https:\/\/www.hoymercedes.com.ar\/principal\/wp-json\/wp\/v2\/posts\/95036","targetHints":{"allow":["GET"]}}],"collection":[{"href":"https:\/\/www.hoymercedes.com.ar\/principal\/wp-json\/wp\/v2\/posts"}],"about":[{"href":"https:\/\/www.hoymercedes.com.ar\/principal\/wp-json\/wp\/v2\/types\/post"}],"author":[{"embeddable":true,"href":"https:\/\/www.hoymercedes.com.ar\/principal\/wp-json\/wp\/v2\/users\/1"}],"replies":[{"embeddable":true,"href":"https:\/\/www.hoymercedes.com.ar\/principal\/wp-json\/wp\/v2\/comments?post=95036"}],"version-history":[{"count":0,"href":"https:\/\/www.hoymercedes.com.ar\/principal\/wp-json\/wp\/v2\/posts\/95036\/revisions"}],"wp:featuredmedia":[{"embeddable":true,"href":"https:\/\/www.hoymercedes.com.ar\/principal\/wp-json\/wp\/v2\/media\/95037"}],"wp:attachment":[{"href":"https:\/\/www.hoymercedes.com.ar\/principal\/wp-json\/wp\/v2\/media?parent=95036"}],"wp:term":[{"taxonomy":"category","embeddable":true,"href":"https:\/\/www.hoymercedes.com.ar\/principal\/wp-json\/wp\/v2\/categories?post=95036"},{"taxonomy":"post_tag","embeddable":true,"href":"https:\/\/www.hoymercedes.com.ar\/principal\/wp-json\/wp\/v2\/tags?post=95036"}],"curies":[{"name":"wp","href":"https:\/\/api.w.org\/{rel}","templated":true}]}}