{"id":95058,"date":"2019-06-13T18:00:48","date_gmt":"2019-06-13T21:00:48","guid":{"rendered":"http:\/\/www.hoymercedes.com.ar\/principal\/?p=95058"},"modified":"2019-06-13T17:14:08","modified_gmt":"2019-06-13T20:14:08","slug":"mercedes-aprende-llego-a-las-escuelas-especiales-503-y-504","status":"publish","type":"post","link":"https:\/\/www.hoymercedes.com.ar\/principal\/2019\/06\/13\/mercedes-aprende-llego-a-las-escuelas-especiales-503-y-504\/","title":{"rendered":"Mercedes aprende lleg\u00f3 a las escuelas especiales 503 y 504"},"content":{"rendered":"\n<p>El Municipio de Mercedes contin\u00faa con la entrega de manuales y kits escolares por las diferentes instituciones educativas de Mercedes. En esta oportunidad, este dispositivo de gran val\u00eda y que tanto beneficio conllev\u00f3 a gran parte de las familias mercedinas, se traslad\u00f3 a las Escuelas de Educaci\u00f3n Especial N\u00b0 503 y N\u00b0 504.\u00a0<\/p>\n\n\n\n<figure class=\"wp-block-image\"><img loading=\"lazy\" decoding=\"async\" width=\"750\" height=\"364\" data-attachment-id=\"95059\" data-permalink=\"https:\/\/www.hoymercedes.com.ar\/principal\/2019\/06\/13\/mercedes-aprende-llego-a-las-escuelas-especiales-503-y-504\/13-escuelas-500\/#main\" data-orig-file=\"https:\/\/www.hoymercedes.com.ar\/principal\/wp-content\/uploads\/2019\/06\/13-escuelas-500.jpeg\" data-orig-size=\"750,364\" data-comments-opened=\"0\" data-image-meta=\"{&quot;aperture&quot;:&quot;0&quot;,&quot;credit&quot;:&quot;&quot;,&quot;camera&quot;:&quot;&quot;,&quot;caption&quot;:&quot;&quot;,&quot;created_timestamp&quot;:&quot;0&quot;,&quot;copyright&quot;:&quot;&quot;,&quot;focal_length&quot;:&quot;0&quot;,&quot;iso&quot;:&quot;0&quot;,&quot;shutter_speed&quot;:&quot;0&quot;,&quot;title&quot;:&quot;&quot;,&quot;orientation&quot;:&quot;0&quot;}\" data-image-title=\"13-escuelas-500\" data-image-description=\"\" data-image-caption=\"\" data-large-file=\"https:\/\/www.hoymercedes.com.ar\/principal\/wp-content\/uploads\/2019\/06\/13-escuelas-500.jpeg\" src=\"https:\/\/www.hoymercedes.com.ar\/principal\/wp-content\/uploads\/2019\/06\/13-escuelas-500.jpeg\" alt=\"\" class=\"wp-image-95059\" srcset=\"https:\/\/www.hoymercedes.com.ar\/principal\/wp-content\/uploads\/2019\/06\/13-escuelas-500.jpeg 750w, https:\/\/www.hoymercedes.com.ar\/principal\/wp-content\/uploads\/2019\/06\/13-escuelas-500-150x73.jpeg 150w, https:\/\/www.hoymercedes.com.ar\/principal\/wp-content\/uploads\/2019\/06\/13-escuelas-500-630x306.jpeg 630w\" sizes=\"auto, (max-width: 750px) 100vw, 750px\" \/><\/figure>\n\n\n\n<p>Las entregas se encuentran enmarcadas dentro del programa municipal \u201cMercedes Aprende\u201d.&nbsp;&nbsp;All\u00ed, estuvo presente el intendente Juan Ignacio Ustarroz, junto a la directora de discapacidad, Tatiana L\u00f3pez y coordinadores del \u00e1rea de educaci\u00f3n.<\/p>\n\n\n\n<p>A trav\u00e9s de esta iniciativa, el municipio se compromete y asegura la accesibilidad, de al menos un libro para cada educando, de manera gratuita. Esta propuesta incluye a los alumnos del primer ciclo lectivo, de primer a tercer grado.<\/p>\n\n\n\n<p>Con m\u00e1s de 5 millones de pesos invertidos, casi 10 mil libros y miles de delantales y \u00fatiles la comuna contin\u00faa \u201cdemostrando que la educaci\u00f3n es una prioridad\u201d. Los manuales seleccionados y entregados, fueron propuestos por diferentes docentes, directivos e inspectores del \u00e1mbito local. Adem\u00e1s, este programa, distribuy\u00f3 2500 kits para jardines, 2.500 para secundaria y 5.000 para escuelas primarias.<br><\/p>\n","protected":false},"excerpt":{"rendered":"<p>El Municipio de Mercedes contin\u00faa con la entrega de manuales y kits escolares por las diferentes instituciones educativas de Mercedes. &#8230; <a title=\"Mercedes aprende lleg\u00f3 a las escuelas especiales 503 y 504\" class=\"read-more\" href=\"https:\/\/www.hoymercedes.com.ar\/principal\/2019\/06\/13\/mercedes-aprende-llego-a-las-escuelas-especiales-503-y-504\/\" aria-label=\"Leer m\u00e1s sobre Mercedes aprende lleg\u00f3 a las escuelas especiales 503 y 504\">Leer m\u00e1s<\/a><\/p>\n","protected":false},"author":1,"featured_media":95059,"comment_status":"closed","ping_status":"open","sticky":false,"template":"","format":"standard","meta":{"_monsterinsights_skip_tracking":false,"_monsterinsights_sitenote_active":false,"_monsterinsights_sitenote_note":"","_monsterinsights_sitenote_category":0,"jetpack_post_was_ever_published":false,"_jetpack_newsletter_access":"","_jetpack_dont_email_post_to_subs":false,"_jetpack_newsletter_tier_id":0,"_jetpack_memberships_contains_paywalled_content":false,"_jetpack_memberships_contains_paid_content":false,"footnotes":"","jetpack_publicize_message":"","jetpack_publicize_feature_enabled":true,"jetpack_social_post_already_shared":true,"jetpack_social_options":{"image_generator_settings":{"template":"highway","default_image_id":0,"font":"","enabled":false},"version":2},"_wpas_customize_per_network":false},"categories":[30],"tags":[47,15326,13953,244],"class_list":["post-95058","post","type-post","status-publish","format-standard","has-post-thumbnail","hentry","category-municipio","tag-educacion-2","tag-escuelas-de-educacion-especial","tag-mercedes-aprende","tag-municipio-2","generate-columns","tablet-grid-50","mobile-grid-100","grid-parent","grid-50"],"jetpack_publicize_connections":[],"jetpack_featured_media_url":"https:\/\/www.hoymercedes.com.ar\/principal\/wp-content\/uploads\/2019\/06\/13-escuelas-500.jpeg","wps_subtitle":"","jetpack_sharing_enabled":true,"_links":{"self":[{"href":"https:\/\/www.hoymercedes.com.ar\/principal\/wp-json\/wp\/v2\/posts\/95058","targetHints":{"allow":["GET"]}}],"collection":[{"href":"https:\/\/www.hoymercedes.com.ar\/principal\/wp-json\/wp\/v2\/posts"}],"about":[{"href":"https:\/\/www.hoymercedes.com.ar\/principal\/wp-json\/wp\/v2\/types\/post"}],"author":[{"embeddable":true,"href":"https:\/\/www.hoymercedes.com.ar\/principal\/wp-json\/wp\/v2\/users\/1"}],"replies":[{"embeddable":true,"href":"https:\/\/www.hoymercedes.com.ar\/principal\/wp-json\/wp\/v2\/comments?post=95058"}],"version-history":[{"count":0,"href":"https:\/\/www.hoymercedes.com.ar\/principal\/wp-json\/wp\/v2\/posts\/95058\/revisions"}],"wp:featuredmedia":[{"embeddable":true,"href":"https:\/\/www.hoymercedes.com.ar\/principal\/wp-json\/wp\/v2\/media\/95059"}],"wp:attachment":[{"href":"https:\/\/www.hoymercedes.com.ar\/principal\/wp-json\/wp\/v2\/media?parent=95058"}],"wp:term":[{"taxonomy":"category","embeddable":true,"href":"https:\/\/www.hoymercedes.com.ar\/principal\/wp-json\/wp\/v2\/categories?post=95058"},{"taxonomy":"post_tag","embeddable":true,"href":"https:\/\/www.hoymercedes.com.ar\/principal\/wp-json\/wp\/v2\/tags?post=95058"}],"curies":[{"name":"wp","href":"https:\/\/api.w.org\/{rel}","templated":true}]}}