{"id":95067,"date":"2019-06-14T00:19:11","date_gmt":"2019-06-14T03:19:11","guid":{"rendered":"http:\/\/www.hoymercedes.com.ar\/principal\/?p=95067"},"modified":"2019-06-14T10:05:57","modified_gmt":"2019-06-14T13:05:57","slug":"guillermo-moreno-estara-presente-en-mercedes","status":"publish","type":"post","link":"https:\/\/www.hoymercedes.com.ar\/principal\/2019\/06\/14\/guillermo-moreno-estara-presente-en-mercedes\/","title":{"rendered":"Guillermo Moreno estar\u00e1 presente en Mercedes"},"content":{"rendered":"\n<p>Este viernes 14 de junio, 19:30 horas, el pre candidato a Presidente, Guillermo Moreno se har\u00e1 presente en la ciudad de Mercedes. Estar\u00e1 acompa\u00f1ado por Jorge Villalba, precandidato a Intendente por CEJUS (Consejo Evang\u00e9lico Justicialista) presentando el partido en el \u00e1mbito local. El acto ser\u00e1 en el Club Quilmes de 12 y 15. <\/p>\n\n\n\n<figure class=\"wp-block-image\"><img loading=\"lazy\" decoding=\"async\" width=\"750\" height=\"500\" data-attachment-id=\"95105\" data-permalink=\"https:\/\/www.hoymercedes.com.ar\/principal\/2019\/06\/14\/guillermo-moreno-estara-presente-en-mercedes\/13-villalba\/#main\" data-orig-file=\"https:\/\/www.hoymercedes.com.ar\/principal\/wp-content\/uploads\/2019\/06\/13-villalba.jpg\" data-orig-size=\"750,500\" data-comments-opened=\"0\" data-image-meta=\"{&quot;aperture&quot;:&quot;2&quot;,&quot;credit&quot;:&quot;&quot;,&quot;camera&quot;:&quot;Moto G (5S) Plus&quot;,&quot;caption&quot;:&quot;&quot;,&quot;created_timestamp&quot;:&quot;1560428963&quot;,&quot;copyright&quot;:&quot;&quot;,&quot;focal_length&quot;:&quot;3.59&quot;,&quot;iso&quot;:&quot;796&quot;,&quot;shutter_speed&quot;:&quot;0.0016722408026756&quot;,&quot;title&quot;:&quot;&quot;,&quot;orientation&quot;:&quot;1&quot;}\" data-image-title=\"13 villalba\" data-image-description=\"\" data-image-caption=\"\" data-large-file=\"https:\/\/www.hoymercedes.com.ar\/principal\/wp-content\/uploads\/2019\/06\/13-villalba.jpg\" src=\"https:\/\/www.hoymercedes.com.ar\/principal\/wp-content\/uploads\/2019\/06\/13-villalba.jpg\" alt=\"\" class=\"wp-image-95105\" srcset=\"https:\/\/www.hoymercedes.com.ar\/principal\/wp-content\/uploads\/2019\/06\/13-villalba.jpg 750w, https:\/\/www.hoymercedes.com.ar\/principal\/wp-content\/uploads\/2019\/06\/13-villalba-150x100.jpg 150w, https:\/\/www.hoymercedes.com.ar\/principal\/wp-content\/uploads\/2019\/06\/13-villalba-630x420.jpg 630w, https:\/\/www.hoymercedes.com.ar\/principal\/wp-content\/uploads\/2019\/06\/13-villalba-720x480.jpg 720w, https:\/\/www.hoymercedes.com.ar\/principal\/wp-content\/uploads\/2019\/06\/13-villalba-360x240.jpg 360w\" sizes=\"auto, (max-width: 750px) 100vw, 750px\" \/><\/figure>\n\n\n\n<p>Con \u00e1nimo de invitar a loa vecinos a sumarse al acto de este viernes, Jorge Villalba explic\u00f3 que desde hace varios a\u00f1os hace pol\u00edtica social no partidaria. \u00abEn febrero de este a\u00f1o, el intendente me llam\u00f3 para participar en pol\u00edtica partidaria y yo le dije que s\u00ed. El pa\u00eds est\u00e1 tan en decadencia u destruido que alguien tiene que hacer algo. No pod\u00eda quedarme encerrado en la iglesia. As\u00ed que decid\u00ed participar\u00bb, explic\u00f3 ante medios de la ciudad. <\/p>\n\n\n\n<p>Asimismo, explic\u00f3 que se form\u00f3 el Consejo Evang\u00e9lico Justicialista a nivel nacional y luego lo invitaron a conformar CEJUS en Mercedes. \u00abNuestro candidato a nivel nacional es Guillermo Moreno. \u00c9l mismo dice que no es de consenso. Tiene una postura fuerte, de cristianismo, bien firme.  Profundamente cristiano y humanista. Estamos trabajando desde CEJUS para sumar a muchos que quieran participar\u00bb, agreg\u00f3 anticipando que tambi\u00e9n estar\u00e1 presente el pre candidato a gobernador. <\/p>\n\n\n\n<p>Desde las 19:30 horas del viernes 14, Guillermo Moreno estar\u00e1 en la sede del Club Quilmes de 12 y 15. All\u00ed mismo se lanzar\u00e1 la mesa local del partido CEJUS. <\/p>\n","protected":false},"excerpt":{"rendered":"<p>Este viernes 14 de junio, 19:30 horas, el pre candidato a Presidente, Guillermo Moreno se har\u00e1 presente en la ciudad &#8230; <a title=\"Guillermo Moreno estar\u00e1 presente en Mercedes\" class=\"read-more\" href=\"https:\/\/www.hoymercedes.com.ar\/principal\/2019\/06\/14\/guillermo-moreno-estara-presente-en-mercedes\/\" aria-label=\"Leer m\u00e1s sobre Guillermo Moreno estar\u00e1 presente en Mercedes\">Leer m\u00e1s<\/a><\/p>\n","protected":false},"author":1,"featured_media":95105,"comment_status":"closed","ping_status":"open","sticky":false,"template":"","format":"standard","meta":{"_monsterinsights_skip_tracking":false,"_monsterinsights_sitenote_active":false,"_monsterinsights_sitenote_note":"","_monsterinsights_sitenote_category":0,"jetpack_post_was_ever_published":false,"_jetpack_newsletter_access":"","_jetpack_dont_email_post_to_subs":false,"_jetpack_newsletter_tier_id":0,"_jetpack_memberships_contains_paywalled_content":false,"_jetpack_memberships_contains_paid_content":false,"footnotes":"","jetpack_publicize_message":"","jetpack_publicize_feature_enabled":true,"jetpack_social_post_already_shared":true,"jetpack_social_options":{"image_generator_settings":{"template":"highway","default_image_id":0,"font":"","enabled":false},"version":2},"_wpas_customize_per_network":false},"categories":[5],"tags":[15332,14403,5319,15333],"class_list":["post-95067","post","type-post","status-publish","format-standard","has-post-thumbnail","hentry","category-politica","tag-cejis","tag-elecciones-2019","tag-politica-2","tag-visita-a-mercedes","generate-columns","tablet-grid-50","mobile-grid-100","grid-parent","grid-50"],"jetpack_publicize_connections":[],"jetpack_featured_media_url":"https:\/\/www.hoymercedes.com.ar\/principal\/wp-content\/uploads\/2019\/06\/13-villalba.jpg","wps_subtitle":"","jetpack_sharing_enabled":true,"_links":{"self":[{"href":"https:\/\/www.hoymercedes.com.ar\/principal\/wp-json\/wp\/v2\/posts\/95067","targetHints":{"allow":["GET"]}}],"collection":[{"href":"https:\/\/www.hoymercedes.com.ar\/principal\/wp-json\/wp\/v2\/posts"}],"about":[{"href":"https:\/\/www.hoymercedes.com.ar\/principal\/wp-json\/wp\/v2\/types\/post"}],"author":[{"embeddable":true,"href":"https:\/\/www.hoymercedes.com.ar\/principal\/wp-json\/wp\/v2\/users\/1"}],"replies":[{"embeddable":true,"href":"https:\/\/www.hoymercedes.com.ar\/principal\/wp-json\/wp\/v2\/comments?post=95067"}],"version-history":[{"count":0,"href":"https:\/\/www.hoymercedes.com.ar\/principal\/wp-json\/wp\/v2\/posts\/95067\/revisions"}],"wp:featuredmedia":[{"embeddable":true,"href":"https:\/\/www.hoymercedes.com.ar\/principal\/wp-json\/wp\/v2\/media\/95105"}],"wp:attachment":[{"href":"https:\/\/www.hoymercedes.com.ar\/principal\/wp-json\/wp\/v2\/media?parent=95067"}],"wp:term":[{"taxonomy":"category","embeddable":true,"href":"https:\/\/www.hoymercedes.com.ar\/principal\/wp-json\/wp\/v2\/categories?post=95067"},{"taxonomy":"post_tag","embeddable":true,"href":"https:\/\/www.hoymercedes.com.ar\/principal\/wp-json\/wp\/v2\/tags?post=95067"}],"curies":[{"name":"wp","href":"https:\/\/api.w.org\/{rel}","templated":true}]}}