{"id":95070,"date":"2019-06-13T18:59:28","date_gmt":"2019-06-13T21:59:28","guid":{"rendered":"http:\/\/www.hoymercedes.com.ar\/principal\/?p=95070"},"modified":"2019-06-13T19:32:57","modified_gmt":"2019-06-13T22:32:57","slug":"pabellon-y-talleres-empataron-en-primera-y-reserva-en-el-adeudado-de-la-fecha-3","status":"publish","type":"post","link":"https:\/\/www.hoymercedes.com.ar\/principal\/2019\/06\/13\/pabellon-y-talleres-empataron-en-primera-y-reserva-en-el-adeudado-de-la-fecha-3\/","title":{"rendered":"Pabell\u00f3n y Talleres empataron en Primera y Reserva en el adeudado de la fecha 3"},"content":{"rendered":"\n<p>En Marcos Paz, Talleres ten\u00eda la dif\u00edcil misi\u00f3n de poder sumar puntos ante Pabell\u00f3n de Marcos Paz, el l\u00edder de la Zona A en Primera Divisi\u00f3n y en Reserva. El conjunto mercedino est\u00e1 \u00faltimo en la Zona C en ambas categor\u00edas y en la mayor, reci\u00e9n este fin de semana pudo conseguir el primer punto.<\/p>\n\n\n\n<p>En la tarde noche de este mi\u00e9rcoles se jugaron los dos partidos y ambos terminaron empatados en 1, con lo cual no cambiaron las posiciones de ninguno en las dos categor\u00edas, pero le genera mayor esperanza a Estudiantes en Primera, que ahora est\u00e1 a dos puntos cuando los de Marcos Paz deben un s\u00f3lo encuentro.<\/p>\n\n\n\n<p>En cuanto a Reserva, los de Marcos Paz a\u00fan adeudan dos encuentros, pero que no hayan ganado es un aliciente para Holanda, hasta la fecha pasada l\u00edder de la A, y ahora est\u00e1 tres puntos abajo, que podr\u00edan estirarse a nueve, si es que Pabell\u00f3n derrota a La Diego Armando y a Atl\u00e9tico Marcos Paz.<\/p>\n\n\n\n<p><strong>Primera<\/strong><br><strong>Pabell\u00f3n Argentino 1:<\/strong>&nbsp;Franco Monz\u00f3n.<br><strong>Talleres Payr\u00f3 1:<\/strong>&nbsp;Lucas Basualdo.<\/p>\n\n\n\n<p><strong>Reserva<\/strong><br><strong>Pabell\u00f3n Argentino 1.<br>Talleres Payr\u00f3 1.<\/strong><\/p>\n\n\n\n<p>Se suspendi\u00f3 lo del jueves<\/p>\n\n\n\n<figure class=\"wp-block-image\"><img loading=\"lazy\" decoding=\"async\" width=\"1024\" height=\"576\" data-attachment-id=\"95071\" data-permalink=\"https:\/\/www.hoymercedes.com.ar\/principal\/2019\/06\/13\/pabellon-y-talleres-empataron-en-primera-y-reserva-en-el-adeudado-de-la-fecha-3\/liga-inundada\/#main\" data-orig-file=\"https:\/\/www.hoymercedes.com.ar\/principal\/wp-content\/uploads\/2019\/06\/liga-inundada.jpeg\" data-orig-size=\"1024,576\" data-comments-opened=\"0\" data-image-meta=\"{&quot;aperture&quot;:&quot;0&quot;,&quot;credit&quot;:&quot;&quot;,&quot;camera&quot;:&quot;&quot;,&quot;caption&quot;:&quot;&quot;,&quot;created_timestamp&quot;:&quot;0&quot;,&quot;copyright&quot;:&quot;&quot;,&quot;focal_length&quot;:&quot;0&quot;,&quot;iso&quot;:&quot;0&quot;,&quot;shutter_speed&quot;:&quot;0&quot;,&quot;title&quot;:&quot;&quot;,&quot;orientation&quot;:&quot;0&quot;}\" data-image-title=\"liga-inundada\" data-image-description=\"\" data-image-caption=\"\" data-large-file=\"https:\/\/www.hoymercedes.com.ar\/principal\/wp-content\/uploads\/2019\/06\/liga-inundada-1024x576.jpeg\" src=\"https:\/\/www.hoymercedes.com.ar\/principal\/wp-content\/uploads\/2019\/06\/liga-inundada-1024x576.jpeg\" alt=\"\" class=\"wp-image-95071\" srcset=\"https:\/\/www.hoymercedes.com.ar\/principal\/wp-content\/uploads\/2019\/06\/liga-inundada.jpeg 1024w, https:\/\/www.hoymercedes.com.ar\/principal\/wp-content\/uploads\/2019\/06\/liga-inundada-150x84.jpeg 150w, https:\/\/www.hoymercedes.com.ar\/principal\/wp-content\/uploads\/2019\/06\/liga-inundada-630x354.jpeg 630w\" sizes=\"auto, (max-width: 1024px) 100vw, 1024px\" \/><\/figure>\n\n\n\n<p>Los dos encuentros de Primera Divisi\u00f3n que estaban programados para este jueves fueron suspendidos. Ellos eran Holanda Vs. Uni\u00f3n y Los Carteros ante El Front\u00f3n. Desde la Web oficial de la Liga Mercedina indicaron que saber cu\u00e1ndo se jugar\u00e1n estos dos encuentros depender\u00e1 de lo que ocurra con lo programado para este fin de semana largo, ya que la lluvia se prev\u00e9 que contin\u00fae para s\u00e1bado, domingo y lunes, con lo que podr\u00eda pararse el torneo por primera vez desde su inicio, ya que cuando llovi\u00f3, se hab\u00eda jugado la mitad de la s\u00e9ptima fecha.<\/p>\n\n\n\n<figure class=\"wp-block-image\"><img loading=\"lazy\" decoding=\"async\" width=\"654\" height=\"791\" data-attachment-id=\"95072\" data-permalink=\"https:\/\/www.hoymercedes.com.ar\/principal\/2019\/06\/13\/pabellon-y-talleres-empataron-en-primera-y-reserva-en-el-adeudado-de-la-fecha-3\/primera-liga-pos-4-3\/#main\" data-orig-file=\"https:\/\/www.hoymercedes.com.ar\/principal\/wp-content\/uploads\/2019\/06\/PRIMERA-LIGA-POS-4.png\" data-orig-size=\"654,791\" data-comments-opened=\"0\" data-image-meta=\"{&quot;aperture&quot;:&quot;0&quot;,&quot;credit&quot;:&quot;&quot;,&quot;camera&quot;:&quot;&quot;,&quot;caption&quot;:&quot;&quot;,&quot;created_timestamp&quot;:&quot;0&quot;,&quot;copyright&quot;:&quot;&quot;,&quot;focal_length&quot;:&quot;0&quot;,&quot;iso&quot;:&quot;0&quot;,&quot;shutter_speed&quot;:&quot;0&quot;,&quot;title&quot;:&quot;&quot;,&quot;orientation&quot;:&quot;0&quot;}\" data-image-title=\"PRIMERA-LIGA-POS-4\" data-image-description=\"\" data-image-caption=\"\" data-large-file=\"https:\/\/www.hoymercedes.com.ar\/principal\/wp-content\/uploads\/2019\/06\/PRIMERA-LIGA-POS-4.png\" src=\"https:\/\/www.hoymercedes.com.ar\/principal\/wp-content\/uploads\/2019\/06\/PRIMERA-LIGA-POS-4.png\" alt=\"\" class=\"wp-image-95072\" srcset=\"https:\/\/www.hoymercedes.com.ar\/principal\/wp-content\/uploads\/2019\/06\/PRIMERA-LIGA-POS-4.png 654w, https:\/\/www.hoymercedes.com.ar\/principal\/wp-content\/uploads\/2019\/06\/PRIMERA-LIGA-POS-4-124x150.png 124w, https:\/\/www.hoymercedes.com.ar\/principal\/wp-content\/uploads\/2019\/06\/PRIMERA-LIGA-POS-4-513x620.png 513w\" sizes=\"auto, (max-width: 654px) 100vw, 654px\" \/><\/figure>\n\n\n\n<figure class=\"wp-block-image\"><img loading=\"lazy\" decoding=\"async\" width=\"654\" height=\"768\" data-attachment-id=\"95073\" data-permalink=\"https:\/\/www.hoymercedes.com.ar\/principal\/2019\/06\/13\/pabellon-y-talleres-empataron-en-primera-y-reserva-en-el-adeudado-de-la-fecha-3\/reserva-liga-pos-3-3\/#main\" data-orig-file=\"https:\/\/www.hoymercedes.com.ar\/principal\/wp-content\/uploads\/2019\/06\/RESERVA-LIGA-POS-3.png\" data-orig-size=\"654,768\" data-comments-opened=\"0\" data-image-meta=\"{&quot;aperture&quot;:&quot;0&quot;,&quot;credit&quot;:&quot;&quot;,&quot;camera&quot;:&quot;&quot;,&quot;caption&quot;:&quot;&quot;,&quot;created_timestamp&quot;:&quot;0&quot;,&quot;copyright&quot;:&quot;&quot;,&quot;focal_length&quot;:&quot;0&quot;,&quot;iso&quot;:&quot;0&quot;,&quot;shutter_speed&quot;:&quot;0&quot;,&quot;title&quot;:&quot;&quot;,&quot;orientation&quot;:&quot;0&quot;}\" data-image-title=\"RESERVA-LIGA-POS-3\" data-image-description=\"\" data-image-caption=\"\" data-large-file=\"https:\/\/www.hoymercedes.com.ar\/principal\/wp-content\/uploads\/2019\/06\/RESERVA-LIGA-POS-3.png\" src=\"https:\/\/www.hoymercedes.com.ar\/principal\/wp-content\/uploads\/2019\/06\/RESERVA-LIGA-POS-3.png\" alt=\"\" class=\"wp-image-95073\" srcset=\"https:\/\/www.hoymercedes.com.ar\/principal\/wp-content\/uploads\/2019\/06\/RESERVA-LIGA-POS-3.png 654w, https:\/\/www.hoymercedes.com.ar\/principal\/wp-content\/uploads\/2019\/06\/RESERVA-LIGA-POS-3-128x150.png 128w, https:\/\/www.hoymercedes.com.ar\/principal\/wp-content\/uploads\/2019\/06\/RESERVA-LIGA-POS-3-528x620.png 528w\" sizes=\"auto, (max-width: 654px) 100vw, 654px\" \/><\/figure>\n","protected":false},"excerpt":{"rendered":"<p>En Marcos Paz, Talleres ten\u00eda la dif\u00edcil misi\u00f3n de poder sumar puntos ante Pabell\u00f3n de Marcos Paz, el l\u00edder de &#8230; <a title=\"Pabell\u00f3n y Talleres empataron en Primera y Reserva en el adeudado de la fecha 3\" class=\"read-more\" href=\"https:\/\/www.hoymercedes.com.ar\/principal\/2019\/06\/13\/pabellon-y-talleres-empataron-en-primera-y-reserva-en-el-adeudado-de-la-fecha-3\/\" aria-label=\"Leer m\u00e1s sobre Pabell\u00f3n y Talleres empataron en Primera y Reserva en el adeudado de la fecha 3\">Leer m\u00e1s<\/a><\/p>\n","protected":false},"author":1,"featured_media":95071,"comment_status":"closed","ping_status":"open","sticky":false,"template":"","format":"standard","meta":{"_monsterinsights_skip_tracking":false,"_monsterinsights_sitenote_active":false,"_monsterinsights_sitenote_note":"","_monsterinsights_sitenote_category":0,"jetpack_post_was_ever_published":false,"_jetpack_newsletter_access":"","_jetpack_dont_email_post_to_subs":false,"_jetpack_newsletter_tier_id":0,"_jetpack_memberships_contains_paywalled_content":false,"_jetpack_memberships_contains_paid_content":false,"footnotes":"","jetpack_publicize_message":"","jetpack_publicize_feature_enabled":true,"jetpack_social_post_already_shared":true,"jetpack_social_options":{"image_generator_settings":{"template":"highway","default_image_id":0,"font":"","enabled":false},"version":2},"_wpas_customize_per_network":false},"categories":[21],"tags":[10030],"class_list":["post-95070","post","type-post","status-publish","format-standard","has-post-thumbnail","hentry","category-deportes","tag-talleres","generate-columns","tablet-grid-50","mobile-grid-100","grid-parent","grid-50"],"jetpack_publicize_connections":[],"jetpack_featured_media_url":"https:\/\/www.hoymercedes.com.ar\/principal\/wp-content\/uploads\/2019\/06\/liga-inundada.jpeg","wps_subtitle":"Liga Mercedina","jetpack_sharing_enabled":true,"_links":{"self":[{"href":"https:\/\/www.hoymercedes.com.ar\/principal\/wp-json\/wp\/v2\/posts\/95070","targetHints":{"allow":["GET"]}}],"collection":[{"href":"https:\/\/www.hoymercedes.com.ar\/principal\/wp-json\/wp\/v2\/posts"}],"about":[{"href":"https:\/\/www.hoymercedes.com.ar\/principal\/wp-json\/wp\/v2\/types\/post"}],"author":[{"embeddable":true,"href":"https:\/\/www.hoymercedes.com.ar\/principal\/wp-json\/wp\/v2\/users\/1"}],"replies":[{"embeddable":true,"href":"https:\/\/www.hoymercedes.com.ar\/principal\/wp-json\/wp\/v2\/comments?post=95070"}],"version-history":[{"count":0,"href":"https:\/\/www.hoymercedes.com.ar\/principal\/wp-json\/wp\/v2\/posts\/95070\/revisions"}],"wp:featuredmedia":[{"embeddable":true,"href":"https:\/\/www.hoymercedes.com.ar\/principal\/wp-json\/wp\/v2\/media\/95071"}],"wp:attachment":[{"href":"https:\/\/www.hoymercedes.com.ar\/principal\/wp-json\/wp\/v2\/media?parent=95070"}],"wp:term":[{"taxonomy":"category","embeddable":true,"href":"https:\/\/www.hoymercedes.com.ar\/principal\/wp-json\/wp\/v2\/categories?post=95070"},{"taxonomy":"post_tag","embeddable":true,"href":"https:\/\/www.hoymercedes.com.ar\/principal\/wp-json\/wp\/v2\/tags?post=95070"}],"curies":[{"name":"wp","href":"https:\/\/api.w.org\/{rel}","templated":true}]}}