{"id":95087,"date":"2019-06-14T10:47:22","date_gmt":"2019-06-14T13:47:22","guid":{"rendered":"http:\/\/www.hoymercedes.com.ar\/principal\/?p=95087"},"modified":"2019-06-14T10:07:11","modified_gmt":"2019-06-14T13:07:11","slug":"maxi-mercedes-vencio-a-bella-vista-y-se-aleja-de-velez","status":"publish","type":"post","link":"https:\/\/www.hoymercedes.com.ar\/principal\/2019\/06\/14\/maxi-mercedes-vencio-a-bella-vista-y-se-aleja-de-velez\/","title":{"rendered":"Maxi Mercedes venci\u00f3 a Bella Vista y se aleja de V\u00e9lez"},"content":{"rendered":"\n<p>cincoinicial.com Victoria 71-65 de Unitarios Maxi Mercedes sobre Bella Vista, por la fecha 11 del grupo B1 de la primera fase del Torneo de Primera B +35 de FeBAMBA. Javier \u00abChendo\u00bb Fern\u00e1ndez (24) y Mat\u00edas \u00abShooter\u00bb Zumpano (21) fueron los destacados en la escuadra ganadora. Guido \u00abel Legendario\u00bb Peccia (19) fue la referencia de gol del visitante.<\/p>\n\n\n\n<figure class=\"wp-block-image\"><img loading=\"lazy\" decoding=\"async\" width=\"800\" height=\"601\" data-attachment-id=\"95088\" data-permalink=\"https:\/\/www.hoymercedes.com.ar\/principal\/2019\/06\/14\/maxi-mercedes-vencio-a-bella-vista-y-se-aleja-de-velez\/maxi-35-vs-bella-vista\/#main\" data-orig-file=\"https:\/\/www.hoymercedes.com.ar\/principal\/wp-content\/uploads\/2019\/06\/Maxi-35-Vs-Bella-Vista.jpg\" data-orig-size=\"800,601\" data-comments-opened=\"0\" data-image-meta=\"{&quot;aperture&quot;:&quot;0&quot;,&quot;credit&quot;:&quot;&quot;,&quot;camera&quot;:&quot;&quot;,&quot;caption&quot;:&quot;&quot;,&quot;created_timestamp&quot;:&quot;0&quot;,&quot;copyright&quot;:&quot;&quot;,&quot;focal_length&quot;:&quot;0&quot;,&quot;iso&quot;:&quot;0&quot;,&quot;shutter_speed&quot;:&quot;0&quot;,&quot;title&quot;:&quot;&quot;,&quot;orientation&quot;:&quot;0&quot;}\" data-image-title=\"Maxi-35-Vs-Bella-Vista\" data-image-description=\"\" data-image-caption=\"\" data-large-file=\"https:\/\/www.hoymercedes.com.ar\/principal\/wp-content\/uploads\/2019\/06\/Maxi-35-Vs-Bella-Vista.jpg\" src=\"https:\/\/www.hoymercedes.com.ar\/principal\/wp-content\/uploads\/2019\/06\/Maxi-35-Vs-Bella-Vista.jpg\" alt=\"\" class=\"wp-image-95088\" srcset=\"https:\/\/www.hoymercedes.com.ar\/principal\/wp-content\/uploads\/2019\/06\/Maxi-35-Vs-Bella-Vista.jpg 800w, https:\/\/www.hoymercedes.com.ar\/principal\/wp-content\/uploads\/2019\/06\/Maxi-35-Vs-Bella-Vista-150x113.jpg 150w, https:\/\/www.hoymercedes.com.ar\/principal\/wp-content\/uploads\/2019\/06\/Maxi-35-Vs-Bella-Vista-630x473.jpg 630w, https:\/\/www.hoymercedes.com.ar\/principal\/wp-content\/uploads\/2019\/06\/Maxi-35-Vs-Bella-Vista-320x240.jpg 320w, https:\/\/www.hoymercedes.com.ar\/principal\/wp-content\/uploads\/2019\/06\/Maxi-35-Vs-Bella-Vista-100x75.jpg 100w\" sizes=\"auto, (max-width: 800px) 100vw, 800px\" \/><\/figure>\n\n\n\n<p>Con tres bajas que resintieron su rotaci\u00f3n el puntero de la B1 tuvo que esmerarse para derrotar al Tachero. Partido parejo, entretenido, que se defini\u00f3 reci\u00e9n en el \u00faltimo cuarto, cuando el local clav\u00f3 4 bombas&nbsp;consecutivas&nbsp;y se encamin\u00f3 a un triunfo&nbsp;que debi\u00f3 defender con u\u00f1as y dientes ante un visitante que no se dio por vencido.&nbsp;<\/p>\n\n\n\n<h4 class=\"wp-block-heading\">S\u00edntesis<\/h4>\n\n\n\n<p>Unitarios Maxi Mercedes (71): Sebasti\u00e1n \u00abEl Viejo\u00bb Cejas (11), Marcelo Marchetti (-), Cristian Piers (1), Dami\u00e1n \u00abRuso\u00bb Ullmann (-), Mat\u00edas \u00abShooter\u00bb Zumpano (21), Javier \u00abChendo\u00bb Fern\u00e1ndez (24), Diego Netto (-), Mat\u00edas Ram\u00edrez (7) y Leonardo Goyanes (7). DT: V\u00edctor Siri\u00a0<br>Bella Vista (65): Guido \u00abel Legendario\u00bb Peccia (19), Emiliano Rosell (12), Diego Gamarra (2), Leandro \u00abRuso\u00bb Magnelli (2), Gabriel Gonz\u00e1lez (11), Gerardo Barillaro (9), Adri\u00e1n \u00abAdry Show\u00bb Bordas (9), Sergio Solinas (1) y Mario Hamm (-). DT: Guido Peccia\u00a0<br>Cancha: Unitarios de Marcos Paz<br>Parciales: 17-16 \/ 14-18 (31-34) \/ 19-15 (50-49) \/ 21-16 (71-65)\u00a0<\/p>\n\n\n\n<div class=\"wp-block-image\"><figure class=\"aligncenter\"><img loading=\"lazy\" decoding=\"async\" width=\"544\" height=\"341\" data-attachment-id=\"95089\" data-permalink=\"https:\/\/www.hoymercedes.com.ar\/principal\/2019\/06\/14\/maxi-mercedes-vencio-a-bella-vista-y-se-aleja-de-velez\/pos-max-35\/#main\" data-orig-file=\"https:\/\/www.hoymercedes.com.ar\/principal\/wp-content\/uploads\/2019\/06\/pos-max-35.png\" data-orig-size=\"544,341\" data-comments-opened=\"0\" data-image-meta=\"{&quot;aperture&quot;:&quot;0&quot;,&quot;credit&quot;:&quot;&quot;,&quot;camera&quot;:&quot;&quot;,&quot;caption&quot;:&quot;&quot;,&quot;created_timestamp&quot;:&quot;0&quot;,&quot;copyright&quot;:&quot;&quot;,&quot;focal_length&quot;:&quot;0&quot;,&quot;iso&quot;:&quot;0&quot;,&quot;shutter_speed&quot;:&quot;0&quot;,&quot;title&quot;:&quot;&quot;,&quot;orientation&quot;:&quot;0&quot;}\" data-image-title=\"pos-max-35\" data-image-description=\"\" data-image-caption=\"\" data-large-file=\"https:\/\/www.hoymercedes.com.ar\/principal\/wp-content\/uploads\/2019\/06\/pos-max-35.png\" src=\"https:\/\/www.hoymercedes.com.ar\/principal\/wp-content\/uploads\/2019\/06\/pos-max-35.png\" alt=\"\" class=\"wp-image-95089\" srcset=\"https:\/\/www.hoymercedes.com.ar\/principal\/wp-content\/uploads\/2019\/06\/pos-max-35.png 544w, https:\/\/www.hoymercedes.com.ar\/principal\/wp-content\/uploads\/2019\/06\/pos-max-35-150x94.png 150w\" sizes=\"auto, (max-width: 544px) 100vw, 544px\" \/><\/figure><\/div>\n","protected":false},"excerpt":{"rendered":"<p>cincoinicial.com Victoria 71-65 de Unitarios Maxi Mercedes sobre Bella Vista, por la fecha 11 del grupo B1 de la primera &#8230; <a title=\"Maxi Mercedes venci\u00f3 a Bella Vista y se aleja de V\u00e9lez\" class=\"read-more\" href=\"https:\/\/www.hoymercedes.com.ar\/principal\/2019\/06\/14\/maxi-mercedes-vencio-a-bella-vista-y-se-aleja-de-velez\/\" aria-label=\"Leer m\u00e1s sobre Maxi Mercedes venci\u00f3 a Bella Vista y se aleja de V\u00e9lez\">Leer m\u00e1s<\/a><\/p>\n","protected":false},"author":1,"featured_media":95088,"comment_status":"closed","ping_status":"open","sticky":false,"template":"","format":"standard","meta":{"_monsterinsights_skip_tracking":false,"_monsterinsights_sitenote_active":false,"_monsterinsights_sitenote_note":"","_monsterinsights_sitenote_category":0,"jetpack_post_was_ever_published":false,"_jetpack_newsletter_access":"","_jetpack_dont_email_post_to_subs":false,"_jetpack_newsletter_tier_id":0,"_jetpack_memberships_contains_paywalled_content":false,"_jetpack_memberships_contains_paid_content":false,"footnotes":"","jetpack_publicize_message":"","jetpack_publicize_feature_enabled":true,"jetpack_social_post_already_shared":true,"jetpack_social_options":{"image_generator_settings":{"template":"highway","default_image_id":0,"font":"","enabled":false},"version":2},"_wpas_customize_per_network":false},"categories":[21],"tags":[1058,15329],"class_list":["post-95087","post","type-post","status-publish","format-standard","has-post-thumbnail","hentry","category-deportes","tag-basquet","tag-unitarios-maxi-mercedes","generate-columns","tablet-grid-50","mobile-grid-100","grid-parent","grid-50"],"jetpack_publicize_connections":[],"jetpack_featured_media_url":"https:\/\/www.hoymercedes.com.ar\/principal\/wp-content\/uploads\/2019\/06\/Maxi-35-Vs-Bella-Vista.jpg","wps_subtitle":"Basquet","jetpack_sharing_enabled":true,"_links":{"self":[{"href":"https:\/\/www.hoymercedes.com.ar\/principal\/wp-json\/wp\/v2\/posts\/95087","targetHints":{"allow":["GET"]}}],"collection":[{"href":"https:\/\/www.hoymercedes.com.ar\/principal\/wp-json\/wp\/v2\/posts"}],"about":[{"href":"https:\/\/www.hoymercedes.com.ar\/principal\/wp-json\/wp\/v2\/types\/post"}],"author":[{"embeddable":true,"href":"https:\/\/www.hoymercedes.com.ar\/principal\/wp-json\/wp\/v2\/users\/1"}],"replies":[{"embeddable":true,"href":"https:\/\/www.hoymercedes.com.ar\/principal\/wp-json\/wp\/v2\/comments?post=95087"}],"version-history":[{"count":0,"href":"https:\/\/www.hoymercedes.com.ar\/principal\/wp-json\/wp\/v2\/posts\/95087\/revisions"}],"wp:featuredmedia":[{"embeddable":true,"href":"https:\/\/www.hoymercedes.com.ar\/principal\/wp-json\/wp\/v2\/media\/95088"}],"wp:attachment":[{"href":"https:\/\/www.hoymercedes.com.ar\/principal\/wp-json\/wp\/v2\/media?parent=95087"}],"wp:term":[{"taxonomy":"category","embeddable":true,"href":"https:\/\/www.hoymercedes.com.ar\/principal\/wp-json\/wp\/v2\/categories?post=95087"},{"taxonomy":"post_tag","embeddable":true,"href":"https:\/\/www.hoymercedes.com.ar\/principal\/wp-json\/wp\/v2\/tags?post=95087"}],"curies":[{"name":"wp","href":"https:\/\/api.w.org\/{rel}","templated":true}]}}