{"id":95111,"date":"2019-06-14T11:21:29","date_gmt":"2019-06-14T14:21:29","guid":{"rendered":"http:\/\/www.hoymercedes.com.ar\/principal\/?p=95111"},"modified":"2019-06-14T11:18:46","modified_gmt":"2019-06-14T14:18:46","slug":"cambiemos-oficializo-la-precandidatura-de-de-paola","status":"publish","type":"post","link":"https:\/\/www.hoymercedes.com.ar\/principal\/2019\/06\/14\/cambiemos-oficializo-la-precandidatura-de-de-paola\/","title":{"rendered":"Cambiemos oficializ\u00f3 la precandidatura de De Paola"},"content":{"rendered":"\n<p>En una conferencia de prensa que reuni\u00f3 a los referentes del Frente Cambiemos de la Uni\u00f3n C\u00edvica Radical y del PRO Mercedes, leyeron una comunicaci\u00f3n p\u00fablica anunciando y reconfirmando la postulaci\u00f3n como precandidata a Intendente a la abogada Julia de Paola. <\/p>\n\n\n\n<figure class=\"wp-block-image\"><img loading=\"lazy\" decoding=\"async\" width=\"750\" height=\"500\" data-attachment-id=\"95112\" data-permalink=\"https:\/\/www.hoymercedes.com.ar\/principal\/2019\/06\/14\/cambiemos-oficializo-la-precandidatura-de-de-paola\/14-cambiemos-1\/#main\" data-orig-file=\"https:\/\/www.hoymercedes.com.ar\/principal\/wp-content\/uploads\/2019\/06\/14-cambiemos-1.jpg\" data-orig-size=\"750,500\" data-comments-opened=\"0\" data-image-meta=\"{&quot;aperture&quot;:&quot;2&quot;,&quot;credit&quot;:&quot;&quot;,&quot;camera&quot;:&quot;Moto G (5S) Plus&quot;,&quot;caption&quot;:&quot;&quot;,&quot;created_timestamp&quot;:&quot;1560453468&quot;,&quot;copyright&quot;:&quot;&quot;,&quot;focal_length&quot;:&quot;3.59&quot;,&quot;iso&quot;:&quot;859&quot;,&quot;shutter_speed&quot;:&quot;0.058823529411765&quot;,&quot;title&quot;:&quot;&quot;,&quot;orientation&quot;:&quot;1&quot;}\" data-image-title=\"14 cambiemos 1\" data-image-description=\"\" data-image-caption=\"\" data-large-file=\"https:\/\/www.hoymercedes.com.ar\/principal\/wp-content\/uploads\/2019\/06\/14-cambiemos-1.jpg\" src=\"https:\/\/www.hoymercedes.com.ar\/principal\/wp-content\/uploads\/2019\/06\/14-cambiemos-1.jpg\" alt=\"\" class=\"wp-image-95112\" srcset=\"https:\/\/www.hoymercedes.com.ar\/principal\/wp-content\/uploads\/2019\/06\/14-cambiemos-1.jpg 750w, https:\/\/www.hoymercedes.com.ar\/principal\/wp-content\/uploads\/2019\/06\/14-cambiemos-1-150x100.jpg 150w, https:\/\/www.hoymercedes.com.ar\/principal\/wp-content\/uploads\/2019\/06\/14-cambiemos-1-630x420.jpg 630w, https:\/\/www.hoymercedes.com.ar\/principal\/wp-content\/uploads\/2019\/06\/14-cambiemos-1-720x480.jpg 720w, https:\/\/www.hoymercedes.com.ar\/principal\/wp-content\/uploads\/2019\/06\/14-cambiemos-1-360x240.jpg 360w\" sizes=\"auto, (max-width: 750px) 100vw, 750px\" \/><\/figure>\n\n\n\n<p>A continuaci\u00f3n el comunicado le\u00eddo: <\/p>\n\n\n\n<p>\u00abLos que formamos parte de Cambiemos venimos trabajando desde hace a\u00f1os para transformar nuestra realidad y tener mejor calidad de vida. En nuestra ciudad, hemos acompa\u00f1ado y ayudado para que cada obra, cada beneficio, cada pol\u00edtica que desde el Gobierno Nacional y Provincial impulsaron, llegue a los mercedinos. Con la misma responsabilidad hemos trabajado en el Concejo Deliberante, impulsando propuestas positivas para nuestros vecinos, acompa\u00f1ando las de otros espacios que fueran en el mismo sentido y cuestionando aquellas que no.<\/p>\n\n\n\n<p>Mercedes tiene\nmucho para mejorar y creemos que los valores que representamos como el di\u00e1logo,\nel no bajar los brazos, el escuchar con humildad y autocr\u00edtica, y el trabajar\npara hacer realidad beneficios concretos que todos podamos ver en nuestro d\u00eda a\nd\u00eda, son lo que necesitamos en este momento.<\/p>\n\n\n\n<p>Hoy tenemos una\nGobernadora y un Presidente que han empezado a dar las peleas contra las mafias\ny la corrupci\u00f3n que nadie se hab\u00eda animado a dar. Tenemos obras que se empiezan\ny se terminan con transparencia que duran para siempre y que hac\u00eda d\u00e9cadas que\nest\u00e1bamos esperando como la obra en la ruta 5, las mejoras en la escuela Normal\ny la hidr\u00e1ulica que est\u00e1 en marcha en el r\u00edo Luj\u00e1n para que las lluvias dejen\nde ser un problema. Tenemos un Estado que no niega las dificultades, trabaja\npara resolverlas y que est\u00e1 cerca de los que m\u00e1s lo necesitan y cuando m\u00e1s se\nlo necesita como con la implementaci\u00f3n del SAME, las mejoras en la guardia del\nHospital Blas L. Dubarry,.<\/p>\n\n\n\n<p>Estamos convencidos de que el camino para mejorar nuestra ciudad es sumarnos a la transformaci\u00f3n que empezamos juntos en nuestro pa\u00eds, en nuestra provincia y en muchas localidades vecinas hace m\u00e1s de tres a\u00f1os y medio.<\/p>\n\n\n\n<figure class=\"wp-block-image\"><img loading=\"lazy\" decoding=\"async\" width=\"750\" height=\"342\" data-attachment-id=\"95113\" data-permalink=\"https:\/\/www.hoymercedes.com.ar\/principal\/2019\/06\/14\/cambiemos-oficializo-la-precandidatura-de-de-paola\/14-cambiemos-2\/#main\" data-orig-file=\"https:\/\/www.hoymercedes.com.ar\/principal\/wp-content\/uploads\/2019\/06\/14-cambiemos-2.jpg\" data-orig-size=\"750,342\" data-comments-opened=\"0\" data-image-meta=\"{&quot;aperture&quot;:&quot;0&quot;,&quot;credit&quot;:&quot;&quot;,&quot;camera&quot;:&quot;&quot;,&quot;caption&quot;:&quot;&quot;,&quot;created_timestamp&quot;:&quot;0&quot;,&quot;copyright&quot;:&quot;&quot;,&quot;focal_length&quot;:&quot;0&quot;,&quot;iso&quot;:&quot;0&quot;,&quot;shutter_speed&quot;:&quot;0&quot;,&quot;title&quot;:&quot;&quot;,&quot;orientation&quot;:&quot;0&quot;}\" data-image-title=\"14 cambiemos 2\" data-image-description=\"\" data-image-caption=\"\" data-large-file=\"https:\/\/www.hoymercedes.com.ar\/principal\/wp-content\/uploads\/2019\/06\/14-cambiemos-2.jpg\" src=\"https:\/\/www.hoymercedes.com.ar\/principal\/wp-content\/uploads\/2019\/06\/14-cambiemos-2.jpg\" alt=\"\" class=\"wp-image-95113\" srcset=\"https:\/\/www.hoymercedes.com.ar\/principal\/wp-content\/uploads\/2019\/06\/14-cambiemos-2.jpg 750w, https:\/\/www.hoymercedes.com.ar\/principal\/wp-content\/uploads\/2019\/06\/14-cambiemos-2-150x68.jpg 150w, https:\/\/www.hoymercedes.com.ar\/principal\/wp-content\/uploads\/2019\/06\/14-cambiemos-2-630x287.jpg 630w\" sizes=\"auto, (max-width: 750px) 100vw, 750px\" \/><\/figure>\n\n\n\n<p>Hoy, a poco de consumar\nlas elecciones primarias que desembocar\u00e1n en las presidenciales del mes de\noctubre, con unanimidad hemos logrado un consenso en torno a la persona que\nacompa\u00f1aremos en el camino rumbo a la intendencia local:&nbsp;Julia de Paola es\nla candidata que mejor defiende nuestros valores. Junto a muchos mercedinos\ncomprometidos con dar lo mejor de s\u00ed mismos por esta oportunidad hist\u00f3rica,\nviene recorriendo los barrios, escuchando a los vecinos y trabajando en\nproyectos para transformar para siempre nuestra ciudad.<\/p>\n\n\n\n<p>Con Mauricio y Mar\u00eda Eugenia somos un mismo equipo y tenemos las puertas abiertas para todos los mercedinos que sientan que este es el momento para dar un paso m\u00e1s y dar continuidad a un cambio verdadero que nos lleve a vivir en la Mercedes, la Provincia y la Argentina que nos merecemos\u00bb.<\/p>\n","protected":false},"excerpt":{"rendered":"<p>En una conferencia de prensa que reuni\u00f3 a los referentes del Frente Cambiemos de la Uni\u00f3n C\u00edvica Radical y del &#8230; <a title=\"Cambiemos oficializ\u00f3 la precandidatura de De Paola\" class=\"read-more\" href=\"https:\/\/www.hoymercedes.com.ar\/principal\/2019\/06\/14\/cambiemos-oficializo-la-precandidatura-de-de-paola\/\" aria-label=\"Leer m\u00e1s sobre Cambiemos oficializ\u00f3 la precandidatura de De Paola\">Leer m\u00e1s<\/a><\/p>\n","protected":false},"author":1,"featured_media":95113,"comment_status":"closed","ping_status":"open","sticky":false,"template":"","format":"standard","meta":{"_monsterinsights_skip_tracking":false,"_monsterinsights_sitenote_active":false,"_monsterinsights_sitenote_note":"","_monsterinsights_sitenote_category":0,"jetpack_post_was_ever_published":false,"_jetpack_newsletter_access":"","_jetpack_dont_email_post_to_subs":false,"_jetpack_newsletter_tier_id":0,"_jetpack_memberships_contains_paywalled_content":false,"_jetpack_memberships_contains_paid_content":false,"footnotes":"","jetpack_publicize_message":"","jetpack_publicize_feature_enabled":true,"jetpack_social_post_already_shared":true,"jetpack_social_options":{"image_generator_settings":{"template":"highway","default_image_id":0,"font":"","enabled":false},"version":2},"_wpas_customize_per_network":false},"categories":[5],"tags":[8055,10458,14403,5319,633,408],"class_list":["post-95111","post","type-post","status-publish","format-standard","has-post-thumbnail","hentry","category-politica","tag-cambiemos","tag-comunicacion","tag-elecciones-2019","tag-politica-2","tag-pro","tag-ucr","generate-columns","tablet-grid-50","mobile-grid-100","grid-parent","grid-50"],"jetpack_publicize_connections":[],"jetpack_featured_media_url":"https:\/\/www.hoymercedes.com.ar\/principal\/wp-content\/uploads\/2019\/06\/14-cambiemos-2.jpg","wps_subtitle":"En la tarde del jueves","jetpack_sharing_enabled":true,"_links":{"self":[{"href":"https:\/\/www.hoymercedes.com.ar\/principal\/wp-json\/wp\/v2\/posts\/95111","targetHints":{"allow":["GET"]}}],"collection":[{"href":"https:\/\/www.hoymercedes.com.ar\/principal\/wp-json\/wp\/v2\/posts"}],"about":[{"href":"https:\/\/www.hoymercedes.com.ar\/principal\/wp-json\/wp\/v2\/types\/post"}],"author":[{"embeddable":true,"href":"https:\/\/www.hoymercedes.com.ar\/principal\/wp-json\/wp\/v2\/users\/1"}],"replies":[{"embeddable":true,"href":"https:\/\/www.hoymercedes.com.ar\/principal\/wp-json\/wp\/v2\/comments?post=95111"}],"version-history":[{"count":0,"href":"https:\/\/www.hoymercedes.com.ar\/principal\/wp-json\/wp\/v2\/posts\/95111\/revisions"}],"wp:featuredmedia":[{"embeddable":true,"href":"https:\/\/www.hoymercedes.com.ar\/principal\/wp-json\/wp\/v2\/media\/95113"}],"wp:attachment":[{"href":"https:\/\/www.hoymercedes.com.ar\/principal\/wp-json\/wp\/v2\/media?parent=95111"}],"wp:term":[{"taxonomy":"category","embeddable":true,"href":"https:\/\/www.hoymercedes.com.ar\/principal\/wp-json\/wp\/v2\/categories?post=95111"},{"taxonomy":"post_tag","embeddable":true,"href":"https:\/\/www.hoymercedes.com.ar\/principal\/wp-json\/wp\/v2\/tags?post=95111"}],"curies":[{"name":"wp","href":"https:\/\/api.w.org\/{rel}","templated":true}]}}