{"id":95143,"date":"2019-06-14T19:39:36","date_gmt":"2019-06-14T22:39:36","guid":{"rendered":"http:\/\/www.hoymercedes.com.ar\/principal\/?p=95143"},"modified":"2019-06-14T20:35:27","modified_gmt":"2019-06-14T23:35:27","slug":"cef-40-vencio-sexta-y-primera-a-el-fronton","status":"publish","type":"post","link":"https:\/\/www.hoymercedes.com.ar\/principal\/2019\/06\/14\/cef-40-vencio-sexta-y-primera-a-el-fronton\/","title":{"rendered":"CEF 40 venci\u00f3 en Primera a El Front\u00f3n por la LINEBH"},"content":{"rendered":"\n<p>Por la quinta fecha del torneo de la Liga del Noroeste Bonaerense de Hockey, CEF 40 recibi\u00f3 en el predio del ex Mart\u00edn Rodr\u00edguez a El Front\u00f3n de San Andr\u00e9s de Giles y de los tres partidos que disputaron, gan\u00f3 en Primera Divisi\u00f3n, empat\u00f3 en Sexta, mientras que en S\u00e9ptima, la victoria fue para la visita.<\/p>\n\n\n\n<p>Debido a la lluvia de esta semana, los partidos que restaban jugarse por la quinta fecha, se suspendieron, por lo que deber\u00e1n reprogramarse Ateneo Vs. Estudiantes y Parque Esperanza Vs. Hurac\u00e1n, siendo \u00e9stos los primeros dos encuentros que van a quedar pendientes en el torneo.<\/p>\n\n\n\n<ul class=\"wp-block-gallery columns-3 is-cropped wp-block-gallery-1 is-layout-flex wp-block-gallery-is-layout-flex\"><li class=\"blocks-gallery-item\"><figure><img loading=\"lazy\" decoding=\"async\" width=\"608\" height=\"181\" data-attachment-id=\"95144\" data-permalink=\"https:\/\/www.hoymercedes.com.ar\/principal\/2019\/06\/14\/cef-40-vencio-sexta-y-primera-a-el-fronton\/fecha-5-mam\/#main\" data-orig-file=\"https:\/\/www.hoymercedes.com.ar\/principal\/wp-content\/uploads\/2019\/06\/FECHA-5-MAM.png\" data-orig-size=\"608,181\" data-comments-opened=\"0\" data-image-meta=\"{&quot;aperture&quot;:&quot;0&quot;,&quot;credit&quot;:&quot;&quot;,&quot;camera&quot;:&quot;&quot;,&quot;caption&quot;:&quot;&quot;,&quot;created_timestamp&quot;:&quot;0&quot;,&quot;copyright&quot;:&quot;&quot;,&quot;focal_length&quot;:&quot;0&quot;,&quot;iso&quot;:&quot;0&quot;,&quot;shutter_speed&quot;:&quot;0&quot;,&quot;title&quot;:&quot;&quot;,&quot;orientation&quot;:&quot;0&quot;}\" data-image-title=\"FECHA-5-MAM\" data-image-description=\"\" data-image-caption=\"\" data-large-file=\"https:\/\/www.hoymercedes.com.ar\/principal\/wp-content\/uploads\/2019\/06\/FECHA-5-MAM.png\" src=\"https:\/\/www.hoymercedes.com.ar\/principal\/wp-content\/uploads\/2019\/06\/FECHA-5-MAM.png\" alt=\"\" data-id=\"95144\" data-link=\"https:\/\/www.hoymercedes.com.ar\/principal\/?attachment_id=95144\" class=\"wp-image-95144\" srcset=\"https:\/\/www.hoymercedes.com.ar\/principal\/wp-content\/uploads\/2019\/06\/FECHA-5-MAM.png 608w, https:\/\/www.hoymercedes.com.ar\/principal\/wp-content\/uploads\/2019\/06\/FECHA-5-MAM-150x45.png 150w\" sizes=\"auto, (max-width: 608px) 100vw, 608px\" \/><\/figure><\/li><li class=\"blocks-gallery-item\"><figure><img loading=\"lazy\" decoding=\"async\" width=\"644\" height=\"288\" data-attachment-id=\"95145\" data-permalink=\"https:\/\/www.hoymercedes.com.ar\/principal\/2019\/06\/14\/cef-40-vencio-sexta-y-primera-a-el-fronton\/fecha-5-sep\/#main\" data-orig-file=\"https:\/\/www.hoymercedes.com.ar\/principal\/wp-content\/uploads\/2019\/06\/FECHA-5-SEP.png\" data-orig-size=\"644,288\" data-comments-opened=\"0\" data-image-meta=\"{&quot;aperture&quot;:&quot;0&quot;,&quot;credit&quot;:&quot;&quot;,&quot;camera&quot;:&quot;&quot;,&quot;caption&quot;:&quot;&quot;,&quot;created_timestamp&quot;:&quot;0&quot;,&quot;copyright&quot;:&quot;&quot;,&quot;focal_length&quot;:&quot;0&quot;,&quot;iso&quot;:&quot;0&quot;,&quot;shutter_speed&quot;:&quot;0&quot;,&quot;title&quot;:&quot;&quot;,&quot;orientation&quot;:&quot;0&quot;}\" data-image-title=\"FECHA-5-SEP\" data-image-description=\"\" data-image-caption=\"\" data-large-file=\"https:\/\/www.hoymercedes.com.ar\/principal\/wp-content\/uploads\/2019\/06\/FECHA-5-SEP.png\" src=\"https:\/\/www.hoymercedes.com.ar\/principal\/wp-content\/uploads\/2019\/06\/FECHA-5-SEP.png\" alt=\"\" data-id=\"95145\" data-link=\"https:\/\/www.hoymercedes.com.ar\/principal\/?attachment_id=95145\" class=\"wp-image-95145\" srcset=\"https:\/\/www.hoymercedes.com.ar\/principal\/wp-content\/uploads\/2019\/06\/FECHA-5-SEP.png 644w, https:\/\/www.hoymercedes.com.ar\/principal\/wp-content\/uploads\/2019\/06\/FECHA-5-SEP-150x67.png 150w, https:\/\/www.hoymercedes.com.ar\/principal\/wp-content\/uploads\/2019\/06\/FECHA-5-SEP-630x282.png 630w\" sizes=\"auto, (max-width: 644px) 100vw, 644px\" \/><\/figure><\/li><li class=\"blocks-gallery-item\"><figure><img loading=\"lazy\" decoding=\"async\" width=\"711\" height=\"288\" data-attachment-id=\"95146\" data-permalink=\"https:\/\/www.hoymercedes.com.ar\/principal\/2019\/06\/14\/cef-40-vencio-sexta-y-primera-a-el-fronton\/fecha-5-sex\/#main\" data-orig-file=\"https:\/\/www.hoymercedes.com.ar\/principal\/wp-content\/uploads\/2019\/06\/FECHA-5-SEX.png\" data-orig-size=\"711,288\" data-comments-opened=\"0\" data-image-meta=\"{&quot;aperture&quot;:&quot;0&quot;,&quot;credit&quot;:&quot;&quot;,&quot;camera&quot;:&quot;&quot;,&quot;caption&quot;:&quot;&quot;,&quot;created_timestamp&quot;:&quot;0&quot;,&quot;copyright&quot;:&quot;&quot;,&quot;focal_length&quot;:&quot;0&quot;,&quot;iso&quot;:&quot;0&quot;,&quot;shutter_speed&quot;:&quot;0&quot;,&quot;title&quot;:&quot;&quot;,&quot;orientation&quot;:&quot;0&quot;}\" data-image-title=\"FECHA-5-SEX\" data-image-description=\"\" data-image-caption=\"\" data-large-file=\"https:\/\/www.hoymercedes.com.ar\/principal\/wp-content\/uploads\/2019\/06\/FECHA-5-SEX.png\" src=\"https:\/\/www.hoymercedes.com.ar\/principal\/wp-content\/uploads\/2019\/06\/FECHA-5-SEX.png\" alt=\"\" data-id=\"95146\" data-link=\"https:\/\/www.hoymercedes.com.ar\/principal\/?attachment_id=95146\" class=\"wp-image-95146\" srcset=\"https:\/\/www.hoymercedes.com.ar\/principal\/wp-content\/uploads\/2019\/06\/FECHA-5-SEX.png 711w, https:\/\/www.hoymercedes.com.ar\/principal\/wp-content\/uploads\/2019\/06\/FECHA-5-SEX-150x61.png 150w, https:\/\/www.hoymercedes.com.ar\/principal\/wp-content\/uploads\/2019\/06\/FECHA-5-SEX-630x255.png 630w\" sizes=\"auto, (max-width: 711px) 100vw, 711px\" \/><\/figure><\/li><li class=\"blocks-gallery-item\"><figure><img loading=\"lazy\" decoding=\"async\" width=\"633\" height=\"288\" data-attachment-id=\"95147\" data-permalink=\"https:\/\/www.hoymercedes.com.ar\/principal\/2019\/06\/14\/cef-40-vencio-sexta-y-primera-a-el-fronton\/fecha-5-pri\/#main\" data-orig-file=\"https:\/\/www.hoymercedes.com.ar\/principal\/wp-content\/uploads\/2019\/06\/FECHA-5-PRI.png\" data-orig-size=\"633,288\" data-comments-opened=\"0\" data-image-meta=\"{&quot;aperture&quot;:&quot;0&quot;,&quot;credit&quot;:&quot;&quot;,&quot;camera&quot;:&quot;&quot;,&quot;caption&quot;:&quot;&quot;,&quot;created_timestamp&quot;:&quot;0&quot;,&quot;copyright&quot;:&quot;&quot;,&quot;focal_length&quot;:&quot;0&quot;,&quot;iso&quot;:&quot;0&quot;,&quot;shutter_speed&quot;:&quot;0&quot;,&quot;title&quot;:&quot;&quot;,&quot;orientation&quot;:&quot;0&quot;}\" data-image-title=\"FECHA-5-PRI\" data-image-description=\"\" data-image-caption=\"\" data-large-file=\"https:\/\/www.hoymercedes.com.ar\/principal\/wp-content\/uploads\/2019\/06\/FECHA-5-PRI.png\" src=\"https:\/\/www.hoymercedes.com.ar\/principal\/wp-content\/uploads\/2019\/06\/FECHA-5-PRI.png\" alt=\"\" data-id=\"95147\" data-link=\"https:\/\/www.hoymercedes.com.ar\/principal\/?attachment_id=95147\" class=\"wp-image-95147\" srcset=\"https:\/\/www.hoymercedes.com.ar\/principal\/wp-content\/uploads\/2019\/06\/FECHA-5-PRI.png 633w, https:\/\/www.hoymercedes.com.ar\/principal\/wp-content\/uploads\/2019\/06\/FECHA-5-PRI-150x68.png 150w, https:\/\/www.hoymercedes.com.ar\/principal\/wp-content\/uploads\/2019\/06\/FECHA-5-PRI-630x287.png 630w\" sizes=\"auto, (max-width: 633px) 100vw, 633px\" \/><\/figure><\/li><\/ul>\n\n\n\n<ul class=\"wp-block-gallery columns-3 is-cropped wp-block-gallery-2 is-layout-flex wp-block-gallery-is-layout-flex\"><li class=\"blocks-gallery-item\"><figure><img loading=\"lazy\" decoding=\"async\" width=\"464\" height=\"339\" data-attachment-id=\"95148\" data-permalink=\"https:\/\/www.hoymercedes.com.ar\/principal\/2019\/06\/14\/cef-40-vencio-sexta-y-primera-a-el-fronton\/pos-pri-1\/#main\" data-orig-file=\"https:\/\/www.hoymercedes.com.ar\/principal\/wp-content\/uploads\/2019\/06\/POS-PRI-1.png\" data-orig-size=\"464,339\" data-comments-opened=\"0\" data-image-meta=\"{&quot;aperture&quot;:&quot;0&quot;,&quot;credit&quot;:&quot;&quot;,&quot;camera&quot;:&quot;&quot;,&quot;caption&quot;:&quot;&quot;,&quot;created_timestamp&quot;:&quot;0&quot;,&quot;copyright&quot;:&quot;&quot;,&quot;focal_length&quot;:&quot;0&quot;,&quot;iso&quot;:&quot;0&quot;,&quot;shutter_speed&quot;:&quot;0&quot;,&quot;title&quot;:&quot;&quot;,&quot;orientation&quot;:&quot;0&quot;}\" data-image-title=\"POS-PRI-1\" data-image-description=\"\" data-image-caption=\"\" data-large-file=\"https:\/\/www.hoymercedes.com.ar\/principal\/wp-content\/uploads\/2019\/06\/POS-PRI-1.png\" src=\"https:\/\/www.hoymercedes.com.ar\/principal\/wp-content\/uploads\/2019\/06\/POS-PRI-1.png\" alt=\"\" data-id=\"95148\" data-link=\"https:\/\/www.hoymercedes.com.ar\/principal\/?attachment_id=95148\" class=\"wp-image-95148\" srcset=\"https:\/\/www.hoymercedes.com.ar\/principal\/wp-content\/uploads\/2019\/06\/POS-PRI-1.png 464w, https:\/\/www.hoymercedes.com.ar\/principal\/wp-content\/uploads\/2019\/06\/POS-PRI-1-150x110.png 150w\" sizes=\"auto, (max-width: 464px) 100vw, 464px\" \/><\/figure><\/li><li class=\"blocks-gallery-item\"><figure><img loading=\"lazy\" decoding=\"async\" width=\"485\" height=\"339\" data-attachment-id=\"95149\" data-permalink=\"https:\/\/www.hoymercedes.com.ar\/principal\/2019\/06\/14\/cef-40-vencio-sexta-y-primera-a-el-fronton\/pos-sex-1\/#main\" data-orig-file=\"https:\/\/www.hoymercedes.com.ar\/principal\/wp-content\/uploads\/2019\/06\/POS-SEX-1.png\" data-orig-size=\"485,339\" data-comments-opened=\"0\" data-image-meta=\"{&quot;aperture&quot;:&quot;0&quot;,&quot;credit&quot;:&quot;&quot;,&quot;camera&quot;:&quot;&quot;,&quot;caption&quot;:&quot;&quot;,&quot;created_timestamp&quot;:&quot;0&quot;,&quot;copyright&quot;:&quot;&quot;,&quot;focal_length&quot;:&quot;0&quot;,&quot;iso&quot;:&quot;0&quot;,&quot;shutter_speed&quot;:&quot;0&quot;,&quot;title&quot;:&quot;&quot;,&quot;orientation&quot;:&quot;0&quot;}\" data-image-title=\"POS-SEX-1\" data-image-description=\"\" data-image-caption=\"\" data-large-file=\"https:\/\/www.hoymercedes.com.ar\/principal\/wp-content\/uploads\/2019\/06\/POS-SEX-1.png\" src=\"https:\/\/www.hoymercedes.com.ar\/principal\/wp-content\/uploads\/2019\/06\/POS-SEX-1.png\" alt=\"\" data-id=\"95149\" data-link=\"https:\/\/www.hoymercedes.com.ar\/principal\/?attachment_id=95149\" class=\"wp-image-95149\" srcset=\"https:\/\/www.hoymercedes.com.ar\/principal\/wp-content\/uploads\/2019\/06\/POS-SEX-1.png 485w, https:\/\/www.hoymercedes.com.ar\/principal\/wp-content\/uploads\/2019\/06\/POS-SEX-1-150x105.png 150w\" sizes=\"auto, (max-width: 485px) 100vw, 485px\" \/><\/figure><\/li><li class=\"blocks-gallery-item\"><figure><img loading=\"lazy\" decoding=\"async\" width=\"464\" height=\"339\" data-attachment-id=\"95150\" data-permalink=\"https:\/\/www.hoymercedes.com.ar\/principal\/2019\/06\/14\/cef-40-vencio-sexta-y-primera-a-el-fronton\/pos-sep-1\/#main\" data-orig-file=\"https:\/\/www.hoymercedes.com.ar\/principal\/wp-content\/uploads\/2019\/06\/POS-SEP-1.png\" data-orig-size=\"464,339\" data-comments-opened=\"0\" data-image-meta=\"{&quot;aperture&quot;:&quot;0&quot;,&quot;credit&quot;:&quot;&quot;,&quot;camera&quot;:&quot;&quot;,&quot;caption&quot;:&quot;&quot;,&quot;created_timestamp&quot;:&quot;0&quot;,&quot;copyright&quot;:&quot;&quot;,&quot;focal_length&quot;:&quot;0&quot;,&quot;iso&quot;:&quot;0&quot;,&quot;shutter_speed&quot;:&quot;0&quot;,&quot;title&quot;:&quot;&quot;,&quot;orientation&quot;:&quot;0&quot;}\" data-image-title=\"POS-SEP-1\" data-image-description=\"\" data-image-caption=\"\" data-large-file=\"https:\/\/www.hoymercedes.com.ar\/principal\/wp-content\/uploads\/2019\/06\/POS-SEP-1.png\" src=\"https:\/\/www.hoymercedes.com.ar\/principal\/wp-content\/uploads\/2019\/06\/POS-SEP-1.png\" alt=\"\" data-id=\"95150\" data-link=\"https:\/\/www.hoymercedes.com.ar\/principal\/?attachment_id=95150\" class=\"wp-image-95150\" srcset=\"https:\/\/www.hoymercedes.com.ar\/principal\/wp-content\/uploads\/2019\/06\/POS-SEP-1.png 464w, https:\/\/www.hoymercedes.com.ar\/principal\/wp-content\/uploads\/2019\/06\/POS-SEP-1-150x110.png 150w\" sizes=\"auto, (max-width: 464px) 100vw, 464px\" \/><\/figure><\/li><li class=\"blocks-gallery-item\"><figure><img loading=\"lazy\" decoding=\"async\" width=\"456\" height=\"261\" data-attachment-id=\"95151\" data-permalink=\"https:\/\/www.hoymercedes.com.ar\/principal\/2019\/06\/14\/cef-40-vencio-sexta-y-primera-a-el-fronton\/pos-mam-1\/#main\" data-orig-file=\"https:\/\/www.hoymercedes.com.ar\/principal\/wp-content\/uploads\/2019\/06\/POS-MAM-1.png\" data-orig-size=\"456,261\" data-comments-opened=\"0\" data-image-meta=\"{&quot;aperture&quot;:&quot;0&quot;,&quot;credit&quot;:&quot;&quot;,&quot;camera&quot;:&quot;&quot;,&quot;caption&quot;:&quot;&quot;,&quot;created_timestamp&quot;:&quot;0&quot;,&quot;copyright&quot;:&quot;&quot;,&quot;focal_length&quot;:&quot;0&quot;,&quot;iso&quot;:&quot;0&quot;,&quot;shutter_speed&quot;:&quot;0&quot;,&quot;title&quot;:&quot;&quot;,&quot;orientation&quot;:&quot;0&quot;}\" data-image-title=\"POS-MAM-1\" data-image-description=\"\" data-image-caption=\"\" data-large-file=\"https:\/\/www.hoymercedes.com.ar\/principal\/wp-content\/uploads\/2019\/06\/POS-MAM-1.png\" src=\"https:\/\/www.hoymercedes.com.ar\/principal\/wp-content\/uploads\/2019\/06\/POS-MAM-1.png\" alt=\"\" data-id=\"95151\" data-link=\"https:\/\/www.hoymercedes.com.ar\/principal\/?attachment_id=95151\" class=\"wp-image-95151\" srcset=\"https:\/\/www.hoymercedes.com.ar\/principal\/wp-content\/uploads\/2019\/06\/POS-MAM-1.png 456w, https:\/\/www.hoymercedes.com.ar\/principal\/wp-content\/uploads\/2019\/06\/POS-MAM-1-150x86.png 150w\" sizes=\"auto, (max-width: 456px) 100vw, 456px\" \/><\/figure><\/li><li class=\"blocks-gallery-item\"><figure><img loading=\"lazy\" decoding=\"async\" width=\"529\" height=\"235\" data-attachment-id=\"95152\" data-permalink=\"https:\/\/www.hoymercedes.com.ar\/principal\/2019\/06\/14\/cef-40-vencio-sexta-y-primera-a-el-fronton\/pos-copa-1\/#main\" data-orig-file=\"https:\/\/www.hoymercedes.com.ar\/principal\/wp-content\/uploads\/2019\/06\/POS-COPA-1.png\" data-orig-size=\"529,235\" data-comments-opened=\"0\" data-image-meta=\"{&quot;aperture&quot;:&quot;0&quot;,&quot;credit&quot;:&quot;&quot;,&quot;camera&quot;:&quot;&quot;,&quot;caption&quot;:&quot;&quot;,&quot;created_timestamp&quot;:&quot;0&quot;,&quot;copyright&quot;:&quot;&quot;,&quot;focal_length&quot;:&quot;0&quot;,&quot;iso&quot;:&quot;0&quot;,&quot;shutter_speed&quot;:&quot;0&quot;,&quot;title&quot;:&quot;&quot;,&quot;orientation&quot;:&quot;0&quot;}\" data-image-title=\"POS-COPA-1\" data-image-description=\"\" data-image-caption=\"\" data-large-file=\"https:\/\/www.hoymercedes.com.ar\/principal\/wp-content\/uploads\/2019\/06\/POS-COPA-1.png\" src=\"https:\/\/www.hoymercedes.com.ar\/principal\/wp-content\/uploads\/2019\/06\/POS-COPA-1.png\" alt=\"\" data-id=\"95152\" data-link=\"https:\/\/www.hoymercedes.com.ar\/principal\/?attachment_id=95152\" class=\"wp-image-95152\" srcset=\"https:\/\/www.hoymercedes.com.ar\/principal\/wp-content\/uploads\/2019\/06\/POS-COPA-1.png 529w, https:\/\/www.hoymercedes.com.ar\/principal\/wp-content\/uploads\/2019\/06\/POS-COPA-1-150x67.png 150w\" sizes=\"auto, (max-width: 529px) 100vw, 529px\" \/><\/figure><\/li><li class=\"blocks-gallery-item\"><figure><img loading=\"lazy\" decoding=\"async\" width=\"360\" height=\"210\" data-attachment-id=\"95153\" data-permalink=\"https:\/\/www.hoymercedes.com.ar\/principal\/2019\/06\/14\/cef-40-vencio-sexta-y-primera-a-el-fronton\/pos-fair-2\/#main\" data-orig-file=\"https:\/\/www.hoymercedes.com.ar\/principal\/wp-content\/uploads\/2019\/06\/POS-FAIR..png\" data-orig-size=\"360,210\" data-comments-opened=\"0\" data-image-meta=\"{&quot;aperture&quot;:&quot;0&quot;,&quot;credit&quot;:&quot;&quot;,&quot;camera&quot;:&quot;&quot;,&quot;caption&quot;:&quot;&quot;,&quot;created_timestamp&quot;:&quot;0&quot;,&quot;copyright&quot;:&quot;&quot;,&quot;focal_length&quot;:&quot;0&quot;,&quot;iso&quot;:&quot;0&quot;,&quot;shutter_speed&quot;:&quot;0&quot;,&quot;title&quot;:&quot;&quot;,&quot;orientation&quot;:&quot;0&quot;}\" data-image-title=\"POS-FAIR.\" data-image-description=\"\" data-image-caption=\"\" data-large-file=\"https:\/\/www.hoymercedes.com.ar\/principal\/wp-content\/uploads\/2019\/06\/POS-FAIR..png\" src=\"https:\/\/www.hoymercedes.com.ar\/principal\/wp-content\/uploads\/2019\/06\/POS-FAIR..png\" alt=\"\" data-id=\"95153\" data-link=\"https:\/\/www.hoymercedes.com.ar\/principal\/?attachment_id=95153\" class=\"wp-image-95153\" srcset=\"https:\/\/www.hoymercedes.com.ar\/principal\/wp-content\/uploads\/2019\/06\/POS-FAIR..png 360w, https:\/\/www.hoymercedes.com.ar\/principal\/wp-content\/uploads\/2019\/06\/POS-FAIR.-150x88.png 150w\" sizes=\"auto, (max-width: 360px) 100vw, 360px\" \/><\/figure><\/li><\/ul>\n","protected":false},"excerpt":{"rendered":"<p>Por la quinta fecha del torneo de la Liga del Noroeste Bonaerense de Hockey, CEF 40 recibi\u00f3 en el predio &#8230; <a title=\"CEF 40 venci\u00f3 en Primera a El Front\u00f3n por la LINEBH\" class=\"read-more\" href=\"https:\/\/www.hoymercedes.com.ar\/principal\/2019\/06\/14\/cef-40-vencio-sexta-y-primera-a-el-fronton\/\" aria-label=\"Leer m\u00e1s sobre CEF 40 venci\u00f3 en Primera a El Front\u00f3n por la LINEBH\">Leer m\u00e1s<\/a><\/p>\n","protected":false},"author":1,"featured_media":95148,"comment_status":"closed","ping_status":"open","sticky":false,"template":"","format":"standard","meta":{"_monsterinsights_skip_tracking":false,"_monsterinsights_sitenote_active":false,"_monsterinsights_sitenote_note":"","_monsterinsights_sitenote_category":0,"jetpack_post_was_ever_published":false,"_jetpack_newsletter_access":"","_jetpack_dont_email_post_to_subs":false,"_jetpack_newsletter_tier_id":0,"_jetpack_memberships_contains_paywalled_content":false,"_jetpack_memberships_contains_paid_content":false,"footnotes":"","jetpack_publicize_message":"","jetpack_publicize_feature_enabled":true,"jetpack_social_post_already_shared":true,"jetpack_social_options":{"image_generator_settings":{"template":"highway","default_image_id":0,"font":"","enabled":false},"version":2},"_wpas_customize_per_network":false},"categories":[21],"tags":[958,8522],"class_list":["post-95143","post","type-post","status-publish","format-standard","has-post-thumbnail","hentry","category-deportes","tag-cef-40","tag-hockey","generate-columns","tablet-grid-50","mobile-grid-100","grid-parent","grid-50"],"jetpack_publicize_connections":[],"jetpack_featured_media_url":"https:\/\/www.hoymercedes.com.ar\/principal\/wp-content\/uploads\/2019\/06\/POS-PRI-1.png","wps_subtitle":"Hockey","jetpack_sharing_enabled":true,"_links":{"self":[{"href":"https:\/\/www.hoymercedes.com.ar\/principal\/wp-json\/wp\/v2\/posts\/95143","targetHints":{"allow":["GET"]}}],"collection":[{"href":"https:\/\/www.hoymercedes.com.ar\/principal\/wp-json\/wp\/v2\/posts"}],"about":[{"href":"https:\/\/www.hoymercedes.com.ar\/principal\/wp-json\/wp\/v2\/types\/post"}],"author":[{"embeddable":true,"href":"https:\/\/www.hoymercedes.com.ar\/principal\/wp-json\/wp\/v2\/users\/1"}],"replies":[{"embeddable":true,"href":"https:\/\/www.hoymercedes.com.ar\/principal\/wp-json\/wp\/v2\/comments?post=95143"}],"version-history":[{"count":0,"href":"https:\/\/www.hoymercedes.com.ar\/principal\/wp-json\/wp\/v2\/posts\/95143\/revisions"}],"wp:featuredmedia":[{"embeddable":true,"href":"https:\/\/www.hoymercedes.com.ar\/principal\/wp-json\/wp\/v2\/media\/95148"}],"wp:attachment":[{"href":"https:\/\/www.hoymercedes.com.ar\/principal\/wp-json\/wp\/v2\/media?parent=95143"}],"wp:term":[{"taxonomy":"category","embeddable":true,"href":"https:\/\/www.hoymercedes.com.ar\/principal\/wp-json\/wp\/v2\/categories?post=95143"},{"taxonomy":"post_tag","embeddable":true,"href":"https:\/\/www.hoymercedes.com.ar\/principal\/wp-json\/wp\/v2\/tags?post=95143"}],"curies":[{"name":"wp","href":"https:\/\/api.w.org\/{rel}","templated":true}]}}