{"id":95156,"date":"2019-06-15T12:20:23","date_gmt":"2019-06-15T15:20:23","guid":{"rendered":"http:\/\/www.hoymercedes.com.ar\/principal\/?p=95156"},"modified":"2019-06-15T11:51:28","modified_gmt":"2019-06-15T14:51:28","slug":"maria-silvina-en-la-tercera-fecha-de-ahdo","status":"publish","type":"post","link":"https:\/\/www.hoymercedes.com.ar\/principal\/2019\/06\/15\/maria-silvina-en-la-tercera-fecha-de-ahdo\/","title":{"rendered":"Mar\u00eda Silvina, en la tercera fecha de AHDO"},"content":{"rendered":"\n<p>Fue en la&nbsp; jornada del Domingo 9 de Junio&nbsp;&nbsp; en el marco del \u201cTercer Encuentro H\u00edpico y de Equitaci\u00f3n Adaptada que tuvo c\u00f3mo sede las instalaciones del Parque Municipal Independencia \u201d,&nbsp; una propuesta del Centro Ecuestre y de Equinoterapia Mar\u00eda Silvina. dentro del AHDO (Amistosos Hipicos del Oeste)&nbsp; con un n\u00famero que super\u00f3 los 170 inscriptos en un listado que cerr\u00f3 el Mi\u00e9rcoles pasado .<\/p>\n\n\n\n<figure class=\"wp-block-image\"><img loading=\"lazy\" decoding=\"async\" width=\"1024\" height=\"680\" data-attachment-id=\"95157\" data-permalink=\"https:\/\/www.hoymercedes.com.ar\/principal\/2019\/06\/15\/maria-silvina-en-la-tercera-fecha-de-ahdo\/whatsapp-image-2019-06-14-at-11-55-39\/#main\" data-orig-file=\"https:\/\/www.hoymercedes.com.ar\/principal\/wp-content\/uploads\/2019\/06\/WhatsApp-Image-2019-06-14-at-11.55.39.jpeg\" data-orig-size=\"1280,850\" data-comments-opened=\"0\" data-image-meta=\"{&quot;aperture&quot;:&quot;0&quot;,&quot;credit&quot;:&quot;&quot;,&quot;camera&quot;:&quot;&quot;,&quot;caption&quot;:&quot;&quot;,&quot;created_timestamp&quot;:&quot;0&quot;,&quot;copyright&quot;:&quot;&quot;,&quot;focal_length&quot;:&quot;0&quot;,&quot;iso&quot;:&quot;0&quot;,&quot;shutter_speed&quot;:&quot;0&quot;,&quot;title&quot;:&quot;&quot;,&quot;orientation&quot;:&quot;0&quot;}\" data-image-title=\"WhatsApp-Image-2019-06-14-at-11.55.39\" data-image-description=\"\" data-image-caption=\"\" data-large-file=\"https:\/\/www.hoymercedes.com.ar\/principal\/wp-content\/uploads\/2019\/06\/WhatsApp-Image-2019-06-14-at-11.55.39-1024x680.jpeg\" src=\"https:\/\/www.hoymercedes.com.ar\/principal\/wp-content\/uploads\/2019\/06\/WhatsApp-Image-2019-06-14-at-11.55.39-1024x680.jpeg\" alt=\"\" class=\"wp-image-95157\" srcset=\"https:\/\/www.hoymercedes.com.ar\/principal\/wp-content\/uploads\/2019\/06\/WhatsApp-Image-2019-06-14-at-11.55.39-1024x680.jpeg 1024w, https:\/\/www.hoymercedes.com.ar\/principal\/wp-content\/uploads\/2019\/06\/WhatsApp-Image-2019-06-14-at-11.55.39-150x100.jpeg 150w, https:\/\/www.hoymercedes.com.ar\/principal\/wp-content\/uploads\/2019\/06\/WhatsApp-Image-2019-06-14-at-11.55.39-630x418.jpeg 630w, https:\/\/www.hoymercedes.com.ar\/principal\/wp-content\/uploads\/2019\/06\/WhatsApp-Image-2019-06-14-at-11.55.39-360x240.jpeg 360w, https:\/\/www.hoymercedes.com.ar\/principal\/wp-content\/uploads\/2019\/06\/WhatsApp-Image-2019-06-14-at-11.55.39.jpeg 1280w\" sizes=\"auto, (max-width: 1024px) 100vw, 1024px\" \/><\/figure>\n\n\n\n<p>La invitaci\u00f3n fue abierta a todos los clubes de equitaci\u00f3n mercedinos y al p\u00fablico en general, ya que la entrada fue libre y gratuita.<\/p>\n\n\n\n<p>El evento cont\u00f3 con servicio de cantina a beneficio de la Escuela de Equinoterapia, hubo juegos infantiles y sorteos especiales durante todo el evento.<\/p>\n\n\n\n<p>Juan Pablo L\u00f3pez Baggio, afirm\u00f3: \u201cEstas actividades nos llenan de orgullo. Muestran lo productivo que es el trabajo de la Comuna con las instituciones y como se pueden crear acciones de calidad, inclusivas, siendo algo que no siempre se puede disfrutar y hoy fue abierto a todas las familias\u201d.<\/p>\n\n\n\n<p>Hubo entrega de diplomas, distintas pruebas ecuestres y una tarde bien familiar, inclusiva y en el recuperado predio sector nuevo del Parque Municipal Independencia.<\/p>\n\n\n\n<p>\u201cQuiero felicitar a todos los que han trabajado para que se encuentre este predio en las condiciones en las que est\u00e1, y especialmente a los organizadores, quienes nos regalaron una fiesta hermosa\u201d, cont\u00f3 el intendente Juan Ignacio Ustarroz.<\/p>\n\n\n\n<p>RESULTADOS CENTRO ECUESTRE MARIA SILVINA&nbsp;<\/p>\n\n\n\n<p>Paso Obligado: Dilan Toledo, Juan Bautista Russo, Delfina y Paz Gonzalez, Sofia Badano y Andres Suarez.<br> En 30 cm: 1\u00b0 Premio: Manuela Campos con Blanqui <br> 2\u00b0 Puesto Victoria Secco con Elegida <br> 5\u00b0 Puesto Luz Boico con Elegida.<br> 7 \u00b0 Puesto In\u00e9s Su\u00e1rez con Elegida.<br> En 40 cm: 3\u00b0 puesto F\u00e1tima Averame con Euro.<br> En 50 cm: 3\u00b0 puesto Catalina Revello con Estrellita. <br> 4\u00b0 Puesto Lucia Mitarotonda con Cerveza.<br> 70 cm: 2\u00b0 puesto Joaquina Dellafontana con Elektra.<br> 80 cm: 1\u00b0 puesto Joaquina Dellafontana con Elektra.<br> 2\u00b0 puesto Catalina Revello con Don Pablo.<br> 90 cm: 1\u00b0 puesto Joaquina Dellafontana con Elektra.<\/p>\n\n\n\n<p><br>Tambi\u00e9n participaron:\u00a0 Agustin Ciollaro, Luisina Martinelli, Cloe y Abril Guardines, Maria Paz Rey Pruzzo, Luciana Juarez Nasso, Clementina Renaldo, Lucia Rondinella, Belen Arocena, Maria Del Rosario Navia y Maria Belen Rey Pruzzo.<\/p>\n\n\n\n<p>Felicitamos a todos! Y Agradecemos a los clubes que se presentaron: Campo Hipico la Candela de Chivilcoy, el Fog\u00f3n de Chivilcoy, Club Hipico Luj\u00e1n, El Encuentro de Vagues, La Favorita de Moreno, Haras el Milenium, Centro de Equinoterapia Roque Perez, y a todas las\u00a0 Familias de Maria Silvina y muy especialmente al Intendente Municipal Juan Ignacio Ustarroz por el apoyo.<\/p>\n\n\n\n<p>Y por supuesto, a todos nuestros auspiciantes: Municipalidad de Mercedes,\u00a0 Talabarteria Las Marias, Giro Did\u00e1ctico, Isabella Joyas, Protecci\u00f3n Civil Mercedes, Gemstone AQ, Bringeri Hogar, Talabarteria Stud Privado, Talabarteria Carai Tuya, Especial Regaleria, Paolo Massi, Emanuel Marful DJ,\u00a0 Peque\u00f1as Cosas Regaleria, Mercedes\u00a0 Deportes, Vivero San Cayetano, Madre Selva, Chel\u00e9n Libros, Tiempos de Papel Librer\u00eda, Ignacio Croccante zapater\u00eda, Las Pipas Accesorios, Peperina y Peperina Juniors, Talabarteria Cuesta Uribe, Gimena Rey Deco, Crash, Legacy, Julieta Boca Fotograf\u00eda, Cardon, Bicicleter\u00eda Dario Oliva, Eugenia Entra y Mira indumemtaria Deportiva y Haras el Milenium.<\/p>\n","protected":false},"excerpt":{"rendered":"<p>Fue en la&nbsp; jornada del Domingo 9 de Junio&nbsp;&nbsp; en el marco del \u201cTercer Encuentro H\u00edpico y de Equitaci\u00f3n Adaptada &#8230; <a title=\"Mar\u00eda Silvina, en la tercera fecha de AHDO\" class=\"read-more\" href=\"https:\/\/www.hoymercedes.com.ar\/principal\/2019\/06\/15\/maria-silvina-en-la-tercera-fecha-de-ahdo\/\" aria-label=\"Leer m\u00e1s sobre Mar\u00eda Silvina, en la tercera fecha de AHDO\">Leer m\u00e1s<\/a><\/p>\n","protected":false},"author":1,"featured_media":95157,"comment_status":"closed","ping_status":"open","sticky":false,"template":"","format":"standard","meta":{"_monsterinsights_skip_tracking":false,"_monsterinsights_sitenote_active":false,"_monsterinsights_sitenote_note":"","_monsterinsights_sitenote_category":0,"jetpack_post_was_ever_published":false,"_jetpack_newsletter_access":"","_jetpack_dont_email_post_to_subs":false,"_jetpack_newsletter_tier_id":0,"_jetpack_memberships_contains_paywalled_content":false,"_jetpack_memberships_contains_paid_content":false,"footnotes":"","jetpack_publicize_message":"","jetpack_publicize_feature_enabled":true,"jetpack_social_post_already_shared":true,"jetpack_social_options":{"image_generator_settings":{"template":"highway","default_image_id":0,"font":"","enabled":false},"version":2},"_wpas_customize_per_network":false},"categories":[21],"tags":[14844,204,1821],"class_list":["post-95156","post","type-post","status-publish","format-standard","has-post-thumbnail","hentry","category-deportes","tag-ahdo","tag-deportes-2","tag-equitacion","generate-columns","tablet-grid-50","mobile-grid-100","grid-parent","grid-50"],"jetpack_publicize_connections":[],"jetpack_featured_media_url":"https:\/\/www.hoymercedes.com.ar\/principal\/wp-content\/uploads\/2019\/06\/WhatsApp-Image-2019-06-14-at-11.55.39.jpeg","wps_subtitle":"Equitaci\u00f3n","jetpack_sharing_enabled":true,"_links":{"self":[{"href":"https:\/\/www.hoymercedes.com.ar\/principal\/wp-json\/wp\/v2\/posts\/95156","targetHints":{"allow":["GET"]}}],"collection":[{"href":"https:\/\/www.hoymercedes.com.ar\/principal\/wp-json\/wp\/v2\/posts"}],"about":[{"href":"https:\/\/www.hoymercedes.com.ar\/principal\/wp-json\/wp\/v2\/types\/post"}],"author":[{"embeddable":true,"href":"https:\/\/www.hoymercedes.com.ar\/principal\/wp-json\/wp\/v2\/users\/1"}],"replies":[{"embeddable":true,"href":"https:\/\/www.hoymercedes.com.ar\/principal\/wp-json\/wp\/v2\/comments?post=95156"}],"version-history":[{"count":0,"href":"https:\/\/www.hoymercedes.com.ar\/principal\/wp-json\/wp\/v2\/posts\/95156\/revisions"}],"wp:featuredmedia":[{"embeddable":true,"href":"https:\/\/www.hoymercedes.com.ar\/principal\/wp-json\/wp\/v2\/media\/95157"}],"wp:attachment":[{"href":"https:\/\/www.hoymercedes.com.ar\/principal\/wp-json\/wp\/v2\/media?parent=95156"}],"wp:term":[{"taxonomy":"category","embeddable":true,"href":"https:\/\/www.hoymercedes.com.ar\/principal\/wp-json\/wp\/v2\/categories?post=95156"},{"taxonomy":"post_tag","embeddable":true,"href":"https:\/\/www.hoymercedes.com.ar\/principal\/wp-json\/wp\/v2\/tags?post=95156"}],"curies":[{"name":"wp","href":"https:\/\/api.w.org\/{rel}","templated":true}]}}