{"id":95166,"date":"2019-06-15T09:37:49","date_gmt":"2019-06-15T12:37:49","guid":{"rendered":"http:\/\/www.hoymercedes.com.ar\/principal\/?p=95166"},"modified":"2019-06-15T09:49:49","modified_gmt":"2019-06-15T12:49:49","slug":"realizaron-el-tercer-sorteo-de-mi-terreno","status":"publish","type":"post","link":"https:\/\/www.hoymercedes.com.ar\/principal\/2019\/06\/15\/realizaron-el-tercer-sorteo-de-mi-terreno\/","title":{"rendered":"Realizaron el tercer sorteo de \u00abMi Terreno\u00bb"},"content":{"rendered":"\n<p>Durante la ma\u00f1ana del viernes \u00faltimo se llev\u00f3 adelante el tercer sorteo del Programa Mi Terreno. En esta oportunidad se otorgaron 65 terrenos que los vecinos deber\u00e1n abonar con un cr\u00e9dito de baja tasa de inter\u00e9s. Ante escribano p\u00fablico, en el sorteo se cumpl\u00eda con diferentes cupos para sindicatos de acuerdo a los convenios firmados con antelaci\u00f3n. <\/p>\n\n\n\n<p>Este es el tercer sorteo de una seguidilla que se ir\u00e1n realizando puesto que hay cerca de 800 lotes y ya se otorgaron poco m\u00e1s de cien. <\/p>\n\n\n\n<p>El listado se puede ver en el sitio web del Municipio ingresando a la solapa \u00abMi Terreno\u00bb (<a rel=\"noreferrer noopener\" aria-label=\"ver aqu\u00ed (opens in a new tab)\" href=\"http:\/\/www2.mercedes.gob.ar\/deju\/\" target=\"_blank\">ver aqu\u00ed<\/a>) No obstante, compartimos el listado de quienes fueron sorteados a continuaci\u00f3n para que si alg\u00fan vecino tiene alguna objeci\u00f3n sobre alguna de las personas pueda presentarse en el Departamento de Tierras y marcar alguna posible irregularidad de los vecinos beneficiarios (si tienen otras propiedades, por ejemplo). Ser\u00e1 dicha \u00e1rea la que analice la situaci\u00f3n de cada uno de los beneficiarios. <\/p>\n\n\n\n<figure class=\"wp-block-image\"><img loading=\"lazy\" decoding=\"async\" width=\"800\" height=\"493\" data-attachment-id=\"95172\" data-permalink=\"https:\/\/www.hoymercedes.com.ar\/principal\/2019\/06\/15\/realizaron-el-tercer-sorteo-de-mi-terreno\/15-sorteo-terreno-1\/#main\" data-orig-file=\"https:\/\/www.hoymercedes.com.ar\/principal\/wp-content\/uploads\/2019\/06\/15-sorteo-terreno-1.jpg\" data-orig-size=\"800,493\" data-comments-opened=\"0\" data-image-meta=\"{&quot;aperture&quot;:&quot;0&quot;,&quot;credit&quot;:&quot;&quot;,&quot;camera&quot;:&quot;&quot;,&quot;caption&quot;:&quot;&quot;,&quot;created_timestamp&quot;:&quot;0&quot;,&quot;copyright&quot;:&quot;&quot;,&quot;focal_length&quot;:&quot;0&quot;,&quot;iso&quot;:&quot;0&quot;,&quot;shutter_speed&quot;:&quot;0&quot;,&quot;title&quot;:&quot;&quot;,&quot;orientation&quot;:&quot;0&quot;}\" data-image-title=\"15 sorteo terreno 1\" data-image-description=\"\" data-image-caption=\"\" data-large-file=\"https:\/\/www.hoymercedes.com.ar\/principal\/wp-content\/uploads\/2019\/06\/15-sorteo-terreno-1.jpg\" src=\"https:\/\/www.hoymercedes.com.ar\/principal\/wp-content\/uploads\/2019\/06\/15-sorteo-terreno-1.jpg\" alt=\"\" class=\"wp-image-95172\" srcset=\"https:\/\/www.hoymercedes.com.ar\/principal\/wp-content\/uploads\/2019\/06\/15-sorteo-terreno-1.jpg 800w, https:\/\/www.hoymercedes.com.ar\/principal\/wp-content\/uploads\/2019\/06\/15-sorteo-terreno-1-150x92.jpg 150w, https:\/\/www.hoymercedes.com.ar\/principal\/wp-content\/uploads\/2019\/06\/15-sorteo-terreno-1-630x388.jpg 630w\" sizes=\"auto, (max-width: 800px) 100vw, 800px\" \/><\/figure>\n\n\n\n<figure class=\"wp-block-image\"><img loading=\"lazy\" decoding=\"async\" width=\"800\" height=\"464\" data-attachment-id=\"95173\" data-permalink=\"https:\/\/www.hoymercedes.com.ar\/principal\/2019\/06\/15\/realizaron-el-tercer-sorteo-de-mi-terreno\/15-sorteo-terreno-2\/#main\" data-orig-file=\"https:\/\/www.hoymercedes.com.ar\/principal\/wp-content\/uploads\/2019\/06\/15-sorteo-terreno-2.jpg\" data-orig-size=\"800,464\" data-comments-opened=\"0\" data-image-meta=\"{&quot;aperture&quot;:&quot;0&quot;,&quot;credit&quot;:&quot;&quot;,&quot;camera&quot;:&quot;&quot;,&quot;caption&quot;:&quot;&quot;,&quot;created_timestamp&quot;:&quot;0&quot;,&quot;copyright&quot;:&quot;&quot;,&quot;focal_length&quot;:&quot;0&quot;,&quot;iso&quot;:&quot;0&quot;,&quot;shutter_speed&quot;:&quot;0&quot;,&quot;title&quot;:&quot;&quot;,&quot;orientation&quot;:&quot;0&quot;}\" data-image-title=\"15 sorteo terreno 2\" data-image-description=\"\" data-image-caption=\"\" data-large-file=\"https:\/\/www.hoymercedes.com.ar\/principal\/wp-content\/uploads\/2019\/06\/15-sorteo-terreno-2.jpg\" src=\"https:\/\/www.hoymercedes.com.ar\/principal\/wp-content\/uploads\/2019\/06\/15-sorteo-terreno-2.jpg\" alt=\"\" class=\"wp-image-95173\" srcset=\"https:\/\/www.hoymercedes.com.ar\/principal\/wp-content\/uploads\/2019\/06\/15-sorteo-terreno-2.jpg 800w, https:\/\/www.hoymercedes.com.ar\/principal\/wp-content\/uploads\/2019\/06\/15-sorteo-terreno-2-150x87.jpg 150w, https:\/\/www.hoymercedes.com.ar\/principal\/wp-content\/uploads\/2019\/06\/15-sorteo-terreno-2-630x365.jpg 630w\" sizes=\"auto, (max-width: 800px) 100vw, 800px\" \/><\/figure>\n\n\n\n<figure class=\"wp-block-image\"><img loading=\"lazy\" decoding=\"async\" width=\"800\" height=\"496\" data-attachment-id=\"95174\" data-permalink=\"https:\/\/www.hoymercedes.com.ar\/principal\/2019\/06\/15\/realizaron-el-tercer-sorteo-de-mi-terreno\/15-sorteo-terreno-3\/#main\" data-orig-file=\"https:\/\/www.hoymercedes.com.ar\/principal\/wp-content\/uploads\/2019\/06\/15-sorteo-terreno-3.jpg\" data-orig-size=\"800,496\" data-comments-opened=\"0\" data-image-meta=\"{&quot;aperture&quot;:&quot;0&quot;,&quot;credit&quot;:&quot;&quot;,&quot;camera&quot;:&quot;&quot;,&quot;caption&quot;:&quot;&quot;,&quot;created_timestamp&quot;:&quot;0&quot;,&quot;copyright&quot;:&quot;&quot;,&quot;focal_length&quot;:&quot;0&quot;,&quot;iso&quot;:&quot;0&quot;,&quot;shutter_speed&quot;:&quot;0&quot;,&quot;title&quot;:&quot;&quot;,&quot;orientation&quot;:&quot;0&quot;}\" data-image-title=\"15 sorteo terreno 3\" data-image-description=\"\" data-image-caption=\"\" data-large-file=\"https:\/\/www.hoymercedes.com.ar\/principal\/wp-content\/uploads\/2019\/06\/15-sorteo-terreno-3.jpg\" src=\"https:\/\/www.hoymercedes.com.ar\/principal\/wp-content\/uploads\/2019\/06\/15-sorteo-terreno-3.jpg\" alt=\"\" class=\"wp-image-95174\" srcset=\"https:\/\/www.hoymercedes.com.ar\/principal\/wp-content\/uploads\/2019\/06\/15-sorteo-terreno-3.jpg 800w, https:\/\/www.hoymercedes.com.ar\/principal\/wp-content\/uploads\/2019\/06\/15-sorteo-terreno-3-150x93.jpg 150w, https:\/\/www.hoymercedes.com.ar\/principal\/wp-content\/uploads\/2019\/06\/15-sorteo-terreno-3-630x391.jpg 630w\" sizes=\"auto, (max-width: 800px) 100vw, 800px\" \/><\/figure>\n\n\n\n<figure class=\"wp-block-image\"><img loading=\"lazy\" decoding=\"async\" width=\"800\" height=\"403\" data-attachment-id=\"95175\" data-permalink=\"https:\/\/www.hoymercedes.com.ar\/principal\/2019\/06\/15\/realizaron-el-tercer-sorteo-de-mi-terreno\/15-sorteo-terreno-4\/#main\" data-orig-file=\"https:\/\/www.hoymercedes.com.ar\/principal\/wp-content\/uploads\/2019\/06\/15-sorteo-terreno-4.jpg\" data-orig-size=\"800,403\" data-comments-opened=\"0\" data-image-meta=\"{&quot;aperture&quot;:&quot;0&quot;,&quot;credit&quot;:&quot;&quot;,&quot;camera&quot;:&quot;&quot;,&quot;caption&quot;:&quot;&quot;,&quot;created_timestamp&quot;:&quot;0&quot;,&quot;copyright&quot;:&quot;&quot;,&quot;focal_length&quot;:&quot;0&quot;,&quot;iso&quot;:&quot;0&quot;,&quot;shutter_speed&quot;:&quot;0&quot;,&quot;title&quot;:&quot;&quot;,&quot;orientation&quot;:&quot;0&quot;}\" data-image-title=\"15 sorteo terreno 4\" data-image-description=\"\" data-image-caption=\"\" data-large-file=\"https:\/\/www.hoymercedes.com.ar\/principal\/wp-content\/uploads\/2019\/06\/15-sorteo-terreno-4.jpg\" src=\"https:\/\/www.hoymercedes.com.ar\/principal\/wp-content\/uploads\/2019\/06\/15-sorteo-terreno-4.jpg\" alt=\"\" class=\"wp-image-95175\" srcset=\"https:\/\/www.hoymercedes.com.ar\/principal\/wp-content\/uploads\/2019\/06\/15-sorteo-terreno-4.jpg 800w, https:\/\/www.hoymercedes.com.ar\/principal\/wp-content\/uploads\/2019\/06\/15-sorteo-terreno-4-150x76.jpg 150w, https:\/\/www.hoymercedes.com.ar\/principal\/wp-content\/uploads\/2019\/06\/15-sorteo-terreno-4-630x317.jpg 630w\" sizes=\"auto, (max-width: 800px) 100vw, 800px\" \/><\/figure>\n\n\n\n<p><\/p>\n","protected":false},"excerpt":{"rendered":"<p>Durante la ma\u00f1ana del viernes \u00faltimo se llev\u00f3 adelante el tercer sorteo del Programa Mi Terreno. En esta oportunidad se &#8230; <a title=\"Realizaron el tercer sorteo de \u00abMi Terreno\u00bb\" class=\"read-more\" href=\"https:\/\/www.hoymercedes.com.ar\/principal\/2019\/06\/15\/realizaron-el-tercer-sorteo-de-mi-terreno\/\" aria-label=\"Leer m\u00e1s sobre Realizaron el tercer sorteo de \u00abMi Terreno\u00bb\">Leer m\u00e1s<\/a><\/p>\n","protected":false},"author":1,"featured_media":89960,"comment_status":"closed","ping_status":"open","sticky":false,"template":"","format":"standard","meta":{"_monsterinsights_skip_tracking":false,"_monsterinsights_sitenote_active":false,"_monsterinsights_sitenote_note":"","_monsterinsights_sitenote_category":0,"jetpack_post_was_ever_published":false,"_jetpack_newsletter_access":"","_jetpack_dont_email_post_to_subs":false,"_jetpack_newsletter_tier_id":0,"_jetpack_memberships_contains_paywalled_content":false,"_jetpack_memberships_contains_paid_content":false,"footnotes":"","jetpack_publicize_message":"","jetpack_publicize_feature_enabled":true,"jetpack_social_post_already_shared":true,"jetpack_social_options":{"image_generator_settings":{"template":"highway","default_image_id":0,"font":"","enabled":false},"version":2},"_wpas_customize_per_network":false},"categories":[30],"tags":[244,14712],"class_list":["post-95166","post","type-post","status-publish","format-standard","has-post-thumbnail","hentry","category-municipio","tag-municipio-2","tag-sorteo-mi-terreno","generate-columns","tablet-grid-50","mobile-grid-100","grid-parent","grid-50"],"jetpack_publicize_connections":[],"jetpack_featured_media_url":"https:\/\/www.hoymercedes.com.ar\/principal\/wp-content\/uploads\/2019\/03\/22-mi-terreno.jpg","wps_subtitle":"Viernes a la ma\u00f1ana en el Teatro","jetpack_sharing_enabled":true,"_links":{"self":[{"href":"https:\/\/www.hoymercedes.com.ar\/principal\/wp-json\/wp\/v2\/posts\/95166","targetHints":{"allow":["GET"]}}],"collection":[{"href":"https:\/\/www.hoymercedes.com.ar\/principal\/wp-json\/wp\/v2\/posts"}],"about":[{"href":"https:\/\/www.hoymercedes.com.ar\/principal\/wp-json\/wp\/v2\/types\/post"}],"author":[{"embeddable":true,"href":"https:\/\/www.hoymercedes.com.ar\/principal\/wp-json\/wp\/v2\/users\/1"}],"replies":[{"embeddable":true,"href":"https:\/\/www.hoymercedes.com.ar\/principal\/wp-json\/wp\/v2\/comments?post=95166"}],"version-history":[{"count":0,"href":"https:\/\/www.hoymercedes.com.ar\/principal\/wp-json\/wp\/v2\/posts\/95166\/revisions"}],"wp:featuredmedia":[{"embeddable":true,"href":"https:\/\/www.hoymercedes.com.ar\/principal\/wp-json\/wp\/v2\/media\/89960"}],"wp:attachment":[{"href":"https:\/\/www.hoymercedes.com.ar\/principal\/wp-json\/wp\/v2\/media?parent=95166"}],"wp:term":[{"taxonomy":"category","embeddable":true,"href":"https:\/\/www.hoymercedes.com.ar\/principal\/wp-json\/wp\/v2\/categories?post=95166"},{"taxonomy":"post_tag","embeddable":true,"href":"https:\/\/www.hoymercedes.com.ar\/principal\/wp-json\/wp\/v2\/tags?post=95166"}],"curies":[{"name":"wp","href":"https:\/\/api.w.org\/{rel}","templated":true}]}}