{"id":95188,"date":"2019-06-15T11:20:10","date_gmt":"2019-06-15T14:20:10","guid":{"rendered":"http:\/\/www.hoymercedes.com.ar\/principal\/?p=95188"},"modified":"2019-06-15T11:35:39","modified_gmt":"2019-06-15T14:35:39","slug":"detienen-a-dos-policias-de-la-rural-mercedes","status":"publish","type":"post","link":"https:\/\/www.hoymercedes.com.ar\/principal\/2019\/06\/15\/detienen-a-dos-policias-de-la-rural-mercedes\/","title":{"rendered":"Detienen a dos polic\u00edas de la Rural Mercedes"},"content":{"rendered":"\n<p>Acusados por extorsi\u00f3n e incumplimiento de los deberes de funcionario p\u00fablico, un subcomisario y un teniente del comando de la Patrulla Rural Mercedes fueron detenidos en la noche del \u00faltimo viernes tras un allanamiento realizado durante la tarde en las dependencias de la polic\u00eda rural donde secuestraron elementos de inter\u00e9s para la causa, en la que interviene la Unidad Funcional de Instrucci\u00f3n (UFI) 2 del Departamento Judicial de\u00a0Mercedes. De acuerdo a la informaci\u00f3n adelantada por fuentes de la investigaci\u00f3n, los efectivos policiales se apellidan Carballo y Lagos. Ampliaremos.<\/p>\n\n\n\n<p><\/p>\n","protected":false},"excerpt":{"rendered":"<p>Acusados por extorsi\u00f3n e incumplimiento de los deberes de funcionario p\u00fablico, un subcomisario y un teniente del comando de la &#8230; <a title=\"Detienen a dos polic\u00edas de la Rural Mercedes\" class=\"read-more\" href=\"https:\/\/www.hoymercedes.com.ar\/principal\/2019\/06\/15\/detienen-a-dos-policias-de-la-rural-mercedes\/\" aria-label=\"Leer m\u00e1s sobre Detienen a dos polic\u00edas de la Rural Mercedes\">Leer m\u00e1s<\/a><\/p>\n","protected":false},"author":1,"featured_media":92785,"comment_status":"closed","ping_status":"open","sticky":false,"template":"","format":"standard","meta":{"_monsterinsights_skip_tracking":false,"_monsterinsights_sitenote_active":false,"_monsterinsights_sitenote_note":"","_monsterinsights_sitenote_category":0,"jetpack_post_was_ever_published":false,"_jetpack_newsletter_access":"","_jetpack_dont_email_post_to_subs":false,"_jetpack_newsletter_tier_id":0,"_jetpack_memberships_contains_paywalled_content":false,"_jetpack_memberships_contains_paid_content":false,"footnotes":"","jetpack_publicize_message":"","jetpack_publicize_feature_enabled":true,"jetpack_social_post_already_shared":true,"jetpack_social_options":{"image_generator_settings":{"template":"highway","default_image_id":0,"font":"","enabled":false},"version":2},"_wpas_customize_per_network":false},"categories":[85],"tags":[10352,11012,96],"class_list":["post-95188","post","type-post","status-publish","format-standard","has-post-thumbnail","hentry","category-policial","tag-detencion","tag-policia-rural","tag-policial-2","generate-columns","tablet-grid-50","mobile-grid-100","grid-parent","grid-50"],"jetpack_publicize_connections":[],"jetpack_featured_media_url":"https:\/\/www.hoymercedes.com.ar\/principal\/wp-content\/uploads\/2019\/05\/12-policia-patrulleros.jpg","wps_subtitle":"Los allanamientos fueron el viernes a la tarde","jetpack_sharing_enabled":true,"_links":{"self":[{"href":"https:\/\/www.hoymercedes.com.ar\/principal\/wp-json\/wp\/v2\/posts\/95188","targetHints":{"allow":["GET"]}}],"collection":[{"href":"https:\/\/www.hoymercedes.com.ar\/principal\/wp-json\/wp\/v2\/posts"}],"about":[{"href":"https:\/\/www.hoymercedes.com.ar\/principal\/wp-json\/wp\/v2\/types\/post"}],"author":[{"embeddable":true,"href":"https:\/\/www.hoymercedes.com.ar\/principal\/wp-json\/wp\/v2\/users\/1"}],"replies":[{"embeddable":true,"href":"https:\/\/www.hoymercedes.com.ar\/principal\/wp-json\/wp\/v2\/comments?post=95188"}],"version-history":[{"count":0,"href":"https:\/\/www.hoymercedes.com.ar\/principal\/wp-json\/wp\/v2\/posts\/95188\/revisions"}],"wp:featuredmedia":[{"embeddable":true,"href":"https:\/\/www.hoymercedes.com.ar\/principal\/wp-json\/wp\/v2\/media\/92785"}],"wp:attachment":[{"href":"https:\/\/www.hoymercedes.com.ar\/principal\/wp-json\/wp\/v2\/media?parent=95188"}],"wp:term":[{"taxonomy":"category","embeddable":true,"href":"https:\/\/www.hoymercedes.com.ar\/principal\/wp-json\/wp\/v2\/categories?post=95188"},{"taxonomy":"post_tag","embeddable":true,"href":"https:\/\/www.hoymercedes.com.ar\/principal\/wp-json\/wp\/v2\/tags?post=95188"}],"curies":[{"name":"wp","href":"https:\/\/api.w.org\/{rel}","templated":true}]}}