{"id":95191,"date":"2019-06-15T13:00:46","date_gmt":"2019-06-15T16:00:46","guid":{"rendered":"http:\/\/www.hoymercedes.com.ar\/principal\/?p=95191"},"modified":"2019-06-15T12:05:47","modified_gmt":"2019-06-15T15:05:47","slug":"el-jueves-20-cientos-de-ninos-prometeran-a-la-bandera","status":"publish","type":"post","link":"https:\/\/www.hoymercedes.com.ar\/principal\/2019\/06\/15\/el-jueves-20-cientos-de-ninos-prometeran-a-la-bandera\/","title":{"rendered":"El jueves 20 cientos de ni\u00f1os prometer\u00e1n a la bandera"},"content":{"rendered":"\n<p>Este jueves 20 de junio se conmemorar\u00e1, como todos los a\u00f1os, el d\u00eda de la bandera en nuestra ciudad. De esta manera, el intendente, el Dr. Juan Ignacio Ustarroz llevar\u00e1 adelante la \u201cPromesa de Lealtad a la Bandera Nacional Argentina\u201d a los ni\u00f1os y ni\u00f1as de los cuartos a\u00f1os de escuelas primarias de gesti\u00f3n p\u00fablica y privada. La jornada comenzar\u00e1 a partir de las 10:30 horas frente al palacio Municipal.<\/p>\n\n\n\n<p>Desde la comuna se destaca que \u201cesta iniciativa lo que busca es generar una mancomuni\u00f3n entre los chicos de las diferentes instituciones educativas, enmarcados bajo una misma bandera, la Argentina\u201d.<\/p>\n\n\n\n<p>En esta fecha se honra la memoria de Manuel Belgrano, creador de la bandera nacional, quien muri\u00f3 el 20 de junio de 1820. El 8 de junio de 1938, el presidente Roberto M. Ortiz decret\u00f3 por la Ley 12.361, con aprobaci\u00f3n del Congreso, que cada 20 de junio se celebrar\u00eda el D\u00eda de la Bandera.<\/p>\n\n\n\n<p>El Instituto Belgraneano de Mercedes, una vez m\u00e1s, ser\u00e1 parte de este evento, quienes sostuvieron \u201ccomo instituto, siempre es un placer y un agrado estar en estos actos protocolares que organiza el Municipio de Mercedes, donde confluyen una inmensa cantidad de vecinos\u201d.&nbsp;&nbsp;<\/p>\n\n\n\n<p>La insignia patria fue creada el 27 de febrero de 1812 durante la gesta por la Independencia de las Provincias Unidas del R\u00edo de la Plata.<br><\/p>\n","protected":false},"excerpt":{"rendered":"<p>Este jueves 20 de junio se conmemorar\u00e1, como todos los a\u00f1os, el d\u00eda de la bandera en nuestra ciudad. De &#8230; <a title=\"El jueves 20 cientos de ni\u00f1os prometer\u00e1n a la bandera\" class=\"read-more\" href=\"https:\/\/www.hoymercedes.com.ar\/principal\/2019\/06\/15\/el-jueves-20-cientos-de-ninos-prometeran-a-la-bandera\/\" aria-label=\"Leer m\u00e1s sobre El jueves 20 cientos de ni\u00f1os prometer\u00e1n a la bandera\">Leer m\u00e1s<\/a><\/p>\n","protected":false},"author":1,"featured_media":95192,"comment_status":"closed","ping_status":"open","sticky":false,"template":"","format":"standard","meta":{"_monsterinsights_skip_tracking":false,"_monsterinsights_sitenote_active":false,"_monsterinsights_sitenote_note":"","_monsterinsights_sitenote_category":0,"jetpack_post_was_ever_published":false,"_jetpack_newsletter_access":"","_jetpack_dont_email_post_to_subs":false,"_jetpack_newsletter_tier_id":0,"_jetpack_memberships_contains_paywalled_content":false,"_jetpack_memberships_contains_paid_content":false,"footnotes":"","jetpack_publicize_message":"","jetpack_publicize_feature_enabled":true,"jetpack_social_post_already_shared":true,"jetpack_social_options":{"image_generator_settings":{"template":"highway","default_image_id":0,"font":"","enabled":false},"version":2},"_wpas_customize_per_network":false},"categories":[30],"tags":[11350,47,244,15339],"class_list":["post-95191","post","type-post","status-publish","format-standard","has-post-thumbnail","hentry","category-municipio","tag-dia-de-la-bandera","tag-educacion-2","tag-municipio-2","tag-promesa","generate-columns","tablet-grid-50","mobile-grid-100","grid-parent","grid-50"],"jetpack_publicize_connections":[],"jetpack_featured_media_url":"https:\/\/www.hoymercedes.com.ar\/principal\/wp-content\/uploads\/2019\/06\/15-Bandera-3.jpg","wps_subtitle":"Frente al Palacio Municipal jueves a la ma\u00f1ana","jetpack_sharing_enabled":true,"_links":{"self":[{"href":"https:\/\/www.hoymercedes.com.ar\/principal\/wp-json\/wp\/v2\/posts\/95191","targetHints":{"allow":["GET"]}}],"collection":[{"href":"https:\/\/www.hoymercedes.com.ar\/principal\/wp-json\/wp\/v2\/posts"}],"about":[{"href":"https:\/\/www.hoymercedes.com.ar\/principal\/wp-json\/wp\/v2\/types\/post"}],"author":[{"embeddable":true,"href":"https:\/\/www.hoymercedes.com.ar\/principal\/wp-json\/wp\/v2\/users\/1"}],"replies":[{"embeddable":true,"href":"https:\/\/www.hoymercedes.com.ar\/principal\/wp-json\/wp\/v2\/comments?post=95191"}],"version-history":[{"count":0,"href":"https:\/\/www.hoymercedes.com.ar\/principal\/wp-json\/wp\/v2\/posts\/95191\/revisions"}],"wp:featuredmedia":[{"embeddable":true,"href":"https:\/\/www.hoymercedes.com.ar\/principal\/wp-json\/wp\/v2\/media\/95192"}],"wp:attachment":[{"href":"https:\/\/www.hoymercedes.com.ar\/principal\/wp-json\/wp\/v2\/media?parent=95191"}],"wp:term":[{"taxonomy":"category","embeddable":true,"href":"https:\/\/www.hoymercedes.com.ar\/principal\/wp-json\/wp\/v2\/categories?post=95191"},{"taxonomy":"post_tag","embeddable":true,"href":"https:\/\/www.hoymercedes.com.ar\/principal\/wp-json\/wp\/v2\/tags?post=95191"}],"curies":[{"name":"wp","href":"https:\/\/api.w.org\/{rel}","templated":true}]}}