{"id":95254,"date":"2019-06-17T19:44:42","date_gmt":"2019-06-17T22:44:42","guid":{"rendered":"http:\/\/www.hoymercedes.com.ar\/principal\/?p=95254"},"modified":"2019-06-17T19:44:47","modified_gmt":"2019-06-17T22:44:47","slug":"proteccion-civil-guardia-24hs-y-diversas-intervenciones","status":"publish","type":"post","link":"https:\/\/www.hoymercedes.com.ar\/principal\/2019\/06\/17\/proteccion-civil-guardia-24hs-y-diversas-intervenciones\/","title":{"rendered":"Protecci\u00f3n Civil: guardia 24hs y diversas intervenciones"},"content":{"rendered":"\n<figure class=\"wp-block-image\"><img loading=\"lazy\" decoding=\"async\" width=\"800\" height=\"800\" data-attachment-id=\"95255\" data-permalink=\"https:\/\/www.hoymercedes.com.ar\/principal\/2019\/06\/17\/proteccion-civil-guardia-24hs-y-diversas-intervenciones\/2-1-2\/#main\" data-orig-file=\"https:\/\/www.hoymercedes.com.ar\/principal\/wp-content\/uploads\/2019\/06\/2-1.jpeg\" data-orig-size=\"800,800\" data-comments-opened=\"0\" data-image-meta=\"{&quot;aperture&quot;:&quot;0&quot;,&quot;credit&quot;:&quot;&quot;,&quot;camera&quot;:&quot;&quot;,&quot;caption&quot;:&quot;&quot;,&quot;created_timestamp&quot;:&quot;0&quot;,&quot;copyright&quot;:&quot;&quot;,&quot;focal_length&quot;:&quot;0&quot;,&quot;iso&quot;:&quot;0&quot;,&quot;shutter_speed&quot;:&quot;0&quot;,&quot;title&quot;:&quot;&quot;,&quot;orientation&quot;:&quot;0&quot;}\" data-image-title=\"2-1\" data-image-description=\"\" data-image-caption=\"\" data-large-file=\"https:\/\/www.hoymercedes.com.ar\/principal\/wp-content\/uploads\/2019\/06\/2-1.jpeg\" src=\"https:\/\/www.hoymercedes.com.ar\/principal\/wp-content\/uploads\/2019\/06\/2-1.jpeg\" alt=\"\" class=\"wp-image-95255\" srcset=\"https:\/\/www.hoymercedes.com.ar\/principal\/wp-content\/uploads\/2019\/06\/2-1.jpeg 800w, https:\/\/www.hoymercedes.com.ar\/principal\/wp-content\/uploads\/2019\/06\/2-1-150x150.jpeg 150w, https:\/\/www.hoymercedes.com.ar\/principal\/wp-content\/uploads\/2019\/06\/2-1-620x620.jpeg 620w, https:\/\/www.hoymercedes.com.ar\/principal\/wp-content\/uploads\/2019\/06\/2-1-100x100.jpeg 100w\" sizes=\"auto, (max-width: 800px) 100vw, 800px\" \/><\/figure>\n\n\n\n<p>El \u00e1rea de Protecci\u00f3n Civil\ncontin\u00faa su tarea de alerta y atenci\u00f3n a los vecinos. Desde la Direcci\u00f3n que\nconduce Estaban Chal\u00e1 narraron que son 25 hombres y mujeres recorriendo la\nciudad, zona rural y caminos, donde han asistido ca\u00edda de cables, postes\npeligrosos, miden el fluir del R\u00edo Luj\u00e1n y hasta asistiendo en la ruta, donde\nun cami\u00f3n de limones perdi\u00f3 parte de su carga.<\/p>\n\n\n\n<p>Durante el gran apag\u00f3n hist\u00f3rico\nde energ\u00eda el\u00e9ctrica, adem\u00e1s de recorrer la ciudad, cont\u00f3 Esteban Chal\u00e1 que\n\u201cmontamos preventivamente un puesto en plaza San Mart\u00edn con un generador\nel\u00e9ctrico para que los vecinos puedan cargar lo que desearan y adem\u00e1s agua potable,\ndado que un apag\u00f3n como el vivido afecta todos los servicios\u201d<\/p>\n\n\n\n<figure class=\"wp-block-image\"><img loading=\"lazy\" decoding=\"async\" width=\"800\" height=\"781\" data-attachment-id=\"95257\" data-permalink=\"https:\/\/www.hoymercedes.com.ar\/principal\/2019\/06\/17\/proteccion-civil-guardia-24hs-y-diversas-intervenciones\/1-21\/#main\" data-orig-file=\"https:\/\/www.hoymercedes.com.ar\/principal\/wp-content\/uploads\/2019\/06\/1.jpeg\" data-orig-size=\"800,781\" data-comments-opened=\"0\" data-image-meta=\"{&quot;aperture&quot;:&quot;0&quot;,&quot;credit&quot;:&quot;&quot;,&quot;camera&quot;:&quot;&quot;,&quot;caption&quot;:&quot;&quot;,&quot;created_timestamp&quot;:&quot;0&quot;,&quot;copyright&quot;:&quot;&quot;,&quot;focal_length&quot;:&quot;0&quot;,&quot;iso&quot;:&quot;0&quot;,&quot;shutter_speed&quot;:&quot;0&quot;,&quot;title&quot;:&quot;&quot;,&quot;orientation&quot;:&quot;0&quot;}\" data-image-title=\"1\" data-image-description=\"\" data-image-caption=\"\" data-large-file=\"https:\/\/www.hoymercedes.com.ar\/principal\/wp-content\/uploads\/2019\/06\/1.jpeg\" src=\"https:\/\/www.hoymercedes.com.ar\/principal\/wp-content\/uploads\/2019\/06\/1.jpeg\" alt=\"\" class=\"wp-image-95257\" srcset=\"https:\/\/www.hoymercedes.com.ar\/principal\/wp-content\/uploads\/2019\/06\/1.jpeg 800w, https:\/\/www.hoymercedes.com.ar\/principal\/wp-content\/uploads\/2019\/06\/1-150x146.jpeg 150w, https:\/\/www.hoymercedes.com.ar\/principal\/wp-content\/uploads\/2019\/06\/1-630x615.jpeg 630w\" sizes=\"auto, (max-width: 800px) 100vw, 800px\" \/><\/figure>\n\n\n\n<p>M\u00e1s adelante cont\u00f3 que \u201chemos\nasistido a quienes se contactaron al 147, en t\u00e9rminos de postes, cables ca\u00eddos,\ntambi\u00e9n hacemos el seguimiento del r\u00edo Luj\u00e1n en Mercedes y su cuenca, en ruta 41\ncon el vuelco de un cami\u00f3n, entre los principales episodios\u201d y destac\u00f3 que \u201cson\n25 hombres y mujeres, entre personal y voluntarios, que est\u00e1n de guardia las\n24hs listos para auxiliar a los mercedinos\u201d, cont\u00f3 el director del \u00e1rea.<\/p>\n\n\n\n<p>Antes de finalizar, narr\u00f3 que\n\u201cestamos muy agradecidos y orgullosos de los integrantes de Protecci\u00f3n Civil,\nquiero decirles gracias, tambi\u00e9n el apoyo que tenemos del intendente Ustarroz\nque no escatima recursos para el \u00e1rea y, sin duda, a los vecinos, siempre\namables y entendiendo la tarea que desarrollamos\u201d, afirm\u00f3.<\/p>\n\n\n\n<p>Se supo, tambi\u00e9n, que la guardia\ny las recorridas no cesan mientras el clima siga con estas jornadas tan\nlluviosas y ventosas. <\/p>\n\n\n\n<figure class=\"wp-block-image\"><img loading=\"lazy\" decoding=\"async\" width=\"800\" height=\"800\" data-attachment-id=\"95256\" data-permalink=\"https:\/\/www.hoymercedes.com.ar\/principal\/2019\/06\/17\/proteccion-civil-guardia-24hs-y-diversas-intervenciones\/3-16\/#main\" data-orig-file=\"https:\/\/www.hoymercedes.com.ar\/principal\/wp-content\/uploads\/2019\/06\/3.jpeg\" data-orig-size=\"800,800\" data-comments-opened=\"0\" data-image-meta=\"{&quot;aperture&quot;:&quot;0&quot;,&quot;credit&quot;:&quot;&quot;,&quot;camera&quot;:&quot;&quot;,&quot;caption&quot;:&quot;&quot;,&quot;created_timestamp&quot;:&quot;0&quot;,&quot;copyright&quot;:&quot;&quot;,&quot;focal_length&quot;:&quot;0&quot;,&quot;iso&quot;:&quot;0&quot;,&quot;shutter_speed&quot;:&quot;0&quot;,&quot;title&quot;:&quot;&quot;,&quot;orientation&quot;:&quot;0&quot;}\" data-image-title=\"3\" data-image-description=\"\" data-image-caption=\"\" data-large-file=\"https:\/\/www.hoymercedes.com.ar\/principal\/wp-content\/uploads\/2019\/06\/3.jpeg\" src=\"https:\/\/www.hoymercedes.com.ar\/principal\/wp-content\/uploads\/2019\/06\/3.jpeg\" alt=\"\" class=\"wp-image-95256\" srcset=\"https:\/\/www.hoymercedes.com.ar\/principal\/wp-content\/uploads\/2019\/06\/3.jpeg 800w, https:\/\/www.hoymercedes.com.ar\/principal\/wp-content\/uploads\/2019\/06\/3-150x150.jpeg 150w, https:\/\/www.hoymercedes.com.ar\/principal\/wp-content\/uploads\/2019\/06\/3-620x620.jpeg 620w, https:\/\/www.hoymercedes.com.ar\/principal\/wp-content\/uploads\/2019\/06\/3-100x100.jpeg 100w\" sizes=\"auto, (max-width: 800px) 100vw, 800px\" \/><\/figure>\n\n\n\n<p>Alrededor de las 17hs, se supo,\nadem\u00e1s, que debieron cortar el paso en calle 26 cerca de la \u201ccruz de palo\u201d dado\nque se cay\u00f3 un cable y poste, debiendo cortar la energ\u00eda el\u00e9ctrica afectando a\nbuena cantidad de usuarios, debiendo cerrar el tr\u00e1nsito y cercar la zona. <\/p>\n\n\n\n<p>Se recomienda, como siempre,\nandar con precauci\u00f3n en d\u00edas como los que vivimos de tormentas constantes. <\/p>\n","protected":false},"excerpt":{"rendered":"<p>El \u00e1rea de Protecci\u00f3n Civil contin\u00faa su tarea de alerta y atenci\u00f3n a los vecinos. Desde la Direcci\u00f3n que conduce &#8230; <a title=\"Protecci\u00f3n Civil: guardia 24hs y diversas intervenciones\" class=\"read-more\" href=\"https:\/\/www.hoymercedes.com.ar\/principal\/2019\/06\/17\/proteccion-civil-guardia-24hs-y-diversas-intervenciones\/\" aria-label=\"Leer m\u00e1s sobre Protecci\u00f3n Civil: guardia 24hs y diversas intervenciones\">Leer m\u00e1s<\/a><\/p>\n","protected":false},"author":1,"featured_media":95257,"comment_status":"closed","ping_status":"open","sticky":false,"template":"","format":"standard","meta":{"_monsterinsights_skip_tracking":false,"_monsterinsights_sitenote_active":false,"_monsterinsights_sitenote_note":"","_monsterinsights_sitenote_category":0,"jetpack_post_was_ever_published":false,"_jetpack_newsletter_access":"","_jetpack_dont_email_post_to_subs":false,"_jetpack_newsletter_tier_id":0,"_jetpack_memberships_contains_paywalled_content":false,"_jetpack_memberships_contains_paid_content":false,"footnotes":"","jetpack_publicize_message":"","jetpack_publicize_feature_enabled":true,"jetpack_social_post_already_shared":true,"jetpack_social_options":{"image_generator_settings":{"template":"highway","default_image_id":0,"font":"","enabled":false},"version":2},"_wpas_customize_per_network":false},"categories":[30],"tags":[771,9122],"class_list":["post-95254","post","type-post","status-publish","format-standard","has-post-thumbnail","hentry","category-municipio","tag-municipalidad","tag-proteccion-civil","generate-columns","tablet-grid-50","mobile-grid-100","grid-parent","grid-50"],"jetpack_publicize_connections":[],"jetpack_featured_media_url":"https:\/\/www.hoymercedes.com.ar\/principal\/wp-content\/uploads\/2019\/06\/1.jpeg","wps_subtitle":"Acci\u00f3n social ","jetpack_sharing_enabled":true,"_links":{"self":[{"href":"https:\/\/www.hoymercedes.com.ar\/principal\/wp-json\/wp\/v2\/posts\/95254","targetHints":{"allow":["GET"]}}],"collection":[{"href":"https:\/\/www.hoymercedes.com.ar\/principal\/wp-json\/wp\/v2\/posts"}],"about":[{"href":"https:\/\/www.hoymercedes.com.ar\/principal\/wp-json\/wp\/v2\/types\/post"}],"author":[{"embeddable":true,"href":"https:\/\/www.hoymercedes.com.ar\/principal\/wp-json\/wp\/v2\/users\/1"}],"replies":[{"embeddable":true,"href":"https:\/\/www.hoymercedes.com.ar\/principal\/wp-json\/wp\/v2\/comments?post=95254"}],"version-history":[{"count":0,"href":"https:\/\/www.hoymercedes.com.ar\/principal\/wp-json\/wp\/v2\/posts\/95254\/revisions"}],"wp:featuredmedia":[{"embeddable":true,"href":"https:\/\/www.hoymercedes.com.ar\/principal\/wp-json\/wp\/v2\/media\/95257"}],"wp:attachment":[{"href":"https:\/\/www.hoymercedes.com.ar\/principal\/wp-json\/wp\/v2\/media?parent=95254"}],"wp:term":[{"taxonomy":"category","embeddable":true,"href":"https:\/\/www.hoymercedes.com.ar\/principal\/wp-json\/wp\/v2\/categories?post=95254"},{"taxonomy":"post_tag","embeddable":true,"href":"https:\/\/www.hoymercedes.com.ar\/principal\/wp-json\/wp\/v2\/tags?post=95254"}],"curies":[{"name":"wp","href":"https:\/\/api.w.org\/{rel}","templated":true}]}}