{"id":95261,"date":"2019-06-17T21:15:05","date_gmt":"2019-06-18T00:15:05","guid":{"rendered":"http:\/\/www.hoymercedes.com.ar\/principal\/?p=95261"},"modified":"2019-06-18T16:52:30","modified_gmt":"2019-06-18T19:52:30","slug":"el-afamado-pianista-miguel-angel-estrella-se-presento-en-mercedes","status":"publish","type":"post","link":"https:\/\/www.hoymercedes.com.ar\/principal\/2019\/06\/17\/el-afamado-pianista-miguel-angel-estrella-se-presento-en-mercedes\/","title":{"rendered":"El afamado pianista Miguel \u00c1ngel Estrella se present\u00f3 en Mercedes"},"content":{"rendered":"\n<figure class=\"wp-block-image\"><img loading=\"lazy\" decoding=\"async\" width=\"1024\" height=\"575\" data-attachment-id=\"95262\" data-permalink=\"https:\/\/www.hoymercedes.com.ar\/principal\/2019\/06\/17\/el-afamado-pianista-miguel-angel-estrella-se-presento-en-mercedes\/estrella-mercedes-ustarroz\/#main\" data-orig-file=\"https:\/\/www.hoymercedes.com.ar\/principal\/wp-content\/uploads\/2019\/06\/Estrella-Mercedes-Ustarroz.jpg\" data-orig-size=\"1125,632\" data-comments-opened=\"0\" data-image-meta=\"{&quot;aperture&quot;:&quot;0&quot;,&quot;credit&quot;:&quot;&quot;,&quot;camera&quot;:&quot;&quot;,&quot;caption&quot;:&quot;&quot;,&quot;created_timestamp&quot;:&quot;0&quot;,&quot;copyright&quot;:&quot;&quot;,&quot;focal_length&quot;:&quot;0&quot;,&quot;iso&quot;:&quot;0&quot;,&quot;shutter_speed&quot;:&quot;0&quot;,&quot;title&quot;:&quot;&quot;,&quot;orientation&quot;:&quot;0&quot;}\" data-image-title=\"Estrella-Mercedes-Ustarroz\" data-image-description=\"\" data-image-caption=\"\" data-large-file=\"https:\/\/www.hoymercedes.com.ar\/principal\/wp-content\/uploads\/2019\/06\/Estrella-Mercedes-Ustarroz-1024x575.jpg\" src=\"https:\/\/www.hoymercedes.com.ar\/principal\/wp-content\/uploads\/2019\/06\/Estrella-Mercedes-Ustarroz-1024x575.jpg\" alt=\"\" class=\"wp-image-95262\" srcset=\"https:\/\/www.hoymercedes.com.ar\/principal\/wp-content\/uploads\/2019\/06\/Estrella-Mercedes-Ustarroz-1024x575.jpg 1024w, https:\/\/www.hoymercedes.com.ar\/principal\/wp-content\/uploads\/2019\/06\/Estrella-Mercedes-Ustarroz-150x84.jpg 150w, https:\/\/www.hoymercedes.com.ar\/principal\/wp-content\/uploads\/2019\/06\/Estrella-Mercedes-Ustarroz-630x354.jpg 630w, https:\/\/www.hoymercedes.com.ar\/principal\/wp-content\/uploads\/2019\/06\/Estrella-Mercedes-Ustarroz.jpg 1125w\" sizes=\"auto, (max-width: 1024px) 100vw, 1024px\" \/><\/figure>\n\n\n\n<p>EL talentoso pianista Miguel\n\u00c1ngel Estrella se present\u00f3 en el Colegio Nacional en el marco de una actividad\nque busc\u00f3 recaudar fondos para reparar la caldera. Fue el pasado domingo en una\norganizaci\u00f3n en conjunto entre el Centro de Egresados del Colegio Nacional y la\nDirecci\u00f3n de Cultura Municipal. <\/p>\n\n\n\n<p>Miguel \u00c1ngel Estrella es\ninternacionalmente reconocido. Naci\u00f3 en Tucum\u00e1n y tiene m\u00faltiples\nreconocimientos Entre 2007 y 2015 ejerci\u00f3 como Embajador argentino ante la\nUNESCO.<\/p>\n\n\n\n<p>Miguel \u00c1ngel Estrella milit\u00f3\nadem\u00e1s activamente por los derechos humanos y por la difusi\u00f3n de la m\u00fasica como\nun instrumento de defensa de la dignidad humana y de elevaci\u00f3n de la condici\u00f3n\nhumana. Con esta finalidad, fund\u00f3 en el 10 de diciembre de 1982 el movimiento\ninternacional \u00abM\u00fasica Esperanza\u00bb.<\/p>\n\n\n\n<figure class=\"wp-block-image\"><img loading=\"lazy\" decoding=\"async\" width=\"1024\" height=\"575\" data-attachment-id=\"95263\" data-permalink=\"https:\/\/www.hoymercedes.com.ar\/principal\/2019\/06\/17\/el-afamado-pianista-miguel-angel-estrella-se-presento-en-mercedes\/estrella-mercedes\/#main\" data-orig-file=\"https:\/\/www.hoymercedes.com.ar\/principal\/wp-content\/uploads\/2019\/06\/Estrella-Mercedes.jpg\" data-orig-size=\"1125,632\" data-comments-opened=\"0\" data-image-meta=\"{&quot;aperture&quot;:&quot;0&quot;,&quot;credit&quot;:&quot;&quot;,&quot;camera&quot;:&quot;&quot;,&quot;caption&quot;:&quot;&quot;,&quot;created_timestamp&quot;:&quot;0&quot;,&quot;copyright&quot;:&quot;&quot;,&quot;focal_length&quot;:&quot;0&quot;,&quot;iso&quot;:&quot;0&quot;,&quot;shutter_speed&quot;:&quot;0&quot;,&quot;title&quot;:&quot;&quot;,&quot;orientation&quot;:&quot;0&quot;}\" data-image-title=\"Estrella-Mercedes\" data-image-description=\"\" data-image-caption=\"\" data-large-file=\"https:\/\/www.hoymercedes.com.ar\/principal\/wp-content\/uploads\/2019\/06\/Estrella-Mercedes-1024x575.jpg\" src=\"https:\/\/www.hoymercedes.com.ar\/principal\/wp-content\/uploads\/2019\/06\/Estrella-Mercedes-1024x575.jpg\" alt=\"\" class=\"wp-image-95263\" srcset=\"https:\/\/www.hoymercedes.com.ar\/principal\/wp-content\/uploads\/2019\/06\/Estrella-Mercedes-1024x575.jpg 1024w, https:\/\/www.hoymercedes.com.ar\/principal\/wp-content\/uploads\/2019\/06\/Estrella-Mercedes-150x84.jpg 150w, https:\/\/www.hoymercedes.com.ar\/principal\/wp-content\/uploads\/2019\/06\/Estrella-Mercedes-630x354.jpg 630w, https:\/\/www.hoymercedes.com.ar\/principal\/wp-content\/uploads\/2019\/06\/Estrella-Mercedes.jpg 1125w\" sizes=\"auto, (max-width: 1024px) 100vw, 1024px\" \/><\/figure>\n\n\n\n<p>Entre sus m\u00faltiples galardones se\ndestaca, por ejemplo, ser \u201cCaballero de la Legi\u00f3n de Honor\u201d otorgado por el\ngobierno de Francia, adem\u00e1s de ser doctor honoris causa de universidades de\nArgentina, Europa y EE.UU<\/p>\n\n\n\n<p>En esta ocasi\u00f3n, tambi\u00e9n, recibi\u00f3\nun reconocimiento de toda la comunidad a instancias del intendente Dr. Juan\nIgnacio Ustarroz, quien subi\u00f3 al escenario y dialog\u00f3 con el pianista. <\/p>\n\n\n\n<p>El m\u00fasico, durante la \u00faltima\ndictadura c\u00edvico militar, estuvo 22 meses detenido, siendo muchas veces\namenazado con que le iban a cortar las manos. En su defensa, una de las tantas\nfiguras internacionales que ped\u00edan su libertad, se encontraba la Reina de\nInglaterra, que incluso le mand\u00f3 un piano sabiendo de su talento y fama. <\/p>\n","protected":false},"excerpt":{"rendered":"<p>EL talentoso pianista Miguel \u00c1ngel Estrella se present\u00f3 en el Colegio Nacional en el marco de una actividad que busc\u00f3 &#8230; <a title=\"El afamado pianista Miguel \u00c1ngel Estrella se present\u00f3 en Mercedes\" class=\"read-more\" href=\"https:\/\/www.hoymercedes.com.ar\/principal\/2019\/06\/17\/el-afamado-pianista-miguel-angel-estrella-se-presento-en-mercedes\/\" aria-label=\"Leer m\u00e1s sobre El afamado pianista Miguel \u00c1ngel Estrella se present\u00f3 en Mercedes\">Leer m\u00e1s<\/a><\/p>\n","protected":false},"author":1,"featured_media":95263,"comment_status":"closed","ping_status":"open","sticky":false,"template":"","format":"standard","meta":{"_monsterinsights_skip_tracking":false,"_monsterinsights_sitenote_active":false,"_monsterinsights_sitenote_note":"","_monsterinsights_sitenote_category":0,"jetpack_post_was_ever_published":false,"_jetpack_newsletter_access":"","_jetpack_dont_email_post_to_subs":false,"_jetpack_newsletter_tier_id":0,"_jetpack_memberships_contains_paywalled_content":false,"_jetpack_memberships_contains_paid_content":false,"footnotes":"","jetpack_publicize_message":"","jetpack_publicize_feature_enabled":true,"jetpack_social_post_already_shared":true,"jetpack_social_options":{"image_generator_settings":{"template":"highway","default_image_id":0,"font":"","enabled":false},"version":2},"_wpas_customize_per_network":false},"categories":[104],"tags":[7805,244,8539],"class_list":["post-95261","post","type-post","status-publish","format-standard","has-post-thumbnail","hentry","category-cultura","tag-cultura","tag-municipio-2","tag-musica","generate-columns","tablet-grid-50","mobile-grid-100","grid-parent","grid-50"],"jetpack_publicize_connections":[],"jetpack_featured_media_url":"https:\/\/www.hoymercedes.com.ar\/principal\/wp-content\/uploads\/2019\/06\/Estrella-Mercedes.jpg","wps_subtitle":"Talento y fama internacional","jetpack_sharing_enabled":true,"_links":{"self":[{"href":"https:\/\/www.hoymercedes.com.ar\/principal\/wp-json\/wp\/v2\/posts\/95261","targetHints":{"allow":["GET"]}}],"collection":[{"href":"https:\/\/www.hoymercedes.com.ar\/principal\/wp-json\/wp\/v2\/posts"}],"about":[{"href":"https:\/\/www.hoymercedes.com.ar\/principal\/wp-json\/wp\/v2\/types\/post"}],"author":[{"embeddable":true,"href":"https:\/\/www.hoymercedes.com.ar\/principal\/wp-json\/wp\/v2\/users\/1"}],"replies":[{"embeddable":true,"href":"https:\/\/www.hoymercedes.com.ar\/principal\/wp-json\/wp\/v2\/comments?post=95261"}],"version-history":[{"count":0,"href":"https:\/\/www.hoymercedes.com.ar\/principal\/wp-json\/wp\/v2\/posts\/95261\/revisions"}],"wp:featuredmedia":[{"embeddable":true,"href":"https:\/\/www.hoymercedes.com.ar\/principal\/wp-json\/wp\/v2\/media\/95263"}],"wp:attachment":[{"href":"https:\/\/www.hoymercedes.com.ar\/principal\/wp-json\/wp\/v2\/media?parent=95261"}],"wp:term":[{"taxonomy":"category","embeddable":true,"href":"https:\/\/www.hoymercedes.com.ar\/principal\/wp-json\/wp\/v2\/categories?post=95261"},{"taxonomy":"post_tag","embeddable":true,"href":"https:\/\/www.hoymercedes.com.ar\/principal\/wp-json\/wp\/v2\/tags?post=95261"}],"curies":[{"name":"wp","href":"https:\/\/api.w.org\/{rel}","templated":true}]}}