{"id":95271,"date":"2019-06-18T09:30:04","date_gmt":"2019-06-18T12:30:04","guid":{"rendered":"http:\/\/www.hoymercedes.com.ar\/principal\/?p=95271"},"modified":"2019-06-18T16:51:31","modified_gmt":"2019-06-18T19:51:31","slug":"selva-el-fondo-monetario-le-esta-financiando-la-campana-a-macri","status":"publish","type":"post","link":"https:\/\/www.hoymercedes.com.ar\/principal\/2019\/06\/18\/selva-el-fondo-monetario-le-esta-financiando-la-campana-a-macri\/","title":{"rendered":"Selva: \u201cEl Fondo Monetario le est\u00e1 financiando la campa\u00f1a a Macri\u201d"},"content":{"rendered":"\n<p>El diputado nacional Carlos Selva, del Frente Renovador, estuvo el viernes en el programa televisivo \u201cMaxi al Mediodia\u201d, de la se\u00f1al A24, donde dej\u00f3 algunos interesantes conceptos sobre la actual coyuntura pol\u00edtica y el rol del massismo de cara a las elecciones.<\/p>\n\n\n\n<figure class=\"wp-block-image\"><img loading=\"lazy\" decoding=\"async\" width=\"640\" height=\"387\" data-attachment-id=\"95272\" data-permalink=\"https:\/\/www.hoymercedes.com.ar\/principal\/2019\/06\/18\/selva-el-fondo-monetario-le-esta-financiando-la-campana-a-macri\/clipboard-1\/#main\" data-orig-file=\"https:\/\/www.hoymercedes.com.ar\/principal\/wp-content\/uploads\/2019\/06\/Clipboard-1.jpg\" data-orig-size=\"640,387\" data-comments-opened=\"0\" data-image-meta=\"{&quot;aperture&quot;:&quot;0&quot;,&quot;credit&quot;:&quot;&quot;,&quot;camera&quot;:&quot;&quot;,&quot;caption&quot;:&quot;&quot;,&quot;created_timestamp&quot;:&quot;0&quot;,&quot;copyright&quot;:&quot;&quot;,&quot;focal_length&quot;:&quot;0&quot;,&quot;iso&quot;:&quot;0&quot;,&quot;shutter_speed&quot;:&quot;0&quot;,&quot;title&quot;:&quot;&quot;,&quot;orientation&quot;:&quot;0&quot;}\" data-image-title=\"Clipboard-1\" data-image-description=\"\" data-image-caption=\"\" data-large-file=\"https:\/\/www.hoymercedes.com.ar\/principal\/wp-content\/uploads\/2019\/06\/Clipboard-1.jpg\" src=\"https:\/\/www.hoymercedes.com.ar\/principal\/wp-content\/uploads\/2019\/06\/Clipboard-1.jpg\" alt=\"\" class=\"wp-image-95272\" srcset=\"https:\/\/www.hoymercedes.com.ar\/principal\/wp-content\/uploads\/2019\/06\/Clipboard-1.jpg 640w, https:\/\/www.hoymercedes.com.ar\/principal\/wp-content\/uploads\/2019\/06\/Clipboard-1-150x91.jpg 150w, https:\/\/www.hoymercedes.com.ar\/principal\/wp-content\/uploads\/2019\/06\/Clipboard-1-630x381.jpg 630w\" sizes=\"auto, (max-width: 640px) 100vw, 640px\" \/><\/figure>\n\n\n\n<p>\u201cCambiemos es Macri, p\u00f3nganle dulce de leche o crema\u201d, dijo Selva. \u201cSoy poco coloquial tal ves por ser peronista. Pero aqu\u00ed hay un an\u00e1lisis pol\u00edtico sobre esto. No es inentendible como dicen lo de Sergio Massa, sino que somos la \u00fanica fuerza pol\u00edtica que hizo un congreso y se defini\u00f3. Vimos que hab\u00eda jugadas\u201d, sostuvo Selva y destac\u00f3: \u201cVoy a defender lo que se hizo desde el Frente Renovador y la actitud de la ex presidenta, con quien he tenido diferencias. Pero no es un gesto menor bajarse de la candidatura a la presidencia, y eso fue le\u00eddo de una forma hacia adentro del peronismo, unos 8 gobernadores definieron en un d\u00eda que era distinto el m\u00e9todo de di\u00e1logo\u201d.<\/p>\n\n\n\n<p>\u201cY con la incorporaci\u00f3n de Massa a esto, y soy optimista, la ex presidenta empieza a ver que hay una generaci\u00f3n de dirigentes j\u00f3venes que deben tener espacio. Y si nos qued\u00e1bamos afuera \u00e9ramos funcionales al gobierno\u201d, indic\u00f3 Selva.<\/p>\n\n\n\n<p>Adem\u00e1s el diputado plante\u00f3 que el hecho de que \u201cen la Argentina haya hambre se tiene que ocupar este gobierno\u201d: \u201cEl d\u00eda a d\u00eda de la gente sigue siendo tan duro como ayer\u201d, dijo y remarc\u00f3 que \u201cel Fondo Monetario Internacional le est\u00e1 financiado la campa\u00f1a a Macri\u201d, entre otros puntos.<\/p>\n","protected":false},"excerpt":{"rendered":"<p>El diputado nacional Carlos Selva, del Frente Renovador, estuvo el viernes en el programa televisivo \u201cMaxi al Mediodia\u201d, de la &#8230; <a title=\"Selva: \u201cEl Fondo Monetario le est\u00e1 financiando la campa\u00f1a a Macri\u201d\" class=\"read-more\" href=\"https:\/\/www.hoymercedes.com.ar\/principal\/2019\/06\/18\/selva-el-fondo-monetario-le-esta-financiando-la-campana-a-macri\/\" aria-label=\"Leer m\u00e1s sobre Selva: \u201cEl Fondo Monetario le est\u00e1 financiando la campa\u00f1a a Macri\u201d\">Leer m\u00e1s<\/a><\/p>\n","protected":false},"author":1,"featured_media":95272,"comment_status":"closed","ping_status":"open","sticky":false,"template":"","format":"standard","meta":{"_monsterinsights_skip_tracking":false,"_monsterinsights_sitenote_active":false,"_monsterinsights_sitenote_note":"","_monsterinsights_sitenote_category":0,"jetpack_post_was_ever_published":false,"_jetpack_newsletter_access":"","_jetpack_dont_email_post_to_subs":false,"_jetpack_newsletter_tier_id":0,"_jetpack_memberships_contains_paywalled_content":false,"_jetpack_memberships_contains_paid_content":false,"footnotes":"","jetpack_publicize_message":"","jetpack_publicize_feature_enabled":true,"jetpack_social_post_already_shared":true,"jetpack_social_options":{"image_generator_settings":{"template":"highway","default_image_id":0,"font":"","enabled":false},"version":2},"_wpas_customize_per_network":false},"categories":[5210],"tags":[39,5319],"class_list":["post-95271","post","type-post","status-publish","format-standard","has-post-thumbnail","hentry","category-politica-nacional","tag-carlos-selva","tag-politica-2","generate-columns","tablet-grid-50","mobile-grid-100","grid-parent","grid-50"],"jetpack_publicize_connections":[],"jetpack_featured_media_url":"https:\/\/www.hoymercedes.com.ar\/principal\/wp-content\/uploads\/2019\/06\/Clipboard-1.jpg","wps_subtitle":"","jetpack_sharing_enabled":true,"_links":{"self":[{"href":"https:\/\/www.hoymercedes.com.ar\/principal\/wp-json\/wp\/v2\/posts\/95271","targetHints":{"allow":["GET"]}}],"collection":[{"href":"https:\/\/www.hoymercedes.com.ar\/principal\/wp-json\/wp\/v2\/posts"}],"about":[{"href":"https:\/\/www.hoymercedes.com.ar\/principal\/wp-json\/wp\/v2\/types\/post"}],"author":[{"embeddable":true,"href":"https:\/\/www.hoymercedes.com.ar\/principal\/wp-json\/wp\/v2\/users\/1"}],"replies":[{"embeddable":true,"href":"https:\/\/www.hoymercedes.com.ar\/principal\/wp-json\/wp\/v2\/comments?post=95271"}],"version-history":[{"count":0,"href":"https:\/\/www.hoymercedes.com.ar\/principal\/wp-json\/wp\/v2\/posts\/95271\/revisions"}],"wp:featuredmedia":[{"embeddable":true,"href":"https:\/\/www.hoymercedes.com.ar\/principal\/wp-json\/wp\/v2\/media\/95272"}],"wp:attachment":[{"href":"https:\/\/www.hoymercedes.com.ar\/principal\/wp-json\/wp\/v2\/media?parent=95271"}],"wp:term":[{"taxonomy":"category","embeddable":true,"href":"https:\/\/www.hoymercedes.com.ar\/principal\/wp-json\/wp\/v2\/categories?post=95271"},{"taxonomy":"post_tag","embeddable":true,"href":"https:\/\/www.hoymercedes.com.ar\/principal\/wp-json\/wp\/v2\/tags?post=95271"}],"curies":[{"name":"wp","href":"https:\/\/api.w.org\/{rel}","templated":true}]}}