{"id":95274,"date":"2019-06-18T10:07:42","date_gmt":"2019-06-18T13:07:42","guid":{"rendered":"http:\/\/www.hoymercedes.com.ar\/principal\/?p=95274"},"modified":"2019-06-18T10:25:54","modified_gmt":"2019-06-18T13:25:54","slug":"independiente-de-chivilcoy-no-pudo-torcer-la-historia-y-quedo-en-la-puerta-del-ascenso-al-federal-a","status":"publish","type":"post","link":"https:\/\/www.hoymercedes.com.ar\/principal\/2019\/06\/18\/independiente-de-chivilcoy-no-pudo-torcer-la-historia-y-quedo-en-la-puerta-del-ascenso-al-federal-a\/","title":{"rendered":"Independiente de Chivilcoy no pudo torcer la historia y qued\u00f3 en la puerta del ascenso al Federal A"},"content":{"rendered":"\n<p>Como ocurri\u00f3 cuando perdi\u00f3 la final en 2016, a Independiente de Chivilcoy se le volvi\u00f3 a hacer esquivo el ascenso por m\u00e9rito deportivo y no por invitaci\u00f3n al Federal A. Este domingo lluvioso volvi\u00f3 a perder por 2 a 1 ante Pe\u00f1arol de San Juan, siendo la primera ca\u00edda como local y el segundo partido en el que le convirtieron goles en su cancha, tras aqu\u00e9l de penal que le marc\u00f3 Franco Gatti cuando el Rojo elimin\u00f3 a Mercedes.<\/p>\n\n\n\n<figure class=\"wp-block-image\"><img loading=\"lazy\" decoding=\"async\" width=\"960\" height=\"720\" data-attachment-id=\"95275\" data-permalink=\"https:\/\/www.hoymercedes.com.ar\/principal\/2019\/06\/18\/independiente-de-chivilcoy-no-pudo-torcer-la-historia-y-quedo-en-la-puerta-del-ascenso-al-federal-a\/pacheco2\/#main\" data-orig-file=\"https:\/\/www.hoymercedes.com.ar\/principal\/wp-content\/uploads\/2019\/06\/pacheco2.jpg\" data-orig-size=\"960,720\" data-comments-opened=\"0\" data-image-meta=\"{&quot;aperture&quot;:&quot;0&quot;,&quot;credit&quot;:&quot;&quot;,&quot;camera&quot;:&quot;&quot;,&quot;caption&quot;:&quot;&quot;,&quot;created_timestamp&quot;:&quot;0&quot;,&quot;copyright&quot;:&quot;&quot;,&quot;focal_length&quot;:&quot;0&quot;,&quot;iso&quot;:&quot;0&quot;,&quot;shutter_speed&quot;:&quot;0&quot;,&quot;title&quot;:&quot;&quot;,&quot;orientation&quot;:&quot;0&quot;}\" data-image-title=\"pacheco2\" data-image-description=\"\" data-image-caption=\"\" data-large-file=\"https:\/\/www.hoymercedes.com.ar\/principal\/wp-content\/uploads\/2019\/06\/pacheco2.jpg\" src=\"https:\/\/www.hoymercedes.com.ar\/principal\/wp-content\/uploads\/2019\/06\/pacheco2.jpg\" alt=\"\" class=\"wp-image-95275\" srcset=\"https:\/\/www.hoymercedes.com.ar\/principal\/wp-content\/uploads\/2019\/06\/pacheco2.jpg 960w, https:\/\/www.hoymercedes.com.ar\/principal\/wp-content\/uploads\/2019\/06\/pacheco2-150x113.jpg 150w, https:\/\/www.hoymercedes.com.ar\/principal\/wp-content\/uploads\/2019\/06\/pacheco2-630x473.jpg 630w, https:\/\/www.hoymercedes.com.ar\/principal\/wp-content\/uploads\/2019\/06\/pacheco2-320x240.jpg 320w, https:\/\/www.hoymercedes.com.ar\/principal\/wp-content\/uploads\/2019\/06\/pacheco2-100x75.jpg 100w\" sizes=\"auto, (max-width: 960px) 100vw, 960px\" \/><\/figure>\n\n\n\n<p>S\u00edntesis<\/p>\n\n\n\n<p>Atl\u00e9tico Independiente (1): Alan Depotte, Alan Aciar, Mart\u00edn Gallo, Facundo Tumbesi, Daniel Olmedo \u00a9, Marcos Ben\u00edtez, Jorge Pereyra, Jonathan Pacheco, Nicol\u00e1s Slimmens, Rodrigo Freites, Marcos Salvaggio. DT Alberto Salvaggio<\/p>\n\n\n\n<p>Pe\u00f1arol de Cimbas (2): Carlos Biasotti, Lucas Arturia, Francisco Fern\u00e1ndez, Mario Rebeco, Ernesto Ceballos, Pablo Costi, Roberto Mart\u00edn, Carlos Fern\u00e1ndez, Gustavo Pereyra, Facundo Gonz\u00e1lez, Gabriel Gonz\u00e1lez. DT Cristian Bove<\/p>\n\n\n\n<p>Goles: ST 35 y 38m Alan Cantero (P); 40m Nicol\u00e1s Slimmens (AI). Cambios: ST Lucas Chipparo y Alexis Quintul\u00e9n por Tumbesi y Pacheco (AI); Alan Cantero, V\u00edctor Gil y Walter Mu\u00f1oz por Gabriel y Facundo Gonz\u00e1lez y Gustavo Pereyra (P). Relevos: Diego Pe\u00f1alba, Rodrigo Pascuccio, Federico Giaccone, Ezequiel Bassi y Hugo Tumbesi (AI). A. Vicentella, Leandro Espejo, Leandro Arce y Carlos Ch\u00e1vez (P). Amonestados: Facundo Tumbesi y Rodrigo Freites (AI); Lucas Arturia, Ernesto Ceballos, Carlos Fern\u00e1ndez y Walter Mu\u00f1oz (P). Expulsados: No hubo. Arbitro: Nahuel Vi\u00f1as (Alcorta); asistentes Mat\u00edas Ramos y Federico Drubi (R\u00edo Cuarto-C\u00f3rdoba). Cancha: Estadio \u201cRa\u00fal O. Lungarzo\u201d, Club Atl\u00e9tico Independiente<\/p>\n\n\n\n<p>Los otros ascensos<\/p>\n\n\n\n<p>C\u00edrculo Deportivo Comandante Nicanor Otamendi de Mar del Plata, con pasado en los viejos Nacionales de Primera Divisi\u00f3n, consigui\u00f3 el ascenso tras vencer en la final a Boxing Club de R\u00edo Gallegos, ganado 2 a 0 en La Feliz y perdiendo 2 a 1 en la Patagonia.<\/p>\n\n\n\n<p>Otro que vuelve al terreno rentado es Central Norte de Salta, que derrot\u00f3 1 a 0 en los dos partidos a Guaran\u00ed Antonio Franco de Misiones, equipo que hasta hace algunas temporadas estaba en el Nacional B y ahora volver\u00e1 a la Liga local.<\/p>\n\n\n\n<p>El \u00fanico ascenso que queda por resolver es el de la zona Centro Vs. Litoral Sur, donde este fin de semana, Achirense de Entre R\u00edos venci\u00f3 2 a 1 a G\u00fcemes de Santiago del Estero y el pr\u00f3ximo domingo se resolver\u00e1 el cuarto y \u00faltimo ascenso.<\/p>\n","protected":false},"excerpt":{"rendered":"<p>Como ocurri\u00f3 cuando perdi\u00f3 la final en 2016, a Independiente de Chivilcoy se le volvi\u00f3 a hacer esquivo el ascenso &#8230; <a title=\"Independiente de Chivilcoy no pudo torcer la historia y qued\u00f3 en la puerta del ascenso al Federal A\" class=\"read-more\" href=\"https:\/\/www.hoymercedes.com.ar\/principal\/2019\/06\/18\/independiente-de-chivilcoy-no-pudo-torcer-la-historia-y-quedo-en-la-puerta-del-ascenso-al-federal-a\/\" aria-label=\"Leer m\u00e1s sobre Independiente de Chivilcoy no pudo torcer la historia y qued\u00f3 en la puerta del ascenso al Federal A\">Leer m\u00e1s<\/a><\/p>\n","protected":false},"author":1,"featured_media":95275,"comment_status":"closed","ping_status":"open","sticky":false,"template":"","format":"standard","meta":{"_monsterinsights_skip_tracking":false,"_monsterinsights_sitenote_active":false,"_monsterinsights_sitenote_note":"","_monsterinsights_sitenote_category":0,"jetpack_post_was_ever_published":false,"_jetpack_newsletter_access":"","_jetpack_dont_email_post_to_subs":false,"_jetpack_newsletter_tier_id":0,"_jetpack_memberships_contains_paywalled_content":false,"_jetpack_memberships_contains_paid_content":false,"footnotes":"","jetpack_publicize_message":"","jetpack_publicize_feature_enabled":true,"jetpack_social_post_already_shared":true,"jetpack_social_options":{"image_generator_settings":{"template":"highway","default_image_id":0,"font":"","enabled":false},"version":2},"_wpas_customize_per_network":false},"categories":[21],"tags":[11245,9672],"class_list":["post-95274","post","type-post","status-publish","format-standard","has-post-thumbnail","hentry","category-deportes","tag-federal-a","tag-independiente-chivilcoy","generate-columns","tablet-grid-50","mobile-grid-100","grid-parent","grid-50"],"jetpack_publicize_connections":[],"jetpack_featured_media_url":"https:\/\/www.hoymercedes.com.ar\/principal\/wp-content\/uploads\/2019\/06\/pacheco2.jpg","wps_subtitle":"Regional Amateur","jetpack_sharing_enabled":true,"_links":{"self":[{"href":"https:\/\/www.hoymercedes.com.ar\/principal\/wp-json\/wp\/v2\/posts\/95274","targetHints":{"allow":["GET"]}}],"collection":[{"href":"https:\/\/www.hoymercedes.com.ar\/principal\/wp-json\/wp\/v2\/posts"}],"about":[{"href":"https:\/\/www.hoymercedes.com.ar\/principal\/wp-json\/wp\/v2\/types\/post"}],"author":[{"embeddable":true,"href":"https:\/\/www.hoymercedes.com.ar\/principal\/wp-json\/wp\/v2\/users\/1"}],"replies":[{"embeddable":true,"href":"https:\/\/www.hoymercedes.com.ar\/principal\/wp-json\/wp\/v2\/comments?post=95274"}],"version-history":[{"count":0,"href":"https:\/\/www.hoymercedes.com.ar\/principal\/wp-json\/wp\/v2\/posts\/95274\/revisions"}],"wp:featuredmedia":[{"embeddable":true,"href":"https:\/\/www.hoymercedes.com.ar\/principal\/wp-json\/wp\/v2\/media\/95275"}],"wp:attachment":[{"href":"https:\/\/www.hoymercedes.com.ar\/principal\/wp-json\/wp\/v2\/media?parent=95274"}],"wp:term":[{"taxonomy":"category","embeddable":true,"href":"https:\/\/www.hoymercedes.com.ar\/principal\/wp-json\/wp\/v2\/categories?post=95274"},{"taxonomy":"post_tag","embeddable":true,"href":"https:\/\/www.hoymercedes.com.ar\/principal\/wp-json\/wp\/v2\/tags?post=95274"}],"curies":[{"name":"wp","href":"https:\/\/api.w.org\/{rel}","templated":true}]}}