{"id":95288,"date":"2019-06-18T19:49:34","date_gmt":"2019-06-18T22:49:34","guid":{"rendered":"http:\/\/www.hoymercedes.com.ar\/principal\/?p=95288"},"modified":"2019-06-18T18:14:04","modified_gmt":"2019-06-18T21:14:04","slug":"romina-fernandez-y-luis-echaire-entrenaron-con-la-seleccion-argentina-de-atletismo-pc","status":"publish","type":"post","link":"https:\/\/www.hoymercedes.com.ar\/principal\/2019\/06\/18\/romina-fernandez-y-luis-echaire-entrenaron-con-la-seleccion-argentina-de-atletismo-pc\/","title":{"rendered":"Romina Fern\u00e1ndez y Luis Echaire entrenaron con la Selecci\u00f3n Argentina de Atletismo PC"},"content":{"rendered":"\n<p>La Selecci\u00f3n Argentina de Par\u00e1lisis Cerebral estuvo en la ciudad de San Nicol\u00e1s desde el 13 de junio y hasta este lunes feriado entrenando y concentrando.<\/p>\n\n\n\n<figure class=\"wp-block-image\"><img loading=\"lazy\" decoding=\"async\" width=\"640\" height=\"494\" data-attachment-id=\"95289\" data-permalink=\"https:\/\/www.hoymercedes.com.ar\/principal\/2019\/06\/18\/romina-fernandez-y-luis-echaire-entrenaron-con-la-seleccion-argentina-de-atletismo-pc\/romina-fernandez-y-luis-echaire\/#main\" data-orig-file=\"https:\/\/www.hoymercedes.com.ar\/principal\/wp-content\/uploads\/2019\/06\/Romina-Fern\u00e1ndez-y-Luis-Echaire.jpg\" data-orig-size=\"640,494\" data-comments-opened=\"0\" data-image-meta=\"{&quot;aperture&quot;:&quot;0&quot;,&quot;credit&quot;:&quot;&quot;,&quot;camera&quot;:&quot;&quot;,&quot;caption&quot;:&quot;&quot;,&quot;created_timestamp&quot;:&quot;0&quot;,&quot;copyright&quot;:&quot;&quot;,&quot;focal_length&quot;:&quot;0&quot;,&quot;iso&quot;:&quot;0&quot;,&quot;shutter_speed&quot;:&quot;0&quot;,&quot;title&quot;:&quot;&quot;,&quot;orientation&quot;:&quot;0&quot;}\" data-image-title=\"Romina-Fern\u00e1ndez-y-Luis-Echaire\" data-image-description=\"\" data-image-caption=\"\" data-large-file=\"https:\/\/www.hoymercedes.com.ar\/principal\/wp-content\/uploads\/2019\/06\/Romina-Fern\u00e1ndez-y-Luis-Echaire.jpg\" src=\"https:\/\/www.hoymercedes.com.ar\/principal\/wp-content\/uploads\/2019\/06\/Romina-Fern\u00e1ndez-y-Luis-Echaire.jpg\" alt=\"\" class=\"wp-image-95289\" srcset=\"https:\/\/www.hoymercedes.com.ar\/principal\/wp-content\/uploads\/2019\/06\/Romina-Fern\u00e1ndez-y-Luis-Echaire.jpg 640w, https:\/\/www.hoymercedes.com.ar\/principal\/wp-content\/uploads\/2019\/06\/Romina-Fern\u00e1ndez-y-Luis-Echaire-150x116.jpg 150w, https:\/\/www.hoymercedes.com.ar\/principal\/wp-content\/uploads\/2019\/06\/Romina-Fern\u00e1ndez-y-Luis-Echaire-630x486.jpg 630w, https:\/\/www.hoymercedes.com.ar\/principal\/wp-content\/uploads\/2019\/06\/Romina-Fern\u00e1ndez-y-Luis-Echaire-520x400.jpg 520w\" sizes=\"auto, (max-width: 640px) 100vw, 640px\" \/><\/figure>\n\n\n\n<p>Junto con la profesora Daniela Libares estuvieron Romina Fern\u00e1ndez, que viene de conseguir records en Brasil y Chaco, y tambi\u00e9n Luis Echaire, quien realiz\u00f3 su primer entrenamiento en lanzamiento de disco y bala.<\/p>\n\n\n\n<p>Fue la segundan concentraci\u00f3n de categor\u00edas bajas del a\u00f1o. La anterior hab\u00eda sido en Lober\u00eda. Adem\u00e1s, los participantes recibieron un curso de capacitaci\u00f3n.<\/p>\n","protected":false},"excerpt":{"rendered":"<p>La Selecci\u00f3n Argentina de Par\u00e1lisis Cerebral estuvo en la ciudad de San Nicol\u00e1s desde el 13 de junio y hasta &#8230; <a title=\"Romina Fern\u00e1ndez y Luis Echaire entrenaron con la Selecci\u00f3n Argentina de Atletismo PC\" class=\"read-more\" href=\"https:\/\/www.hoymercedes.com.ar\/principal\/2019\/06\/18\/romina-fernandez-y-luis-echaire-entrenaron-con-la-seleccion-argentina-de-atletismo-pc\/\" aria-label=\"Leer m\u00e1s sobre Romina Fern\u00e1ndez y Luis Echaire entrenaron con la Selecci\u00f3n Argentina de Atletismo PC\">Leer m\u00e1s<\/a><\/p>\n","protected":false},"author":1,"featured_media":95289,"comment_status":"closed","ping_status":"open","sticky":false,"template":"","format":"standard","meta":{"_monsterinsights_skip_tracking":false,"_monsterinsights_sitenote_active":false,"_monsterinsights_sitenote_note":"","_monsterinsights_sitenote_category":0,"jetpack_post_was_ever_published":false,"_jetpack_newsletter_access":"","_jetpack_dont_email_post_to_subs":false,"_jetpack_newsletter_tier_id":0,"_jetpack_memberships_contains_paywalled_content":false,"_jetpack_memberships_contains_paid_content":false,"footnotes":"","jetpack_publicize_message":"","jetpack_publicize_feature_enabled":true,"jetpack_social_post_already_shared":true,"jetpack_social_options":{"image_generator_settings":{"template":"highway","default_image_id":0,"font":"","enabled":false},"version":2},"_wpas_customize_per_network":false},"categories":[21],"tags":[15337,15344,11135],"class_list":["post-95288","post","type-post","status-publish","format-standard","has-post-thumbnail","hentry","category-deportes","tag-atletismo-pc","tag-luis-echaire","tag-romina-fernandez","generate-columns","tablet-grid-50","mobile-grid-100","grid-parent","grid-50"],"jetpack_publicize_connections":[],"jetpack_featured_media_url":"https:\/\/www.hoymercedes.com.ar\/principal\/wp-content\/uploads\/2019\/06\/Romina-Fern\u00e1ndez-y-Luis-Echaire.jpg","wps_subtitle":"Atletismo PC","jetpack_sharing_enabled":true,"_links":{"self":[{"href":"https:\/\/www.hoymercedes.com.ar\/principal\/wp-json\/wp\/v2\/posts\/95288","targetHints":{"allow":["GET"]}}],"collection":[{"href":"https:\/\/www.hoymercedes.com.ar\/principal\/wp-json\/wp\/v2\/posts"}],"about":[{"href":"https:\/\/www.hoymercedes.com.ar\/principal\/wp-json\/wp\/v2\/types\/post"}],"author":[{"embeddable":true,"href":"https:\/\/www.hoymercedes.com.ar\/principal\/wp-json\/wp\/v2\/users\/1"}],"replies":[{"embeddable":true,"href":"https:\/\/www.hoymercedes.com.ar\/principal\/wp-json\/wp\/v2\/comments?post=95288"}],"version-history":[{"count":0,"href":"https:\/\/www.hoymercedes.com.ar\/principal\/wp-json\/wp\/v2\/posts\/95288\/revisions"}],"wp:featuredmedia":[{"embeddable":true,"href":"https:\/\/www.hoymercedes.com.ar\/principal\/wp-json\/wp\/v2\/media\/95289"}],"wp:attachment":[{"href":"https:\/\/www.hoymercedes.com.ar\/principal\/wp-json\/wp\/v2\/media?parent=95288"}],"wp:term":[{"taxonomy":"category","embeddable":true,"href":"https:\/\/www.hoymercedes.com.ar\/principal\/wp-json\/wp\/v2\/categories?post=95288"},{"taxonomy":"post_tag","embeddable":true,"href":"https:\/\/www.hoymercedes.com.ar\/principal\/wp-json\/wp\/v2\/tags?post=95288"}],"curies":[{"name":"wp","href":"https:\/\/api.w.org\/{rel}","templated":true}]}}