{"id":95296,"date":"2019-06-18T17:23:36","date_gmt":"2019-06-18T20:23:36","guid":{"rendered":"http:\/\/www.hoymercedes.com.ar\/principal\/?p=95296"},"modified":"2019-06-18T17:35:49","modified_gmt":"2019-06-18T20:35:49","slug":"internos-hicieron-teatro-por-el-dia-del-padre","status":"publish","type":"post","link":"https:\/\/www.hoymercedes.com.ar\/principal\/2019\/06\/18\/internos-hicieron-teatro-por-el-dia-del-padre\/","title":{"rendered":"Internos hicieron teatro por el D\u00eda del Padre"},"content":{"rendered":"\n<p>En el D\u00eda del Padre, los internos de la c\u00e1rcel de Mercedes sorprendieron a sus familias con la obra de teatro \u201cMi viejo\u201d. Cinco fueron los internos que actuaron en esta ocasi\u00f3n y forman con otros internos el grupo de teatro \u201cSue\u00f1os de Libertad\u201d. <\/p>\n\n\n\n<figure class=\"wp-block-image\"><img loading=\"lazy\" decoding=\"async\" width=\"748\" height=\"499\" data-attachment-id=\"95297\" data-permalink=\"https:\/\/www.hoymercedes.com.ar\/principal\/2019\/06\/18\/internos-hicieron-teatro-por-el-dia-del-padre\/18-teatro-internos\/#main\" data-orig-file=\"https:\/\/www.hoymercedes.com.ar\/principal\/wp-content\/uploads\/2019\/06\/18-teatro-internos.jpg\" data-orig-size=\"748,499\" data-comments-opened=\"0\" data-image-meta=\"{&quot;aperture&quot;:&quot;0&quot;,&quot;credit&quot;:&quot;&quot;,&quot;camera&quot;:&quot;&quot;,&quot;caption&quot;:&quot;&quot;,&quot;created_timestamp&quot;:&quot;0&quot;,&quot;copyright&quot;:&quot;&quot;,&quot;focal_length&quot;:&quot;0&quot;,&quot;iso&quot;:&quot;0&quot;,&quot;shutter_speed&quot;:&quot;0&quot;,&quot;title&quot;:&quot;&quot;,&quot;orientation&quot;:&quot;0&quot;}\" data-image-title=\"18 teatro internos\" data-image-description=\"\" data-image-caption=\"\" data-large-file=\"https:\/\/www.hoymercedes.com.ar\/principal\/wp-content\/uploads\/2019\/06\/18-teatro-internos.jpg\" src=\"https:\/\/www.hoymercedes.com.ar\/principal\/wp-content\/uploads\/2019\/06\/18-teatro-internos.jpg\" alt=\"\" class=\"wp-image-95297\" srcset=\"https:\/\/www.hoymercedes.com.ar\/principal\/wp-content\/uploads\/2019\/06\/18-teatro-internos.jpg 748w, https:\/\/www.hoymercedes.com.ar\/principal\/wp-content\/uploads\/2019\/06\/18-teatro-internos-150x100.jpg 150w, https:\/\/www.hoymercedes.com.ar\/principal\/wp-content\/uploads\/2019\/06\/18-teatro-internos-630x420.jpg 630w, https:\/\/www.hoymercedes.com.ar\/principal\/wp-content\/uploads\/2019\/06\/18-teatro-internos-720x480.jpg 720w, https:\/\/www.hoymercedes.com.ar\/principal\/wp-content\/uploads\/2019\/06\/18-teatro-internos-360x240.jpg 360w\" sizes=\"auto, (max-width: 748px) 100vw, 748px\" \/><\/figure>\n\n\n\n<p>La obra presentada pro elenco de internos, titulada \u201cMi viejo\u201d, aborda la historia de un hombre mayor que se encuentra solo junto a su nieto quien lo considera un padre. All\u00ed se trata el desamparo que sufre de parte de sus hijos, la soledad y el amor. La obra de 30 minutos llev\u00f3 al p\u00fablico a pensar en profundidad sobre distintos conceptos como el abandono, el rencor y la importancia de la familia.<\/p>\n\n\n\n<p>Los integrantes del grupo se encargan tambi\u00e9n de la creaci\u00f3n del gui\u00f3n de la obra, su puesta en escena y la confecci\u00f3n de vestimentas y decorados. Los temas abordados son principalmente problem\u00e1ticas sociales con las que buscan ofrecer un espacio de reflexi\u00f3n y entretenimiento.<\/p>\n\n\n\n<p>El desarrollo de estas actividades dentro del establecimiento penitenciario tiene como principales objetivos el generar un espacio de buena convivencia, trabajo en equipo y asunci\u00f3n de responsabilidades y lograr la visualizaci\u00f3n del otro para valorarlo.\u00a0<\/p>\n\n\n\n<p>Mauro, uno de los internos, cont\u00f3 que \u201cpara nosotros es un momento de libertad. Poder hacer teatro, disfrazarnos, actuar para otros, todo eso rompe con el paradigma que hay sobre la detenci\u00f3n. El arte no tiene muros y nos sentimos en libertad cuando actuamos\u201d. <\/p>\n\n\n\n<p>Fuente: Prensa U5<\/p>\n\n\n\n<figure class=\"wp-block-image\"><img loading=\"lazy\" decoding=\"async\" width=\"750\" height=\"500\" data-attachment-id=\"95298\" data-permalink=\"https:\/\/www.hoymercedes.com.ar\/principal\/2019\/06\/18\/internos-hicieron-teatro-por-el-dia-del-padre\/18-teatro-internos2\/#main\" data-orig-file=\"https:\/\/www.hoymercedes.com.ar\/principal\/wp-content\/uploads\/2019\/06\/18-teatro-internos2.jpg\" data-orig-size=\"750,500\" data-comments-opened=\"0\" data-image-meta=\"{&quot;aperture&quot;:&quot;0&quot;,&quot;credit&quot;:&quot;&quot;,&quot;camera&quot;:&quot;&quot;,&quot;caption&quot;:&quot;&quot;,&quot;created_timestamp&quot;:&quot;0&quot;,&quot;copyright&quot;:&quot;&quot;,&quot;focal_length&quot;:&quot;0&quot;,&quot;iso&quot;:&quot;0&quot;,&quot;shutter_speed&quot;:&quot;0&quot;,&quot;title&quot;:&quot;&quot;,&quot;orientation&quot;:&quot;0&quot;}\" data-image-title=\"18 teatro internos2\" data-image-description=\"\" data-image-caption=\"\" data-large-file=\"https:\/\/www.hoymercedes.com.ar\/principal\/wp-content\/uploads\/2019\/06\/18-teatro-internos2.jpg\" src=\"https:\/\/www.hoymercedes.com.ar\/principal\/wp-content\/uploads\/2019\/06\/18-teatro-internos2.jpg\" alt=\"\" class=\"wp-image-95298\" srcset=\"https:\/\/www.hoymercedes.com.ar\/principal\/wp-content\/uploads\/2019\/06\/18-teatro-internos2.jpg 750w, https:\/\/www.hoymercedes.com.ar\/principal\/wp-content\/uploads\/2019\/06\/18-teatro-internos2-150x100.jpg 150w, https:\/\/www.hoymercedes.com.ar\/principal\/wp-content\/uploads\/2019\/06\/18-teatro-internos2-630x420.jpg 630w, https:\/\/www.hoymercedes.com.ar\/principal\/wp-content\/uploads\/2019\/06\/18-teatro-internos2-720x480.jpg 720w, https:\/\/www.hoymercedes.com.ar\/principal\/wp-content\/uploads\/2019\/06\/18-teatro-internos2-360x240.jpg 360w\" sizes=\"auto, (max-width: 750px) 100vw, 750px\" \/><\/figure>\n","protected":false},"excerpt":{"rendered":"<p>En el D\u00eda del Padre, los internos de la c\u00e1rcel de Mercedes sorprendieron a sus familias con la obra de &#8230; <a title=\"Internos hicieron teatro por el D\u00eda del Padre\" class=\"read-more\" href=\"https:\/\/www.hoymercedes.com.ar\/principal\/2019\/06\/18\/internos-hicieron-teatro-por-el-dia-del-padre\/\" aria-label=\"Leer m\u00e1s sobre Internos hicieron teatro por el D\u00eda del Padre\">Leer m\u00e1s<\/a><\/p>\n","protected":false},"author":1,"featured_media":95298,"comment_status":"closed","ping_status":"open","sticky":false,"template":"","format":"standard","meta":{"_monsterinsights_skip_tracking":false,"_monsterinsights_sitenote_active":false,"_monsterinsights_sitenote_note":"","_monsterinsights_sitenote_category":0,"jetpack_post_was_ever_published":false,"_jetpack_newsletter_access":"","_jetpack_dont_email_post_to_subs":false,"_jetpack_newsletter_tier_id":0,"_jetpack_memberships_contains_paywalled_content":false,"_jetpack_memberships_contains_paid_content":false,"footnotes":"","jetpack_publicize_message":"","jetpack_publicize_feature_enabled":true,"jetpack_social_post_already_shared":true,"jetpack_social_options":{"image_generator_settings":{"template":"highway","default_image_id":0,"font":"","enabled":false},"version":2},"_wpas_customize_per_network":false},"categories":[8],"tags":[1011,9512,11738],"class_list":["post-95296","post","type-post","status-publish","format-standard","has-post-thumbnail","hentry","category-sociedad","tag-carcel","tag-dia-del-padre","tag-unidad-penitenciaria-n-5","generate-columns","tablet-grid-50","mobile-grid-100","grid-parent","grid-50"],"jetpack_publicize_connections":[],"jetpack_featured_media_url":"https:\/\/www.hoymercedes.com.ar\/principal\/wp-content\/uploads\/2019\/06\/18-teatro-internos2.jpg","wps_subtitle":"En la c\u00e1rcel local","jetpack_sharing_enabled":true,"_links":{"self":[{"href":"https:\/\/www.hoymercedes.com.ar\/principal\/wp-json\/wp\/v2\/posts\/95296","targetHints":{"allow":["GET"]}}],"collection":[{"href":"https:\/\/www.hoymercedes.com.ar\/principal\/wp-json\/wp\/v2\/posts"}],"about":[{"href":"https:\/\/www.hoymercedes.com.ar\/principal\/wp-json\/wp\/v2\/types\/post"}],"author":[{"embeddable":true,"href":"https:\/\/www.hoymercedes.com.ar\/principal\/wp-json\/wp\/v2\/users\/1"}],"replies":[{"embeddable":true,"href":"https:\/\/www.hoymercedes.com.ar\/principal\/wp-json\/wp\/v2\/comments?post=95296"}],"version-history":[{"count":0,"href":"https:\/\/www.hoymercedes.com.ar\/principal\/wp-json\/wp\/v2\/posts\/95296\/revisions"}],"wp:featuredmedia":[{"embeddable":true,"href":"https:\/\/www.hoymercedes.com.ar\/principal\/wp-json\/wp\/v2\/media\/95298"}],"wp:attachment":[{"href":"https:\/\/www.hoymercedes.com.ar\/principal\/wp-json\/wp\/v2\/media?parent=95296"}],"wp:term":[{"taxonomy":"category","embeddable":true,"href":"https:\/\/www.hoymercedes.com.ar\/principal\/wp-json\/wp\/v2\/categories?post=95296"},{"taxonomy":"post_tag","embeddable":true,"href":"https:\/\/www.hoymercedes.com.ar\/principal\/wp-json\/wp\/v2\/tags?post=95296"}],"curies":[{"name":"wp","href":"https:\/\/api.w.org\/{rel}","templated":true}]}}