{"id":95306,"date":"2019-06-18T20:35:14","date_gmt":"2019-06-18T23:35:14","guid":{"rendered":"http:\/\/www.hoymercedes.com.ar\/principal\/?p=95306"},"modified":"2019-06-18T18:13:58","modified_gmt":"2019-06-18T21:13:58","slug":"se-hara-un-encuentro-de-museos-de-ciencias","status":"publish","type":"post","link":"https:\/\/www.hoymercedes.com.ar\/principal\/2019\/06\/18\/se-hara-un-encuentro-de-museos-de-ciencias\/","title":{"rendered":"Se har\u00e1 un encuentro de Museos de Ciencias"},"content":{"rendered":"\n<p>En el marco de un nuevo aniversario del nacimiento de Carlos Ameghino, el Museo Municipal de Ciencias Naturales que lleva su nombre, el venidero viernes 21 de junio llevar\u00e1 adelante un Encuentro Bonaerense de Museos de Ciencias. Durante la jornada habr\u00e1 exposiciones destacadas de investigaciones realizadas por museos de la provincia, y otras m\u00e1s breves que se expondr\u00e1n ante los presentes. Desde las 9 y hasta las 20 horas se podr\u00e1 participar y visitar el Museo Ameghino con entrada libre y gratuita. <\/p>\n\n\n\n<figure class=\"wp-block-image\"><img loading=\"lazy\" decoding=\"async\" width=\"750\" height=\"498\" data-attachment-id=\"85702\" data-permalink=\"https:\/\/www.hoymercedes.com.ar\/principal\/2018\/12\/18\/hallaron-sin-vida-al-joven-que-desaparecio-en-el-rio-lujan\/18-museo-2\/#main\" data-orig-file=\"https:\/\/www.hoymercedes.com.ar\/principal\/wp-content\/uploads\/2018\/12\/18-Museo-2.jpg\" data-orig-size=\"750,498\" data-comments-opened=\"0\" data-image-meta=\"{&quot;aperture&quot;:&quot;0&quot;,&quot;credit&quot;:&quot;SEBASTIAN_AMBROSSIO&quot;,&quot;camera&quot;:&quot;&quot;,&quot;caption&quot;:&quot;????????????????????????????????????&quot;,&quot;created_timestamp&quot;:&quot;0&quot;,&quot;copyright&quot;:&quot;Sebastian Ambrossio_&quot;,&quot;focal_length&quot;:&quot;0&quot;,&quot;iso&quot;:&quot;0&quot;,&quot;shutter_speed&quot;:&quot;0&quot;,&quot;title&quot;:&quot;&quot;,&quot;orientation&quot;:&quot;0&quot;}\" data-image-title=\"18 Museo-2\" data-image-description=\"\" data-image-caption=\"&lt;p&gt;????????????????????????????????????&lt;\/p&gt;\n\" data-large-file=\"https:\/\/www.hoymercedes.com.ar\/principal\/wp-content\/uploads\/2018\/12\/18-Museo-2.jpg\" src=\"https:\/\/www.hoymercedes.com.ar\/principal\/wp-content\/uploads\/2018\/12\/18-Museo-2.jpg\" alt=\"\" class=\"wp-image-85702\" srcset=\"https:\/\/www.hoymercedes.com.ar\/principal\/wp-content\/uploads\/2018\/12\/18-Museo-2.jpg 750w, https:\/\/www.hoymercedes.com.ar\/principal\/wp-content\/uploads\/2018\/12\/18-Museo-2-150x100.jpg 150w, https:\/\/www.hoymercedes.com.ar\/principal\/wp-content\/uploads\/2018\/12\/18-Museo-2-630x418.jpg 630w\" sizes=\"auto, (max-width: 750px) 100vw, 750px\" \/><figcaption>????????????????????????????????????<\/figcaption><\/figure>\n\n\n\n<p>De acuerdo al cronograma brindado por la Direcci\u00f3n del Museo \u00abCarlos Ameghino\u00bb, habr\u00e1 dos charlas centrales. Por un lado, a la hora 11, el Dr. Juan Carlos Fern\u00edcola, investigador del CONICET y del Museo Argentino de Ciencias Naturales \u00abBernardino Rivadavia\u00bb, brindar\u00e1 una charla sobre Carlos Ameghino y su vida naturalista en la Patagonia. Por su parte, 15:30 horas, el Dr. Miguel Palma dar\u00e1 una conferencia titulada \u00abLa Tierra despu\u00e9s de los Ameghino\u00bb y a la hora 17, el Dr. Eli\u00e1n Guerrero, investigador del CONICET y del Museo de La Plata, hablar\u00e1 sobre la contribuci\u00f3n de Carlos Ameghino a la bot\u00e1nica de Argentina. <\/p>\n\n\n\n<p>Entre las disertaciones breves expondr\u00e1n investigaciones sobre la Fundaci\u00f3n Museo de Ciencias Naturales Argentavis de Berazategui, del Museo Chelforo Labarden de General Guido,  el patrimonio paleontol\u00f3gico de Olavarr\u00eda, sobre el per\u00edodo Pleitoceno en el R\u00edo Reconquista y sobre el Repositorio Paleontol\u00f3gico del Partido de Merlo, entre otros temas e investigaciones realizadas en la provincia de Buenos Aires sobre ciencias naturales, paleontolog\u00eda, flora y fauna regional. <\/p>\n\n\n\n<p><\/p>\n","protected":false},"excerpt":{"rendered":"<p>En el marco de un nuevo aniversario del nacimiento de Carlos Ameghino, el Museo Municipal de Ciencias Naturales que lleva &#8230; <a title=\"Se har\u00e1 un encuentro de Museos de Ciencias\" class=\"read-more\" href=\"https:\/\/www.hoymercedes.com.ar\/principal\/2019\/06\/18\/se-hara-un-encuentro-de-museos-de-ciencias\/\" aria-label=\"Leer m\u00e1s sobre Se har\u00e1 un encuentro de Museos de Ciencias\">Leer m\u00e1s<\/a><\/p>\n","protected":false},"author":1,"featured_media":66105,"comment_status":"closed","ping_status":"open","sticky":false,"template":"","format":"standard","meta":{"_monsterinsights_skip_tracking":false,"_monsterinsights_sitenote_active":false,"_monsterinsights_sitenote_note":"","_monsterinsights_sitenote_category":0,"jetpack_post_was_ever_published":false,"_jetpack_newsletter_access":"","_jetpack_dont_email_post_to_subs":false,"_jetpack_newsletter_tier_id":0,"_jetpack_memberships_contains_paywalled_content":false,"_jetpack_memberships_contains_paid_content":false,"footnotes":"","jetpack_publicize_message":"","jetpack_publicize_feature_enabled":true,"jetpack_social_post_already_shared":true,"jetpack_social_options":{"image_generator_settings":{"template":"highway","default_image_id":0,"font":"","enabled":false},"version":2},"_wpas_customize_per_network":false},"categories":[104],"tags":[7805,15348,10707],"class_list":["post-95306","post","type-post","status-publish","format-standard","has-post-thumbnail","hentry","category-cultura","tag-cultura","tag-encuentro-de-museo-de-ciencias","tag-museo-carlos-ameghino","generate-columns","tablet-grid-50","mobile-grid-100","grid-parent","grid-50"],"jetpack_publicize_connections":[],"jetpack_featured_media_url":"https:\/\/www.hoymercedes.com.ar\/principal\/wp-content\/uploads\/2017\/08\/15-Museo-Ameghino.jpg","wps_subtitle":"En el Aniversario del Museo Carlos Ameghino","jetpack_sharing_enabled":true,"_links":{"self":[{"href":"https:\/\/www.hoymercedes.com.ar\/principal\/wp-json\/wp\/v2\/posts\/95306","targetHints":{"allow":["GET"]}}],"collection":[{"href":"https:\/\/www.hoymercedes.com.ar\/principal\/wp-json\/wp\/v2\/posts"}],"about":[{"href":"https:\/\/www.hoymercedes.com.ar\/principal\/wp-json\/wp\/v2\/types\/post"}],"author":[{"embeddable":true,"href":"https:\/\/www.hoymercedes.com.ar\/principal\/wp-json\/wp\/v2\/users\/1"}],"replies":[{"embeddable":true,"href":"https:\/\/www.hoymercedes.com.ar\/principal\/wp-json\/wp\/v2\/comments?post=95306"}],"version-history":[{"count":0,"href":"https:\/\/www.hoymercedes.com.ar\/principal\/wp-json\/wp\/v2\/posts\/95306\/revisions"}],"wp:featuredmedia":[{"embeddable":true,"href":"https:\/\/www.hoymercedes.com.ar\/principal\/wp-json\/wp\/v2\/media\/66105"}],"wp:attachment":[{"href":"https:\/\/www.hoymercedes.com.ar\/principal\/wp-json\/wp\/v2\/media?parent=95306"}],"wp:term":[{"taxonomy":"category","embeddable":true,"href":"https:\/\/www.hoymercedes.com.ar\/principal\/wp-json\/wp\/v2\/categories?post=95306"},{"taxonomy":"post_tag","embeddable":true,"href":"https:\/\/www.hoymercedes.com.ar\/principal\/wp-json\/wp\/v2\/tags?post=95306"}],"curies":[{"name":"wp","href":"https:\/\/api.w.org\/{rel}","templated":true}]}}