{"id":95309,"date":"2019-06-18T18:54:26","date_gmt":"2019-06-18T21:54:26","guid":{"rendered":"http:\/\/www.hoymercedes.com.ar\/principal\/?p=95309"},"modified":"2019-06-18T18:28:43","modified_gmt":"2019-06-18T21:28:43","slug":"seleccionados-para-el-salon-de-pintura-ciudad-de-mercedes","status":"publish","type":"post","link":"https:\/\/www.hoymercedes.com.ar\/principal\/2019\/06\/18\/seleccionados-para-el-salon-de-pintura-ciudad-de-mercedes\/","title":{"rendered":"Seleccionados para el Sal\u00f3n de Pintura \u00abCiudad de Mercedes\u00bb"},"content":{"rendered":"\n<p>El d\u00eda domingo 16 de junio finaliz\u00f3 la primera etapa del 16\u00b0 Sal\u00f3n Anual Provincial de Pintura \u00abCiudad de Mercedes\u00bb 2019, con la recepci\u00f3n de 239 obras. Al d\u00eda siguiente, el jurado determin\u00f3 qu\u00e9 obras ser\u00e1n expuestas, entre ellas se encuentran los premios que se dar\u00e1n a conocer el s\u00e1bado 22 de junio, 19:30 horas, en la inauguraci\u00f3n de la exposici\u00f3n en el Museo de Arte \u00abMunicipalidad de Mercedes\u00bb. <\/p>\n\n\n\n<p>Como todos los a\u00f1os, a trav\u00e9s del Museo de Arte, la Direcci\u00f3n de Cultura da a conocer qu\u00e9 obras fueron seleccionadas para la exposici\u00f3n del Sal\u00f3n de Pinturas. En esta oportunidad, el lunes pasado, el jurado integrado por In\u00e9s Vega (egresada de las escuelas de Bellas Artes Manuel Belgrano y P. Pueyrred\u00f3n de la ciudad de Navarro), Adriana Lavagna (artista pl\u00e1stica, profesora Nacional de pintura, Licenciatura en Pintura en UNA) y Cesar Lalla,(artista pl\u00e1stico mercedino y ganador del premio local 2018 del Sal\u00f3n de Mercedes) se reunieron para determinar qui\u00e9nes son los seleccionados y premiados de esta nueva edici\u00f3n del concurso.<\/p>\n\n\n\n<p>Al final dejamos las im\u00e1genes con la lista enviada y publicada por el Museo de Arte. Cabe destacar que los ganadores se conocer\u00e1n el s\u00e1bado 22 de junio, desde las 19:30 hs, en el Museo de Arte Municipalidad de Mercedes (MAMM). Durante la inauguraci\u00f3n se entregar\u00e1n los premios y menciones de este a\u00f1o.<\/p>\n\n\n\n<p>Aquellas obras que no han sido seleccionadas por el jurado, pueden retirarse a partir del lunes 24 de junio, en los horarios de atenci\u00f3n del Museo (martes a viernes de 8:30 a 19 hs, s\u00e1bados y domingos de 16 a 20 hs).<\/p>\n\n\n\n<figure class=\"wp-block-image\"><img loading=\"lazy\" decoding=\"async\" width=\"1024\" height=\"829\" data-attachment-id=\"95310\" data-permalink=\"https:\/\/www.hoymercedes.com.ar\/principal\/2019\/06\/18\/seleccionados-para-el-salon-de-pintura-ciudad-de-mercedes\/18-salon-1\/#main\" data-orig-file=\"https:\/\/www.hoymercedes.com.ar\/principal\/wp-content\/uploads\/2019\/06\/18-salon-1.jpg\" data-orig-size=\"2009,1627\" data-comments-opened=\"0\" data-image-meta=\"{&quot;aperture&quot;:&quot;0&quot;,&quot;credit&quot;:&quot;Usuario&quot;,&quot;camera&quot;:&quot;&quot;,&quot;caption&quot;:&quot;&quot;,&quot;created_timestamp&quot;:&quot;0&quot;,&quot;copyright&quot;:&quot;&quot;,&quot;focal_length&quot;:&quot;0&quot;,&quot;iso&quot;:&quot;0&quot;,&quot;shutter_speed&quot;:&quot;0&quot;,&quot;title&quot;:&quot;&quot;,&quot;orientation&quot;:&quot;0&quot;}\" data-image-title=\"18 salon 1\" data-image-description=\"\" data-image-caption=\"\" data-large-file=\"https:\/\/www.hoymercedes.com.ar\/principal\/wp-content\/uploads\/2019\/06\/18-salon-1-1024x829.jpg\" src=\"https:\/\/www.hoymercedes.com.ar\/principal\/wp-content\/uploads\/2019\/06\/18-salon-1-1024x829.jpg\" alt=\"\" class=\"wp-image-95310\" srcset=\"https:\/\/www.hoymercedes.com.ar\/principal\/wp-content\/uploads\/2019\/06\/18-salon-1-1024x829.jpg 1024w, https:\/\/www.hoymercedes.com.ar\/principal\/wp-content\/uploads\/2019\/06\/18-salon-1-150x121.jpg 150w, https:\/\/www.hoymercedes.com.ar\/principal\/wp-content\/uploads\/2019\/06\/18-salon-1-630x510.jpg 630w, https:\/\/www.hoymercedes.com.ar\/principal\/wp-content\/uploads\/2019\/06\/18-salon-1.jpg 2009w\" sizes=\"auto, (max-width: 1024px) 100vw, 1024px\" \/><\/figure>\n\n\n\n<figure class=\"wp-block-image\"><img loading=\"lazy\" decoding=\"async\" width=\"1024\" height=\"851\" data-attachment-id=\"95311\" data-permalink=\"https:\/\/www.hoymercedes.com.ar\/principal\/2019\/06\/18\/seleccionados-para-el-salon-de-pintura-ciudad-de-mercedes\/18-salon-2\/#main\" data-orig-file=\"https:\/\/www.hoymercedes.com.ar\/principal\/wp-content\/uploads\/2019\/06\/18-salon-2.jpg\" data-orig-size=\"1171,973\" data-comments-opened=\"0\" data-image-meta=\"{&quot;aperture&quot;:&quot;0&quot;,&quot;credit&quot;:&quot;Usuario&quot;,&quot;camera&quot;:&quot;&quot;,&quot;caption&quot;:&quot;&quot;,&quot;created_timestamp&quot;:&quot;0&quot;,&quot;copyright&quot;:&quot;&quot;,&quot;focal_length&quot;:&quot;0&quot;,&quot;iso&quot;:&quot;0&quot;,&quot;shutter_speed&quot;:&quot;0&quot;,&quot;title&quot;:&quot;&quot;,&quot;orientation&quot;:&quot;0&quot;}\" data-image-title=\"18 salon 2\" data-image-description=\"\" data-image-caption=\"\" data-large-file=\"https:\/\/www.hoymercedes.com.ar\/principal\/wp-content\/uploads\/2019\/06\/18-salon-2-1024x851.jpg\" src=\"https:\/\/www.hoymercedes.com.ar\/principal\/wp-content\/uploads\/2019\/06\/18-salon-2-1024x851.jpg\" alt=\"\" class=\"wp-image-95311\" srcset=\"https:\/\/www.hoymercedes.com.ar\/principal\/wp-content\/uploads\/2019\/06\/18-salon-2-1024x851.jpg 1024w, https:\/\/www.hoymercedes.com.ar\/principal\/wp-content\/uploads\/2019\/06\/18-salon-2-150x125.jpg 150w, https:\/\/www.hoymercedes.com.ar\/principal\/wp-content\/uploads\/2019\/06\/18-salon-2-630x523.jpg 630w, https:\/\/www.hoymercedes.com.ar\/principal\/wp-content\/uploads\/2019\/06\/18-salon-2.jpg 1171w\" sizes=\"auto, (max-width: 1024px) 100vw, 1024px\" \/><\/figure>\n\n\n\n<figure class=\"wp-block-image\"><img loading=\"lazy\" decoding=\"async\" width=\"1024\" height=\"445\" data-attachment-id=\"95312\" data-permalink=\"https:\/\/www.hoymercedes.com.ar\/principal\/2019\/06\/18\/seleccionados-para-el-salon-de-pintura-ciudad-de-mercedes\/18-salon-3\/#main\" data-orig-file=\"https:\/\/www.hoymercedes.com.ar\/principal\/wp-content\/uploads\/2019\/06\/18-salon-3.jpg\" data-orig-size=\"1171,509\" data-comments-opened=\"0\" data-image-meta=\"{&quot;aperture&quot;:&quot;0&quot;,&quot;credit&quot;:&quot;Usuario&quot;,&quot;camera&quot;:&quot;&quot;,&quot;caption&quot;:&quot;&quot;,&quot;created_timestamp&quot;:&quot;0&quot;,&quot;copyright&quot;:&quot;&quot;,&quot;focal_length&quot;:&quot;0&quot;,&quot;iso&quot;:&quot;0&quot;,&quot;shutter_speed&quot;:&quot;0&quot;,&quot;title&quot;:&quot;&quot;,&quot;orientation&quot;:&quot;0&quot;}\" data-image-title=\"18 salon 3\" data-image-description=\"\" data-image-caption=\"\" data-large-file=\"https:\/\/www.hoymercedes.com.ar\/principal\/wp-content\/uploads\/2019\/06\/18-salon-3-1024x445.jpg\" src=\"https:\/\/www.hoymercedes.com.ar\/principal\/wp-content\/uploads\/2019\/06\/18-salon-3-1024x445.jpg\" alt=\"\" class=\"wp-image-95312\" srcset=\"https:\/\/www.hoymercedes.com.ar\/principal\/wp-content\/uploads\/2019\/06\/18-salon-3-1024x445.jpg 1024w, https:\/\/www.hoymercedes.com.ar\/principal\/wp-content\/uploads\/2019\/06\/18-salon-3-150x65.jpg 150w, https:\/\/www.hoymercedes.com.ar\/principal\/wp-content\/uploads\/2019\/06\/18-salon-3-630x274.jpg 630w, https:\/\/www.hoymercedes.com.ar\/principal\/wp-content\/uploads\/2019\/06\/18-salon-3.jpg 1171w\" sizes=\"auto, (max-width: 1024px) 100vw, 1024px\" \/><\/figure>\n","protected":false},"excerpt":{"rendered":"<p>El d\u00eda domingo 16 de junio finaliz\u00f3 la primera etapa del 16\u00b0 Sal\u00f3n Anual Provincial de Pintura \u00abCiudad de Mercedes\u00bb &#8230; <a title=\"Seleccionados para el Sal\u00f3n de Pintura \u00abCiudad de Mercedes\u00bb\" class=\"read-more\" href=\"https:\/\/www.hoymercedes.com.ar\/principal\/2019\/06\/18\/seleccionados-para-el-salon-de-pintura-ciudad-de-mercedes\/\" aria-label=\"Leer m\u00e1s sobre Seleccionados para el Sal\u00f3n de Pintura \u00abCiudad de Mercedes\u00bb\">Leer m\u00e1s<\/a><\/p>\n","protected":false},"author":1,"featured_media":92073,"comment_status":"closed","ping_status":"open","sticky":false,"template":"","format":"standard","meta":{"_monsterinsights_skip_tracking":false,"_monsterinsights_sitenote_active":false,"_monsterinsights_sitenote_note":"","_monsterinsights_sitenote_category":0,"jetpack_post_was_ever_published":false,"_jetpack_newsletter_access":"","_jetpack_dont_email_post_to_subs":false,"_jetpack_newsletter_tier_id":0,"_jetpack_memberships_contains_paywalled_content":false,"_jetpack_memberships_contains_paid_content":false,"footnotes":"","jetpack_publicize_message":"","jetpack_publicize_feature_enabled":true,"jetpack_social_post_already_shared":true,"jetpack_social_options":{"image_generator_settings":{"template":"highway","default_image_id":0,"font":"","enabled":false},"version":2},"_wpas_customize_per_network":false},"categories":[104],"tags":[7805,9248,8674,970],"class_list":["post-95309","post","type-post","status-publish","format-standard","has-post-thumbnail","hentry","category-cultura","tag-cultura","tag-inauguracion","tag-mamm","tag-salon-de-pintura","generate-columns","tablet-grid-50","mobile-grid-100","grid-parent","grid-50"],"jetpack_publicize_connections":[],"jetpack_featured_media_url":"https:\/\/www.hoymercedes.com.ar\/principal\/wp-content\/uploads\/2019\/04\/29-Sal\u00f3n-de-Pintura.jpeg","wps_subtitle":"Tras la actuaci\u00f3n del jurado","jetpack_sharing_enabled":true,"_links":{"self":[{"href":"https:\/\/www.hoymercedes.com.ar\/principal\/wp-json\/wp\/v2\/posts\/95309","targetHints":{"allow":["GET"]}}],"collection":[{"href":"https:\/\/www.hoymercedes.com.ar\/principal\/wp-json\/wp\/v2\/posts"}],"about":[{"href":"https:\/\/www.hoymercedes.com.ar\/principal\/wp-json\/wp\/v2\/types\/post"}],"author":[{"embeddable":true,"href":"https:\/\/www.hoymercedes.com.ar\/principal\/wp-json\/wp\/v2\/users\/1"}],"replies":[{"embeddable":true,"href":"https:\/\/www.hoymercedes.com.ar\/principal\/wp-json\/wp\/v2\/comments?post=95309"}],"version-history":[{"count":0,"href":"https:\/\/www.hoymercedes.com.ar\/principal\/wp-json\/wp\/v2\/posts\/95309\/revisions"}],"wp:featuredmedia":[{"embeddable":true,"href":"https:\/\/www.hoymercedes.com.ar\/principal\/wp-json\/wp\/v2\/media\/92073"}],"wp:attachment":[{"href":"https:\/\/www.hoymercedes.com.ar\/principal\/wp-json\/wp\/v2\/media?parent=95309"}],"wp:term":[{"taxonomy":"category","embeddable":true,"href":"https:\/\/www.hoymercedes.com.ar\/principal\/wp-json\/wp\/v2\/categories?post=95309"},{"taxonomy":"post_tag","embeddable":true,"href":"https:\/\/www.hoymercedes.com.ar\/principal\/wp-json\/wp\/v2\/tags?post=95309"}],"curies":[{"name":"wp","href":"https:\/\/api.w.org\/{rel}","templated":true}]}}