{"id":95352,"date":"2019-06-19T10:26:40","date_gmt":"2019-06-19T13:26:40","guid":{"rendered":"http:\/\/www.hoymercedes.com.ar\/principal\/?p=95352"},"modified":"2019-06-19T15:39:07","modified_gmt":"2019-06-19T18:39:07","slug":"control-y-prevencion-de-la-anemia-infecciosa-equina","status":"publish","type":"post","link":"https:\/\/www.hoymercedes.com.ar\/principal\/2019\/06\/19\/control-y-prevencion-de-la-anemia-infecciosa-equina\/","title":{"rendered":"Control y prevenci\u00f3n de la anemia infecciosa equina"},"content":{"rendered":"\n<p><em><strong>Medidas y monitoreos sanitarios que se deben tener en cuenta para evitar la enfermedad y el contagio entre los animales.<\/strong><\/em><\/p>\n\n\n\n<figure class=\"wp-block-image\"><img loading=\"lazy\" decoding=\"async\" width=\"750\" height=\"408\" data-attachment-id=\"95353\" data-permalink=\"https:\/\/www.hoymercedes.com.ar\/principal\/2019\/06\/19\/control-y-prevencion-de-la-anemia-infecciosa-equina\/19-senasa-1\/#main\" data-orig-file=\"https:\/\/www.hoymercedes.com.ar\/principal\/wp-content\/uploads\/2019\/06\/19-senasa-1.jpeg\" data-orig-size=\"750,408\" data-comments-opened=\"0\" data-image-meta=\"{&quot;aperture&quot;:&quot;0&quot;,&quot;credit&quot;:&quot;&quot;,&quot;camera&quot;:&quot;&quot;,&quot;caption&quot;:&quot;&quot;,&quot;created_timestamp&quot;:&quot;0&quot;,&quot;copyright&quot;:&quot;&quot;,&quot;focal_length&quot;:&quot;0&quot;,&quot;iso&quot;:&quot;0&quot;,&quot;shutter_speed&quot;:&quot;0&quot;,&quot;title&quot;:&quot;&quot;,&quot;orientation&quot;:&quot;0&quot;}\" data-image-title=\"19-senasa-1\" data-image-description=\"\" data-image-caption=\"\" data-large-file=\"https:\/\/www.hoymercedes.com.ar\/principal\/wp-content\/uploads\/2019\/06\/19-senasa-1.jpeg\" src=\"https:\/\/www.hoymercedes.com.ar\/principal\/wp-content\/uploads\/2019\/06\/19-senasa-1.jpeg\" alt=\"\" class=\"wp-image-95353\" srcset=\"https:\/\/www.hoymercedes.com.ar\/principal\/wp-content\/uploads\/2019\/06\/19-senasa-1.jpeg 750w, https:\/\/www.hoymercedes.com.ar\/principal\/wp-content\/uploads\/2019\/06\/19-senasa-1-150x82.jpeg 150w, https:\/\/www.hoymercedes.com.ar\/principal\/wp-content\/uploads\/2019\/06\/19-senasa-1-630x343.jpeg 630w\" sizes=\"auto, (max-width: 750px) 100vw, 750px\" \/><\/figure>\n\n\n\n<p>El\nServicio Nacional de Sanidad y Calidad Agroalimentaria (Senasa) informa que\ntodas las medidas que se aplican para prevenir o controlar la anemia infecciosa\nequina (AIE) se concentran en la detecci\u00f3n de equinos portadores mediante el\ntest diagn\u00f3stico de laboratorio y la posterior eliminaci\u00f3n del animal. <\/p>\n\n\n\n<p><em>Por lo que si se detecta un\nequino positivo, se deber\u00e1 proceder a su eliminaci\u00f3n por medio del sacrificio\nsanitario o env\u00edo a faena, de este modo se evitar\u00e1 que otros caballos del rodeo\nsean contagiados.<\/em><em><\/em><\/p>\n\n\n\n<p>Detectada\nla enfermedad, el propietario o tenedor del caballo debe denunciar el caso\npositivo al virus de la AIE, a un veterinario oficial del Senasa, quien se\npresentar\u00e1 en el establecimiento y prohibir\u00e1 el ingreso y egreso de equinos del\ncampo; eliminar\u00e1 el animal positivo y finalmente realizar\u00e1 el correspondiente\nsaneamiento sanitario del lugar. <\/p>\n\n\n\n<p>Cabe\ndestacar que esta enfermedad no es una zoonosis, ya que no se transmite al ser\nhumano; que frecuentemente el animal infectado no manifiesta estar enfermo; que\nno se transmite de manera directa entre equinos; y que un caballo sano se\ninfecta por el ingreso del virus mediante t\u00e1banos o por el uso indebido de\nmaterial contaminado con sangre infectada (agujas, jeringas, frenos, espolines\no cualquier otro objeto que transmita sangre infectada).<\/p>\n\n\n\n<p>El\nasesoramiento t\u00e9cnico profesional privado y la aplicaci\u00f3n responsable de las\nmedidas sanitarias, son aspectos imprescindibles para que el proceso de seguimiento\ny control se desarrolle satisfactoriamente. <\/p>\n\n\n\n<p>Es as\u00ed que en el marco de la campa\u00f1a de prevenci\u00f3n de esta enfermedad \u201cTomemos las riendas\u201d, el Senasa recomienda al propietario o tenedor de equinos que realice, al menos dos veces al a\u00f1o, la prueba de laboratorio para detectar AIE y que no ingrese equinos a su establecimiento que no porten un certificado de diagn\u00f3stico negativo a dicha enfermedad.<\/p>\n\n\n\n<p>Fuente: Prensa SENASA<\/p>\n\n\n\n<figure class=\"wp-block-image\"><img loading=\"lazy\" decoding=\"async\" width=\"803\" height=\"971\" data-attachment-id=\"95354\" data-permalink=\"https:\/\/www.hoymercedes.com.ar\/principal\/2019\/06\/19\/control-y-prevencion-de-la-anemia-infecciosa-equina\/19-senasa-2\/#main\" data-orig-file=\"https:\/\/www.hoymercedes.com.ar\/principal\/wp-content\/uploads\/2019\/06\/19-senasa-2.jpeg\" data-orig-size=\"803,971\" data-comments-opened=\"0\" data-image-meta=\"{&quot;aperture&quot;:&quot;0&quot;,&quot;credit&quot;:&quot;&quot;,&quot;camera&quot;:&quot;&quot;,&quot;caption&quot;:&quot;&quot;,&quot;created_timestamp&quot;:&quot;0&quot;,&quot;copyright&quot;:&quot;&quot;,&quot;focal_length&quot;:&quot;0&quot;,&quot;iso&quot;:&quot;0&quot;,&quot;shutter_speed&quot;:&quot;0&quot;,&quot;title&quot;:&quot;&quot;,&quot;orientation&quot;:&quot;0&quot;}\" data-image-title=\"19-senasa-2\" data-image-description=\"\" data-image-caption=\"\" data-large-file=\"https:\/\/www.hoymercedes.com.ar\/principal\/wp-content\/uploads\/2019\/06\/19-senasa-2.jpeg\" src=\"https:\/\/www.hoymercedes.com.ar\/principal\/wp-content\/uploads\/2019\/06\/19-senasa-2.jpeg\" alt=\"\" class=\"wp-image-95354\" srcset=\"https:\/\/www.hoymercedes.com.ar\/principal\/wp-content\/uploads\/2019\/06\/19-senasa-2.jpeg 803w, https:\/\/www.hoymercedes.com.ar\/principal\/wp-content\/uploads\/2019\/06\/19-senasa-2-124x150.jpeg 124w, https:\/\/www.hoymercedes.com.ar\/principal\/wp-content\/uploads\/2019\/06\/19-senasa-2-513x620.jpeg 513w\" sizes=\"auto, (max-width: 803px) 100vw, 803px\" \/><\/figure>\n","protected":false},"excerpt":{"rendered":"<p>Medidas y monitoreos sanitarios que se deben tener en cuenta para evitar la enfermedad y el contagio entre los animales. &#8230; <a title=\"Control y prevenci\u00f3n de la anemia infecciosa equina\" class=\"read-more\" href=\"https:\/\/www.hoymercedes.com.ar\/principal\/2019\/06\/19\/control-y-prevencion-de-la-anemia-infecciosa-equina\/\" aria-label=\"Leer m\u00e1s sobre Control y prevenci\u00f3n de la anemia infecciosa equina\">Leer m\u00e1s<\/a><\/p>\n","protected":false},"author":1,"featured_media":95353,"comment_status":"closed","ping_status":"open","sticky":false,"template":"","format":"standard","meta":{"_monsterinsights_skip_tracking":false,"_monsterinsights_sitenote_active":false,"_monsterinsights_sitenote_note":"","_monsterinsights_sitenote_category":0,"jetpack_post_was_ever_published":false,"_jetpack_newsletter_access":"","_jetpack_dont_email_post_to_subs":false,"_jetpack_newsletter_tier_id":0,"_jetpack_memberships_contains_paywalled_content":false,"_jetpack_memberships_contains_paid_content":false,"footnotes":"","jetpack_publicize_message":"","jetpack_publicize_feature_enabled":true,"jetpack_social_post_already_shared":true,"jetpack_social_options":{"image_generator_settings":{"template":"highway","default_image_id":0,"font":"","enabled":false},"version":2},"_wpas_customize_per_network":false},"categories":[9791],"tags":[15350,14537,8450],"class_list":["post-95352","post","type-post","status-publish","format-standard","has-post-thumbnail","hentry","category-salud","tag-infeccion-equina","tag-sanidad-animal","tag-senasa","generate-columns","tablet-grid-50","mobile-grid-100","grid-parent","grid-50"],"jetpack_publicize_connections":[],"jetpack_featured_media_url":"https:\/\/www.hoymercedes.com.ar\/principal\/wp-content\/uploads\/2019\/06\/19-senasa-1.jpeg","wps_subtitle":"Sanidad Animal","jetpack_sharing_enabled":true,"_links":{"self":[{"href":"https:\/\/www.hoymercedes.com.ar\/principal\/wp-json\/wp\/v2\/posts\/95352","targetHints":{"allow":["GET"]}}],"collection":[{"href":"https:\/\/www.hoymercedes.com.ar\/principal\/wp-json\/wp\/v2\/posts"}],"about":[{"href":"https:\/\/www.hoymercedes.com.ar\/principal\/wp-json\/wp\/v2\/types\/post"}],"author":[{"embeddable":true,"href":"https:\/\/www.hoymercedes.com.ar\/principal\/wp-json\/wp\/v2\/users\/1"}],"replies":[{"embeddable":true,"href":"https:\/\/www.hoymercedes.com.ar\/principal\/wp-json\/wp\/v2\/comments?post=95352"}],"version-history":[{"count":0,"href":"https:\/\/www.hoymercedes.com.ar\/principal\/wp-json\/wp\/v2\/posts\/95352\/revisions"}],"wp:featuredmedia":[{"embeddable":true,"href":"https:\/\/www.hoymercedes.com.ar\/principal\/wp-json\/wp\/v2\/media\/95353"}],"wp:attachment":[{"href":"https:\/\/www.hoymercedes.com.ar\/principal\/wp-json\/wp\/v2\/media?parent=95352"}],"wp:term":[{"taxonomy":"category","embeddable":true,"href":"https:\/\/www.hoymercedes.com.ar\/principal\/wp-json\/wp\/v2\/categories?post=95352"},{"taxonomy":"post_tag","embeddable":true,"href":"https:\/\/www.hoymercedes.com.ar\/principal\/wp-json\/wp\/v2\/tags?post=95352"}],"curies":[{"name":"wp","href":"https:\/\/api.w.org\/{rel}","templated":true}]}}