{"id":95419,"date":"2019-06-19T21:55:45","date_gmt":"2019-06-20T00:55:45","guid":{"rendered":"http:\/\/www.hoymercedes.com.ar\/principal\/?p=95419"},"modified":"2019-06-19T21:45:16","modified_gmt":"2019-06-20T00:45:16","slug":"banderazo-cardio-en-el-teatro-argentino","status":"publish","type":"post","link":"https:\/\/www.hoymercedes.com.ar\/principal\/2019\/06\/19\/banderazo-cardio-en-el-teatro-argentino\/","title":{"rendered":"Banderazo cardio en el Teatro Argentino"},"content":{"rendered":"\n<p>Este jueves 20 de junio, el grupo Latir (familias de ni\u00f1os con Cardiopat\u00edas Cong\u00e9nitas) llevar\u00e1 adelante un \u00abbanderazo cardio\u00bb en homenaje a Helena Locampo, una beba de poco m\u00e1s de un a\u00f1o que falleci\u00f3 hace unas semanas producto de una cardiopat\u00eda cong\u00e9nita. El acto ser\u00e1 pasado al mediod\u00eda &#8211;  una vez que termine el acto de la promesa a la Bandera Argentina &#8211; en el Teatro Argentino Int. Julio C. Gioscio. La entrada es libre y gratuita. <\/p>\n\n\n\n<figure class=\"wp-block-image\"><img loading=\"lazy\" decoding=\"async\" width=\"738\" height=\"750\" data-attachment-id=\"95420\" data-permalink=\"https:\/\/www.hoymercedes.com.ar\/principal\/2019\/06\/19\/banderazo-cardio-en-el-teatro-argentino\/19-cardio-banderazo-png\/#main\" data-orig-file=\"https:\/\/www.hoymercedes.com.ar\/principal\/wp-content\/uploads\/2019\/06\/19-cardio-banderazo.png.jpg\" data-orig-size=\"738,750\" data-comments-opened=\"0\" data-image-meta=\"{&quot;aperture&quot;:&quot;0&quot;,&quot;credit&quot;:&quot;&quot;,&quot;camera&quot;:&quot;&quot;,&quot;caption&quot;:&quot;&quot;,&quot;created_timestamp&quot;:&quot;0&quot;,&quot;copyright&quot;:&quot;&quot;,&quot;focal_length&quot;:&quot;0&quot;,&quot;iso&quot;:&quot;0&quot;,&quot;shutter_speed&quot;:&quot;0&quot;,&quot;title&quot;:&quot;&quot;,&quot;orientation&quot;:&quot;0&quot;}\" data-image-title=\"19 cardio banderazo.png\" data-image-description=\"\" data-image-caption=\"\" data-large-file=\"https:\/\/www.hoymercedes.com.ar\/principal\/wp-content\/uploads\/2019\/06\/19-cardio-banderazo.png.jpg\" src=\"https:\/\/www.hoymercedes.com.ar\/principal\/wp-content\/uploads\/2019\/06\/19-cardio-banderazo.png.jpg\" alt=\"\" class=\"wp-image-95420\" srcset=\"https:\/\/www.hoymercedes.com.ar\/principal\/wp-content\/uploads\/2019\/06\/19-cardio-banderazo.png.jpg 738w, https:\/\/www.hoymercedes.com.ar\/principal\/wp-content\/uploads\/2019\/06\/19-cardio-banderazo.png-148x150.jpg 148w, https:\/\/www.hoymercedes.com.ar\/principal\/wp-content\/uploads\/2019\/06\/19-cardio-banderazo.png-610x620.jpg 610w\" sizes=\"auto, (max-width: 738px) 100vw, 738px\" \/><\/figure>\n\n\n\n<p>Durante el acto que iniciar\u00e1 desde el mediod\u00eda en el teatro municipal, las familias del grupo Latir estar\u00e1n brindando informaci\u00f3n sobre las cardiopat\u00edas cong\u00e9nitas como una forma de concientizar a la comunidad mercedina de la existencia de estas problem\u00e1ticas que son detectadas en los beb\u00e9s al nacer y que pueden ser tratadas a tiempo haciendo que esos beb\u00e9s puedan tener una ni\u00f1ez saludable. <\/p>\n\n\n\n<p>Nadia Rodr\u00edguez, coordinadora del grupo Latir cont\u00f3 que durante la jornada de este viernes 20 de junio, una vez concluido el acto central por el D\u00eda de la Bandera Argentina que lleva adelante el Municipio frente al Palacio Municipal, ellos estar\u00e1n en el Teatro haciendo un acto en apoyo a la promulgaci\u00f3n a la Ley Nacional Cardio, adem\u00e1s de informar sobre las distintas cardiopat\u00edas cong\u00e9nitas con profesionales de la salud, habr\u00e1 un show a cargo de Move y un ac\u00fastico a cargo de Facundo Coligino. <\/p>\n\n\n\n<p>En ese marco, tambi\u00e9n se har\u00e1 un homenaje a Helenita Locampo, la peque\u00f1a de un a\u00f1o que falleci\u00f3 semanas atr\u00e1s luego de estar internada con una cardiopat\u00eda cong\u00e9nita y cuyos padres integran el grupo Latir. <\/p>\n\n\n\n<p>El acto cuenta con el apoyo del Municipio de Mercedes, Bomberos Voluntarios, Protecci\u00f3n Civil que anticipar\u00e1 su agenda para hacer los cursos de RCP, m\u00e9dicos, y profesionales en Terapia y Estimulaci\u00f3n Temprana. <\/p>\n\n\n\n<p>El grupo Latir recuerda que las Cardiopat\u00edas Cong\u00e9nitas son malformaciones que se producen en el coraz\u00f3n durante la gestaci\u00f3n. Un diagn\u00f3stico precoz al segundo trimestre del embarazo con un scan fetal ayuda a que no existan factores de riesgos y puedan tratarse a tiempo. No obstante, recuerdan que es importante el conocimiento en RCP, as\u00ed como lo necesario que es el lavado de manos frecuente para prevenir enfermedades. <\/p>\n\n\n\n<p> <\/p>\n","protected":false},"excerpt":{"rendered":"<p>Este jueves 20 de junio, el grupo Latir (familias de ni\u00f1os con Cardiopat\u00edas Cong\u00e9nitas) llevar\u00e1 adelante un \u00abbanderazo cardio\u00bb en &#8230; <a title=\"Banderazo cardio en el Teatro Argentino\" class=\"read-more\" href=\"https:\/\/www.hoymercedes.com.ar\/principal\/2019\/06\/19\/banderazo-cardio-en-el-teatro-argentino\/\" aria-label=\"Leer m\u00e1s sobre Banderazo cardio en el Teatro Argentino\">Leer m\u00e1s<\/a><\/p>\n","protected":false},"author":1,"featured_media":95420,"comment_status":"closed","ping_status":"open","sticky":false,"template":"","format":"standard","meta":{"_monsterinsights_skip_tracking":false,"_monsterinsights_sitenote_active":false,"_monsterinsights_sitenote_note":"","_monsterinsights_sitenote_category":0,"jetpack_post_was_ever_published":false,"_jetpack_newsletter_access":"","_jetpack_dont_email_post_to_subs":false,"_jetpack_newsletter_tier_id":0,"_jetpack_memberships_contains_paywalled_content":false,"_jetpack_memberships_contains_paid_content":false,"footnotes":"","jetpack_publicize_message":"","jetpack_publicize_feature_enabled":true,"jetpack_social_post_already_shared":true,"jetpack_social_options":{"image_generator_settings":{"template":"highway","default_image_id":0,"font":"","enabled":false},"version":2},"_wpas_customize_per_network":false},"categories":[9791],"tags":[15357,12645,15356,7802],"class_list":["post-95419","post","type-post","status-publish","format-standard","has-post-thumbnail","hentry","category-salud","tag-banderazo-cardio","tag-cardiopatias-congenitas","tag-grupo-latir","tag-sociedad","generate-columns","tablet-grid-50","mobile-grid-100","grid-parent","grid-50"],"jetpack_publicize_connections":[],"jetpack_featured_media_url":"https:\/\/www.hoymercedes.com.ar\/principal\/wp-content\/uploads\/2019\/06\/19-cardio-banderazo.png.jpg","wps_subtitle":"Jueves al mediod\u00eda","jetpack_sharing_enabled":true,"_links":{"self":[{"href":"https:\/\/www.hoymercedes.com.ar\/principal\/wp-json\/wp\/v2\/posts\/95419","targetHints":{"allow":["GET"]}}],"collection":[{"href":"https:\/\/www.hoymercedes.com.ar\/principal\/wp-json\/wp\/v2\/posts"}],"about":[{"href":"https:\/\/www.hoymercedes.com.ar\/principal\/wp-json\/wp\/v2\/types\/post"}],"author":[{"embeddable":true,"href":"https:\/\/www.hoymercedes.com.ar\/principal\/wp-json\/wp\/v2\/users\/1"}],"replies":[{"embeddable":true,"href":"https:\/\/www.hoymercedes.com.ar\/principal\/wp-json\/wp\/v2\/comments?post=95419"}],"version-history":[{"count":0,"href":"https:\/\/www.hoymercedes.com.ar\/principal\/wp-json\/wp\/v2\/posts\/95419\/revisions"}],"wp:featuredmedia":[{"embeddable":true,"href":"https:\/\/www.hoymercedes.com.ar\/principal\/wp-json\/wp\/v2\/media\/95420"}],"wp:attachment":[{"href":"https:\/\/www.hoymercedes.com.ar\/principal\/wp-json\/wp\/v2\/media?parent=95419"}],"wp:term":[{"taxonomy":"category","embeddable":true,"href":"https:\/\/www.hoymercedes.com.ar\/principal\/wp-json\/wp\/v2\/categories?post=95419"},{"taxonomy":"post_tag","embeddable":true,"href":"https:\/\/www.hoymercedes.com.ar\/principal\/wp-json\/wp\/v2\/tags?post=95419"}],"curies":[{"name":"wp","href":"https:\/\/api.w.org\/{rel}","templated":true}]}}