{"id":95451,"date":"2019-06-21T08:50:30","date_gmt":"2019-06-21T11:50:30","guid":{"rendered":"http:\/\/www.hoymercedes.com.ar\/principal\/?p=95451"},"modified":"2019-06-21T10:04:34","modified_gmt":"2019-06-21T13:04:34","slug":"detienen-a-masculino-que-cometia-ilicitos-como-motochorro","status":"publish","type":"post","link":"https:\/\/www.hoymercedes.com.ar\/principal\/2019\/06\/21\/detienen-a-masculino-que-cometia-ilicitos-como-motochorro\/","title":{"rendered":"Detienen a masculino que comet\u00eda il\u00edcitos como \u00abmotochorro\u00bb"},"content":{"rendered":"\n<p>\nPolic\u00eda Comunal logra la detenci\u00f3n de un masculino acusado de cometer \nil\u00edcitos bajo la modalidad de \u201cmoto chorro\u201d, como se suele decir \ncotidianamente. Los dirigidos por el Comisario Inspector Sergio Macedo \nefectuaron la acci\u00f3n policial en el marco de una \u201corden de servicio\u201d<\/p>\n\n\n\n<p>Personal\n de la Estaci\u00f3n Comunal Mercedes logr\u00f3 la detenci\u00f3n de un masculino en \ncalles 1 y 34 quien minutos antes hab\u00eda cometido un il\u00edcito en calle 15 \nentre 36 y 38 siendo la v\u00edctima una vecina de apellido Carrasco.<\/p>\n\n\n\n<p>A la mencionada el sujeto le sustrajo su cartera, de forma violenta, pero sin ocasionarle lesiones.<\/p>\n\n\n\n<p>R\u00e1pidamente los uniformados inician un operativo de b\u00fasqueda que permiti\u00f3 detener al sujeto.<\/p>\n\n\n\n<p>Actu\u00f3 en el hecho la UFI y J N\u00b03 del Departamento Judicial Mercedes <\/p>\n\n\n\n<p>El\n comisario inspector Sergio Macedo aprovech\u00f3 el contacto con los medios \npara felicitar al personal interviniente, siendo en esta ocasi\u00f3n \nmiembros de la Comisar\u00eda Segunda, como as\u00ed tambi\u00e9n el constante trabajo \nllevado a cabo d\u00eda a d\u00eda con el Departamento Judicial Mercedes buscando \nsiempre llevar tranquilidad y resoluci\u00f3n de casos a los vecinos.\n\n<\/p>\n","protected":false},"excerpt":{"rendered":"<p>Polic\u00eda Comunal logra la detenci\u00f3n de un masculino acusado de cometer il\u00edcitos bajo la modalidad de \u201cmoto chorro\u201d, como se &#8230; <a title=\"Detienen a masculino que comet\u00eda il\u00edcitos como \u00abmotochorro\u00bb\" class=\"read-more\" href=\"https:\/\/www.hoymercedes.com.ar\/principal\/2019\/06\/21\/detienen-a-masculino-que-cometia-ilicitos-como-motochorro\/\" aria-label=\"Leer m\u00e1s sobre Detienen a masculino que comet\u00eda il\u00edcitos como \u00abmotochorro\u00bb\">Leer m\u00e1s<\/a><\/p>\n","protected":false},"author":1,"featured_media":95452,"comment_status":"closed","ping_status":"open","sticky":false,"template":"","format":"standard","meta":{"_monsterinsights_skip_tracking":false,"_monsterinsights_sitenote_active":false,"_monsterinsights_sitenote_note":"","_monsterinsights_sitenote_category":0,"jetpack_post_was_ever_published":false,"_jetpack_newsletter_access":"","_jetpack_dont_email_post_to_subs":false,"_jetpack_newsletter_tier_id":0,"_jetpack_memberships_contains_paywalled_content":false,"_jetpack_memberships_contains_paid_content":false,"footnotes":"","jetpack_publicize_message":"","jetpack_publicize_feature_enabled":true,"jetpack_social_post_already_shared":true,"jetpack_social_options":{"image_generator_settings":{"template":"highway","default_image_id":0,"font":"","enabled":false},"version":2},"_wpas_customize_per_network":false},"categories":[85],"tags":[15046,10352,96],"class_list":["post-95451","post","type-post","status-publish","format-standard","has-post-thumbnail","hentry","category-policial","tag-comisario-macedo","tag-detencion","tag-policial-2","generate-columns","tablet-grid-50","mobile-grid-100","grid-parent","grid-50"],"jetpack_publicize_connections":[],"jetpack_featured_media_url":"https:\/\/www.hoymercedes.com.ar\/principal\/wp-content\/uploads\/2019\/06\/Moto.jpeg","wps_subtitle":"Detenido","jetpack_sharing_enabled":true,"_links":{"self":[{"href":"https:\/\/www.hoymercedes.com.ar\/principal\/wp-json\/wp\/v2\/posts\/95451","targetHints":{"allow":["GET"]}}],"collection":[{"href":"https:\/\/www.hoymercedes.com.ar\/principal\/wp-json\/wp\/v2\/posts"}],"about":[{"href":"https:\/\/www.hoymercedes.com.ar\/principal\/wp-json\/wp\/v2\/types\/post"}],"author":[{"embeddable":true,"href":"https:\/\/www.hoymercedes.com.ar\/principal\/wp-json\/wp\/v2\/users\/1"}],"replies":[{"embeddable":true,"href":"https:\/\/www.hoymercedes.com.ar\/principal\/wp-json\/wp\/v2\/comments?post=95451"}],"version-history":[{"count":0,"href":"https:\/\/www.hoymercedes.com.ar\/principal\/wp-json\/wp\/v2\/posts\/95451\/revisions"}],"wp:featuredmedia":[{"embeddable":true,"href":"https:\/\/www.hoymercedes.com.ar\/principal\/wp-json\/wp\/v2\/media\/95452"}],"wp:attachment":[{"href":"https:\/\/www.hoymercedes.com.ar\/principal\/wp-json\/wp\/v2\/media?parent=95451"}],"wp:term":[{"taxonomy":"category","embeddable":true,"href":"https:\/\/www.hoymercedes.com.ar\/principal\/wp-json\/wp\/v2\/categories?post=95451"},{"taxonomy":"post_tag","embeddable":true,"href":"https:\/\/www.hoymercedes.com.ar\/principal\/wp-json\/wp\/v2\/tags?post=95451"}],"curies":[{"name":"wp","href":"https:\/\/api.w.org\/{rel}","templated":true}]}}