{"id":95461,"date":"2019-06-20T20:35:54","date_gmt":"2019-06-20T23:35:54","guid":{"rendered":"http:\/\/www.hoymercedes.com.ar\/principal\/?p=95461"},"modified":"2019-06-21T10:04:11","modified_gmt":"2019-06-21T13:04:11","slug":"teatro-con-kafka-en-suteba","status":"publish","type":"post","link":"https:\/\/www.hoymercedes.com.ar\/principal\/2019\/06\/20\/teatro-con-kafka-en-suteba\/","title":{"rendered":"Teatro con Kafka en SUTEBA"},"content":{"rendered":"\n<p>En la noche de este viernes 21 de junio, Fabi\u00e1n Morales presentar\u00e1 la adaptaci\u00f3n de  \u201cInforme para una academia\u201d, de Franz Kafka. La representaci\u00f3n teatral ser\u00e1 en la sede de SUTEBA [calle 18, entre 23 y 21] a partir de la hora 20.30. <\/p>\n\n\n\n<p>La adaptaci\u00f3n de Morales se titula \u201cEl Hombre, un mono que fracas\u00f3\u201d. Es una versi\u00f3n libre de \u201cInforme para una Academia\u201d, de Franz Kafka. La realizaci\u00f3n de Fabi\u00e1n Morales indaga una vez m\u00e1s sobre un autor y una obra que ya protagoniz\u00f3, pero cuyos textos siguen siendo muy actuales.<\/p>\n\n\n\n<p>En sus versiones anteriores fue seleccionada como Obra Ganadora Festival Regional de Teatro (Luj\u00e1n); Mejor Actor Festival Regional de Teatro (Luj\u00e1n); Obra Finalista Provincial de Teatro La Plata; y Mejor Actor Provincial de Teatro La Plata.<\/p>\n\n\n\n<p>\n\nCon este texto Morales fue parte de representaciones en el ENTEPOLA Encuentro de Teatro Popular Latinoamericano, Brasil; ENTEPOLA San Salvador de Jujuy, Palpal\u00e1, La Quiaca, Yavi y Asociaci\u00f3n de Actores Salta Capital; Festival Iberoamericano Ovalle, Chile; Festival Nacional de Teatro del Valle de Punilla, Villa Giardino, C\u00f3rdoba; Festival de Teatro Capilla del Se\u00f1or \u00abExaltaci\u00f3n de la Cruz\u00bb; Cachafaz Teatro, Santiago de Chile; I Festival Internacional de Teatro Olmedo Vive BA.\n\n<\/p>\n\n\n\n<p> <\/p>\n","protected":false},"excerpt":{"rendered":"<p>En la noche de este viernes 21 de junio, Fabi\u00e1n Morales presentar\u00e1 la adaptaci\u00f3n de \u201cInforme para una academia\u201d, de &#8230; <a title=\"Teatro con Kafka en SUTEBA\" class=\"read-more\" href=\"https:\/\/www.hoymercedes.com.ar\/principal\/2019\/06\/20\/teatro-con-kafka-en-suteba\/\" aria-label=\"Leer m\u00e1s sobre Teatro con Kafka en SUTEBA\">Leer m\u00e1s<\/a><\/p>\n","protected":false},"author":1,"featured_media":0,"comment_status":"closed","ping_status":"open","sticky":false,"template":"","format":"standard","meta":{"_monsterinsights_skip_tracking":false,"_monsterinsights_sitenote_active":false,"_monsterinsights_sitenote_note":"","_monsterinsights_sitenote_category":0,"jetpack_post_was_ever_published":false,"_jetpack_newsletter_access":"","_jetpack_dont_email_post_to_subs":false,"_jetpack_newsletter_tier_id":0,"_jetpack_memberships_contains_paywalled_content":false,"_jetpack_memberships_contains_paid_content":false,"footnotes":"","jetpack_publicize_message":"","jetpack_publicize_feature_enabled":true,"jetpack_social_post_already_shared":true,"jetpack_social_options":{"image_generator_settings":{"template":"highway","default_image_id":0,"font":"","enabled":false},"version":2},"_wpas_customize_per_network":false},"categories":[104],"tags":[7805,37,1180],"class_list":["post-95461","post","type-post","status-publish","format-standard","hentry","category-cultura","tag-cultura","tag-suteba","tag-teatro","generate-columns","tablet-grid-50","mobile-grid-100","grid-parent","grid-50"],"jetpack_publicize_connections":[],"jetpack_featured_media_url":"","wps_subtitle":"","jetpack_sharing_enabled":true,"_links":{"self":[{"href":"https:\/\/www.hoymercedes.com.ar\/principal\/wp-json\/wp\/v2\/posts\/95461","targetHints":{"allow":["GET"]}}],"collection":[{"href":"https:\/\/www.hoymercedes.com.ar\/principal\/wp-json\/wp\/v2\/posts"}],"about":[{"href":"https:\/\/www.hoymercedes.com.ar\/principal\/wp-json\/wp\/v2\/types\/post"}],"author":[{"embeddable":true,"href":"https:\/\/www.hoymercedes.com.ar\/principal\/wp-json\/wp\/v2\/users\/1"}],"replies":[{"embeddable":true,"href":"https:\/\/www.hoymercedes.com.ar\/principal\/wp-json\/wp\/v2\/comments?post=95461"}],"version-history":[{"count":0,"href":"https:\/\/www.hoymercedes.com.ar\/principal\/wp-json\/wp\/v2\/posts\/95461\/revisions"}],"wp:attachment":[{"href":"https:\/\/www.hoymercedes.com.ar\/principal\/wp-json\/wp\/v2\/media?parent=95461"}],"wp:term":[{"taxonomy":"category","embeddable":true,"href":"https:\/\/www.hoymercedes.com.ar\/principal\/wp-json\/wp\/v2\/categories?post=95461"},{"taxonomy":"post_tag","embeddable":true,"href":"https:\/\/www.hoymercedes.com.ar\/principal\/wp-json\/wp\/v2\/tags?post=95461"}],"curies":[{"name":"wp","href":"https:\/\/api.w.org\/{rel}","templated":true}]}}