{"id":95463,"date":"2019-06-21T10:17:28","date_gmt":"2019-06-21T13:17:28","guid":{"rendered":"http:\/\/www.hoymercedes.com.ar\/principal\/?p=95463"},"modified":"2019-06-21T10:18:42","modified_gmt":"2019-06-21T13:18:42","slug":"las-escuelas-de-educacion-especial-recibieron-material-didactico","status":"publish","type":"post","link":"https:\/\/www.hoymercedes.com.ar\/principal\/2019\/06\/21\/las-escuelas-de-educacion-especial-recibieron-material-didactico\/","title":{"rendered":"Las Escuelas de Educaci\u00f3n Especial recibieron material did\u00e1ctico"},"content":{"rendered":"\n<p>En el marco del programa municipal \u00abMercedes Aprende\u00bb, recibieron manuales y kits escolares las escuelas \u00abVamos Creciendo\u00bb y el Centro de Formaci\u00f3n integral. <\/p>\n\n\n\n<p>Con este programa el Estado municipal invirti\u00f3 m\u00e1s de 5 millones de pesos, que significaron casi 10 mil libros y miles de delantales y \u00fatiles. <\/p>\n\n\n\n<p>Los manuales seleccionados y entregados, fueron propuestos por diferentes docentes, directivos e inspectores del \u00e1mbito local. <\/p>\n\n\n\n<p>Adem\u00e1s, este programa, distribuy\u00f3 2500 kits para jardines, 2.500 para secundaria y 5.000 para escuelas primarias. <\/p>\n","protected":false},"excerpt":{"rendered":"<p>En el marco del programa municipal \u00abMercedes Aprende\u00bb, recibieron manuales y kits escolares las escuelas \u00abVamos Creciendo\u00bb y el Centro &#8230; <a title=\"Las Escuelas de Educaci\u00f3n Especial recibieron material did\u00e1ctico\" class=\"read-more\" href=\"https:\/\/www.hoymercedes.com.ar\/principal\/2019\/06\/21\/las-escuelas-de-educacion-especial-recibieron-material-didactico\/\" aria-label=\"Leer m\u00e1s sobre Las Escuelas de Educaci\u00f3n Especial recibieron material did\u00e1ctico\">Leer m\u00e1s<\/a><\/p>\n","protected":false},"author":1,"featured_media":95464,"comment_status":"closed","ping_status":"open","sticky":false,"template":"","format":"standard","meta":{"_monsterinsights_skip_tracking":false,"_monsterinsights_sitenote_active":false,"_monsterinsights_sitenote_note":"","_monsterinsights_sitenote_category":0,"jetpack_post_was_ever_published":false,"_jetpack_newsletter_access":"","_jetpack_dont_email_post_to_subs":false,"_jetpack_newsletter_tier_id":0,"_jetpack_memberships_contains_paywalled_content":false,"_jetpack_memberships_contains_paid_content":false,"footnotes":"","jetpack_publicize_message":"","jetpack_publicize_feature_enabled":true,"jetpack_social_post_already_shared":true,"jetpack_social_options":{"image_generator_settings":{"template":"highway","default_image_id":0,"font":"","enabled":false},"version":2},"_wpas_customize_per_network":false},"categories":[30],"tags":[47,13953,244],"class_list":["post-95463","post","type-post","status-publish","format-standard","has-post-thumbnail","hentry","category-municipio","tag-educacion-2","tag-mercedes-aprende","tag-municipio-2","generate-columns","tablet-grid-50","mobile-grid-100","grid-parent","grid-50"],"jetpack_publicize_connections":[],"jetpack_featured_media_url":"https:\/\/www.hoymercedes.com.ar\/principal\/wp-content\/uploads\/2019\/06\/21-muni-libros.jpg","wps_subtitle":"","jetpack_sharing_enabled":true,"_links":{"self":[{"href":"https:\/\/www.hoymercedes.com.ar\/principal\/wp-json\/wp\/v2\/posts\/95463","targetHints":{"allow":["GET"]}}],"collection":[{"href":"https:\/\/www.hoymercedes.com.ar\/principal\/wp-json\/wp\/v2\/posts"}],"about":[{"href":"https:\/\/www.hoymercedes.com.ar\/principal\/wp-json\/wp\/v2\/types\/post"}],"author":[{"embeddable":true,"href":"https:\/\/www.hoymercedes.com.ar\/principal\/wp-json\/wp\/v2\/users\/1"}],"replies":[{"embeddable":true,"href":"https:\/\/www.hoymercedes.com.ar\/principal\/wp-json\/wp\/v2\/comments?post=95463"}],"version-history":[{"count":0,"href":"https:\/\/www.hoymercedes.com.ar\/principal\/wp-json\/wp\/v2\/posts\/95463\/revisions"}],"wp:featuredmedia":[{"embeddable":true,"href":"https:\/\/www.hoymercedes.com.ar\/principal\/wp-json\/wp\/v2\/media\/95464"}],"wp:attachment":[{"href":"https:\/\/www.hoymercedes.com.ar\/principal\/wp-json\/wp\/v2\/media?parent=95463"}],"wp:term":[{"taxonomy":"category","embeddable":true,"href":"https:\/\/www.hoymercedes.com.ar\/principal\/wp-json\/wp\/v2\/categories?post=95463"},{"taxonomy":"post_tag","embeddable":true,"href":"https:\/\/www.hoymercedes.com.ar\/principal\/wp-json\/wp\/v2\/tags?post=95463"}],"curies":[{"name":"wp","href":"https:\/\/api.w.org\/{rel}","templated":true}]}}