{"id":95466,"date":"2019-06-21T11:22:37","date_gmt":"2019-06-21T14:22:37","guid":{"rendered":"http:\/\/www.hoymercedes.com.ar\/principal\/?p=95466"},"modified":"2019-06-21T18:27:02","modified_gmt":"2019-06-21T21:27:02","slug":"la-25-no-se-olvida-del-peaje","status":"publish","type":"post","link":"https:\/\/www.hoymercedes.com.ar\/principal\/2019\/06\/21\/la-25-no-se-olvida-del-peaje\/","title":{"rendered":"La 25 no se olvida del peaje"},"content":{"rendered":"\n<p>Los vecinos que integran la Agrupaci\u00f3n 25 de Mayo, contin\u00faan aguardando una respuesta al reclamo que vienen realizando desde el mes de abril, junto con la Comisi\u00f3n de Vecinos de Mercedes. <\/p>\n\n\n\n<figure class=\"wp-block-image\"><img loading=\"lazy\" decoding=\"async\" width=\"720\" height=\"484\" data-attachment-id=\"95467\" data-permalink=\"https:\/\/www.hoymercedes.com.ar\/principal\/2019\/06\/21\/la-25-no-se-olvida-del-peaje\/21-25-peaje\/#main\" data-orig-file=\"https:\/\/www.hoymercedes.com.ar\/principal\/wp-content\/uploads\/2019\/06\/21-25-peaje.jpg\" data-orig-size=\"720,484\" data-comments-opened=\"0\" data-image-meta=\"{&quot;aperture&quot;:&quot;0&quot;,&quot;credit&quot;:&quot;&quot;,&quot;camera&quot;:&quot;&quot;,&quot;caption&quot;:&quot;&quot;,&quot;created_timestamp&quot;:&quot;0&quot;,&quot;copyright&quot;:&quot;&quot;,&quot;focal_length&quot;:&quot;0&quot;,&quot;iso&quot;:&quot;0&quot;,&quot;shutter_speed&quot;:&quot;0&quot;,&quot;title&quot;:&quot;&quot;,&quot;orientation&quot;:&quot;0&quot;}\" data-image-title=\"21 25 peaje\" data-image-description=\"\" data-image-caption=\"\" data-large-file=\"https:\/\/www.hoymercedes.com.ar\/principal\/wp-content\/uploads\/2019\/06\/21-25-peaje.jpg\" src=\"https:\/\/www.hoymercedes.com.ar\/principal\/wp-content\/uploads\/2019\/06\/21-25-peaje.jpg\" alt=\"\" class=\"wp-image-95467\" srcset=\"https:\/\/www.hoymercedes.com.ar\/principal\/wp-content\/uploads\/2019\/06\/21-25-peaje.jpg 720w, https:\/\/www.hoymercedes.com.ar\/principal\/wp-content\/uploads\/2019\/06\/21-25-peaje-150x101.jpg 150w, https:\/\/www.hoymercedes.com.ar\/principal\/wp-content\/uploads\/2019\/06\/21-25-peaje-630x424.jpg 630w\" sizes=\"auto, (max-width: 720px) 100vw, 720px\" \/><\/figure>\n\n\n\n<p>Bajo el lema \u201cNo al peaje en Mercedes\u201d durante los \u00faltimos meses se realizaron distintos reclamos, marchas y volanteadas en cuidad; sin embargo, no han recibido respuesta por parte de Vialidad o de la empresa concesionaria ante los reiterados pedidos. <\/p>\n\n\n\n<p>Francisco \u201cPacha\u201d Cardozo, referente de la Agrupaci\u00f3n vecinal, coment\u00f3 al respecto: \u201cHace dos meses de la marcha que realizamos en el peaje, a\u00fan as\u00ed, todav\u00eda no hay respuesta a un problema que nos afecta a todos los vecinos\u201d. A su vez agreg\u00f3: \u201cNosotros vamos a continuar apoyando y acompa\u00f1ando al vecino que nos necesita, intentamos ser su voz desde nuestro humilde lugar. Como dije en su momento, queremos alentar la uni\u00f3n para que juntos continuemos  reclamando por nuestros derechos, y logremos una soluci\u00f3n entre todos\u201d.<\/p>\n","protected":false},"excerpt":{"rendered":"<p>Los vecinos que integran la Agrupaci\u00f3n 25 de Mayo, contin\u00faan aguardando una respuesta al reclamo que vienen realizando desde el &#8230; <a title=\"La 25 no se olvida del peaje\" class=\"read-more\" href=\"https:\/\/www.hoymercedes.com.ar\/principal\/2019\/06\/21\/la-25-no-se-olvida-del-peaje\/\" aria-label=\"Leer m\u00e1s sobre La 25 no se olvida del peaje\">Leer m\u00e1s<\/a><\/p>\n","protected":false},"author":1,"featured_media":95467,"comment_status":"closed","ping_status":"open","sticky":false,"template":"","format":"standard","meta":{"_monsterinsights_skip_tracking":false,"_monsterinsights_sitenote_active":false,"_monsterinsights_sitenote_note":"","_monsterinsights_sitenote_category":0,"jetpack_post_was_ever_published":false,"_jetpack_newsletter_access":"","_jetpack_dont_email_post_to_subs":false,"_jetpack_newsletter_tier_id":0,"_jetpack_memberships_contains_paywalled_content":false,"_jetpack_memberships_contains_paid_content":false,"footnotes":"","jetpack_publicize_message":"","jetpack_publicize_feature_enabled":true,"jetpack_social_post_already_shared":true,"jetpack_social_options":{"image_generator_settings":{"template":"highway","default_image_id":0,"font":"","enabled":false},"version":2},"_wpas_customize_per_network":false},"categories":[5],"tags":[9923,5319],"class_list":["post-95466","post","type-post","status-publish","format-standard","has-post-thumbnail","hentry","category-politica","tag-agrupacion-25-de-mayo","tag-politica-2","generate-columns","tablet-grid-50","mobile-grid-100","grid-parent","grid-50"],"jetpack_publicize_connections":[],"jetpack_featured_media_url":"https:\/\/www.hoymercedes.com.ar\/principal\/wp-content\/uploads\/2019\/06\/21-25-peaje.jpg","wps_subtitle":"","jetpack_sharing_enabled":true,"_links":{"self":[{"href":"https:\/\/www.hoymercedes.com.ar\/principal\/wp-json\/wp\/v2\/posts\/95466","targetHints":{"allow":["GET"]}}],"collection":[{"href":"https:\/\/www.hoymercedes.com.ar\/principal\/wp-json\/wp\/v2\/posts"}],"about":[{"href":"https:\/\/www.hoymercedes.com.ar\/principal\/wp-json\/wp\/v2\/types\/post"}],"author":[{"embeddable":true,"href":"https:\/\/www.hoymercedes.com.ar\/principal\/wp-json\/wp\/v2\/users\/1"}],"replies":[{"embeddable":true,"href":"https:\/\/www.hoymercedes.com.ar\/principal\/wp-json\/wp\/v2\/comments?post=95466"}],"version-history":[{"count":0,"href":"https:\/\/www.hoymercedes.com.ar\/principal\/wp-json\/wp\/v2\/posts\/95466\/revisions"}],"wp:featuredmedia":[{"embeddable":true,"href":"https:\/\/www.hoymercedes.com.ar\/principal\/wp-json\/wp\/v2\/media\/95467"}],"wp:attachment":[{"href":"https:\/\/www.hoymercedes.com.ar\/principal\/wp-json\/wp\/v2\/media?parent=95466"}],"wp:term":[{"taxonomy":"category","embeddable":true,"href":"https:\/\/www.hoymercedes.com.ar\/principal\/wp-json\/wp\/v2\/categories?post=95466"},{"taxonomy":"post_tag","embeddable":true,"href":"https:\/\/www.hoymercedes.com.ar\/principal\/wp-json\/wp\/v2\/tags?post=95466"}],"curies":[{"name":"wp","href":"https:\/\/api.w.org\/{rel}","templated":true}]}}