{"id":95477,"date":"2019-06-21T15:52:59","date_gmt":"2019-06-21T18:52:59","guid":{"rendered":"http:\/\/www.hoymercedes.com.ar\/principal\/?p=95477"},"modified":"2019-06-21T19:28:38","modified_gmt":"2019-06-21T22:28:38","slug":"el-martin-fierro-en-el-teatro-talia","status":"publish","type":"post","link":"https:\/\/www.hoymercedes.com.ar\/principal\/2019\/06\/21\/el-martin-fierro-en-el-teatro-talia\/","title":{"rendered":"El Mart\u00edn Fierro en el Teatro Tal\u00eda"},"content":{"rendered":"\n<p>El domingo 23 de junio, 18,30 horas, el Teatro Tal\u00eda de Mercedes recibe a un elenco de Carlos Casares, con la obra \u00abEl Mart\u00edn Fierro\u00bb. una adaptaci\u00f3n libre del cl\u00e1sico literario de Jos\u00e9 Hern\u00e1ndez que vienen presentando desde 2017 y con mucho \u00e9xito. <\/p>\n\n\n\n<p>A modo de adelanto, el elenco cont\u00f3 que la puesta en escena est\u00e1 basada muy libremente en el cl\u00e1sico libro de Jos\u00e9 Hern\u00e1ndez. Es una comedia para toda la familia donde cuatro actores intentan contar la historia del m\u00edtico gaucho pero deber\u00e1n ir superando los inconvenientes que ocurren durante la funci\u00f3n para poder llegar como sea al fina  <\/p>\n\n\n\n<p>Las entradas las pueden reservar en el Facebook del Teatro Vocacional Talia o adquirir en la boleter\u00eda de la sala de calle 20, casi esquina 31. <\/p>\n\n\n\n<figure class=\"wp-block-image\"><img loading=\"lazy\" decoding=\"async\" width=\"750\" height=\"540\" data-attachment-id=\"95478\" data-permalink=\"https:\/\/www.hoymercedes.com.ar\/principal\/2019\/06\/21\/el-martin-fierro-en-el-teatro-talia\/21-talia\/#main\" data-orig-file=\"https:\/\/www.hoymercedes.com.ar\/principal\/wp-content\/uploads\/2019\/06\/21-talia.jpg\" data-orig-size=\"750,540\" data-comments-opened=\"0\" data-image-meta=\"{&quot;aperture&quot;:&quot;0&quot;,&quot;credit&quot;:&quot;&quot;,&quot;camera&quot;:&quot;&quot;,&quot;caption&quot;:&quot;&quot;,&quot;created_timestamp&quot;:&quot;0&quot;,&quot;copyright&quot;:&quot;&quot;,&quot;focal_length&quot;:&quot;0&quot;,&quot;iso&quot;:&quot;0&quot;,&quot;shutter_speed&quot;:&quot;0&quot;,&quot;title&quot;:&quot;&quot;,&quot;orientation&quot;:&quot;0&quot;}\" data-image-title=\"21 talia\" data-image-description=\"\" data-image-caption=\"\" data-large-file=\"https:\/\/www.hoymercedes.com.ar\/principal\/wp-content\/uploads\/2019\/06\/21-talia.jpg\" src=\"https:\/\/www.hoymercedes.com.ar\/principal\/wp-content\/uploads\/2019\/06\/21-talia.jpg\" alt=\"\" class=\"wp-image-95478\" srcset=\"https:\/\/www.hoymercedes.com.ar\/principal\/wp-content\/uploads\/2019\/06\/21-talia.jpg 750w, https:\/\/www.hoymercedes.com.ar\/principal\/wp-content\/uploads\/2019\/06\/21-talia-150x108.jpg 150w, https:\/\/www.hoymercedes.com.ar\/principal\/wp-content\/uploads\/2019\/06\/21-talia-630x454.jpg 630w\" sizes=\"auto, (max-width: 750px) 100vw, 750px\" \/><\/figure>\n","protected":false},"excerpt":{"rendered":"<p>El domingo 23 de junio, 18,30 horas, el Teatro Tal\u00eda de Mercedes recibe a un elenco de Carlos Casares, con &#8230; <a title=\"El Mart\u00edn Fierro en el Teatro Tal\u00eda\" class=\"read-more\" href=\"https:\/\/www.hoymercedes.com.ar\/principal\/2019\/06\/21\/el-martin-fierro-en-el-teatro-talia\/\" aria-label=\"Leer m\u00e1s sobre El Mart\u00edn Fierro en el Teatro Tal\u00eda\">Leer m\u00e1s<\/a><\/p>\n","protected":false},"author":1,"featured_media":95478,"comment_status":"closed","ping_status":"open","sticky":false,"template":"","format":"standard","meta":{"_monsterinsights_skip_tracking":false,"_monsterinsights_sitenote_active":false,"_monsterinsights_sitenote_note":"","_monsterinsights_sitenote_category":0,"jetpack_post_was_ever_published":false,"_jetpack_newsletter_access":"","_jetpack_dont_email_post_to_subs":false,"_jetpack_newsletter_tier_id":0,"_jetpack_memberships_contains_paywalled_content":false,"_jetpack_memberships_contains_paid_content":false,"footnotes":"","jetpack_publicize_message":"","jetpack_publicize_feature_enabled":true,"jetpack_social_post_already_shared":true,"jetpack_social_options":{"image_generator_settings":{"template":"highway","default_image_id":0,"font":"","enabled":false},"version":2},"_wpas_customize_per_network":false},"categories":[104],"tags":[7805,1180,653],"class_list":["post-95477","post","type-post","status-publish","format-standard","has-post-thumbnail","hentry","category-cultura","tag-cultura","tag-teatro","tag-teatro-talia","generate-columns","tablet-grid-50","mobile-grid-100","grid-parent","grid-50"],"jetpack_publicize_connections":[],"jetpack_featured_media_url":"https:\/\/www.hoymercedes.com.ar\/principal\/wp-content\/uploads\/2019\/06\/21-talia.jpg","wps_subtitle":"Funci\u00f3n el domingo","jetpack_sharing_enabled":true,"_links":{"self":[{"href":"https:\/\/www.hoymercedes.com.ar\/principal\/wp-json\/wp\/v2\/posts\/95477","targetHints":{"allow":["GET"]}}],"collection":[{"href":"https:\/\/www.hoymercedes.com.ar\/principal\/wp-json\/wp\/v2\/posts"}],"about":[{"href":"https:\/\/www.hoymercedes.com.ar\/principal\/wp-json\/wp\/v2\/types\/post"}],"author":[{"embeddable":true,"href":"https:\/\/www.hoymercedes.com.ar\/principal\/wp-json\/wp\/v2\/users\/1"}],"replies":[{"embeddable":true,"href":"https:\/\/www.hoymercedes.com.ar\/principal\/wp-json\/wp\/v2\/comments?post=95477"}],"version-history":[{"count":0,"href":"https:\/\/www.hoymercedes.com.ar\/principal\/wp-json\/wp\/v2\/posts\/95477\/revisions"}],"wp:featuredmedia":[{"embeddable":true,"href":"https:\/\/www.hoymercedes.com.ar\/principal\/wp-json\/wp\/v2\/media\/95478"}],"wp:attachment":[{"href":"https:\/\/www.hoymercedes.com.ar\/principal\/wp-json\/wp\/v2\/media?parent=95477"}],"wp:term":[{"taxonomy":"category","embeddable":true,"href":"https:\/\/www.hoymercedes.com.ar\/principal\/wp-json\/wp\/v2\/categories?post=95477"},{"taxonomy":"post_tag","embeddable":true,"href":"https:\/\/www.hoymercedes.com.ar\/principal\/wp-json\/wp\/v2\/tags?post=95477"}],"curies":[{"name":"wp","href":"https:\/\/api.w.org\/{rel}","templated":true}]}}