{"id":95483,"date":"2019-06-21T19:17:40","date_gmt":"2019-06-21T22:17:40","guid":{"rendered":"http:\/\/www.hoymercedes.com.ar\/principal\/?p=95483"},"modified":"2019-06-21T19:27:52","modified_gmt":"2019-06-21T22:27:52","slug":"ustarroz-dio-a-conocer-su-intencion-de-ir-por-la-reeleccion","status":"publish","type":"post","link":"https:\/\/www.hoymercedes.com.ar\/principal\/2019\/06\/21\/ustarroz-dio-a-conocer-su-intencion-de-ir-por-la-reeleccion\/","title":{"rendered":"Ustarroz dio a conocer su intenci\u00f3n de ir por la reelecci\u00f3n"},"content":{"rendered":"\n<figure class=\"wp-block-image\"><img loading=\"lazy\" decoding=\"async\" width=\"960\" height=\"960\" data-attachment-id=\"95484\" data-permalink=\"https:\/\/www.hoymercedes.com.ar\/principal\/2019\/06\/21\/ustarroz-dio-a-conocer-su-intencion-de-ir-por-la-reeleccion\/ustarroz-2-4\/#main\" data-orig-file=\"https:\/\/www.hoymercedes.com.ar\/principal\/wp-content\/uploads\/2019\/06\/Ustarroz-2.jpg\" data-orig-size=\"960,960\" data-comments-opened=\"0\" data-image-meta=\"{&quot;aperture&quot;:&quot;0&quot;,&quot;credit&quot;:&quot;&quot;,&quot;camera&quot;:&quot;&quot;,&quot;caption&quot;:&quot;&quot;,&quot;created_timestamp&quot;:&quot;0&quot;,&quot;copyright&quot;:&quot;&quot;,&quot;focal_length&quot;:&quot;0&quot;,&quot;iso&quot;:&quot;0&quot;,&quot;shutter_speed&quot;:&quot;0&quot;,&quot;title&quot;:&quot;&quot;,&quot;orientation&quot;:&quot;0&quot;}\" data-image-title=\"Ustarroz-2\" data-image-description=\"\" data-image-caption=\"\" data-large-file=\"https:\/\/www.hoymercedes.com.ar\/principal\/wp-content\/uploads\/2019\/06\/Ustarroz-2.jpg\" src=\"https:\/\/www.hoymercedes.com.ar\/principal\/wp-content\/uploads\/2019\/06\/Ustarroz-2.jpg\" alt=\"\" class=\"wp-image-95484\" srcset=\"https:\/\/www.hoymercedes.com.ar\/principal\/wp-content\/uploads\/2019\/06\/Ustarroz-2.jpg 960w, https:\/\/www.hoymercedes.com.ar\/principal\/wp-content\/uploads\/2019\/06\/Ustarroz-2-150x150.jpg 150w, https:\/\/www.hoymercedes.com.ar\/principal\/wp-content\/uploads\/2019\/06\/Ustarroz-2-620x620.jpg 620w, https:\/\/www.hoymercedes.com.ar\/principal\/wp-content\/uploads\/2019\/06\/Ustarroz-2-100x100.jpg 100w\" sizes=\"auto, (max-width: 960px) 100vw, 960px\" \/><\/figure>\n\n\n\n<p>Tras anunciarlo a sus seguidores\ny grupos de trabajo, finalmente el actual jefe comunal, Dr. Juan Ignacio\nUstarroz, decidi\u00f3 dar a conocer su intenci\u00f3n de ser candidato a intendente. La\nidea de \u201cSeguir haciendo por Mercedes\u201d y que sea una \u201cMercedes de Todos\u201d prim\u00f3\na la hora de buscar dar continuidad al trabajado efectuado hasta ahora,\ndestacaron.<\/p>\n\n\n\n<p>Ustarroz estar\u00e1 acompa\u00f1ado del\nactual jefe de gabinete Mat\u00edas Dematei quien ser\u00eda su sucesor natural, siendo\nsiempre elegido un hombre de confianza en estos casos. <\/p>\n\n\n\n<p>El segundo en la lista de\nconcejales es para una mujer, la Dra Josefina Kelly, mientras que la lista contin\u00faa\ncon Carlos Garro, que ir\u00e1 por la reelecci\u00f3n, para seguir con la Lic. Andrea\nBozzini, Julian Inzaurgarat desde Gowland, Aldana Ch\u00e1vez, Pablo Massa y Juanita\nGarc\u00eda <\/p>\n\n\n\n<p>Mientras que al consejo escolar\nla lista de titulares est\u00e1 encabezada por Jos\u00e9 Lu\u00eds Pisano, seguido de\nFlorencia Comalini y Ricardo Palacios.<\/p>\n\n\n\n<p>Vale recordar que en este espacio\nde trabajo se ve reflejada la uni\u00f3n que se produjo en el Frente de Todos que\naglutin\u00f3 a gran parte del peronismo en un mismo sector.&nbsp; <\/p>\n","protected":false},"excerpt":{"rendered":"<p>Tras anunciarlo a sus seguidores y grupos de trabajo, finalmente el actual jefe comunal, Dr. Juan Ignacio Ustarroz, decidi\u00f3 dar &#8230; <a title=\"Ustarroz dio a conocer su intenci\u00f3n de ir por la reelecci\u00f3n\" class=\"read-more\" href=\"https:\/\/www.hoymercedes.com.ar\/principal\/2019\/06\/21\/ustarroz-dio-a-conocer-su-intencion-de-ir-por-la-reeleccion\/\" aria-label=\"Leer m\u00e1s sobre Ustarroz dio a conocer su intenci\u00f3n de ir por la reelecci\u00f3n\">Leer m\u00e1s<\/a><\/p>\n","protected":false},"author":1,"featured_media":95481,"comment_status":"closed","ping_status":"open","sticky":false,"template":"","format":"standard","meta":{"_monsterinsights_skip_tracking":false,"_monsterinsights_sitenote_active":false,"_monsterinsights_sitenote_note":"","_monsterinsights_sitenote_category":0,"jetpack_post_was_ever_published":false,"_jetpack_newsletter_access":"","_jetpack_dont_email_post_to_subs":false,"_jetpack_newsletter_tier_id":0,"_jetpack_memberships_contains_paywalled_content":false,"_jetpack_memberships_contains_paid_content":false,"footnotes":"","jetpack_publicize_message":"","jetpack_publicize_feature_enabled":true,"jetpack_social_post_already_shared":true,"jetpack_social_options":{"image_generator_settings":{"template":"highway","default_image_id":0,"font":"","enabled":false},"version":2},"_wpas_customize_per_network":false},"categories":[5],"tags":[1409,14403,15363,5319,424],"class_list":["post-95483","post","type-post","status-publish","format-standard","has-post-thumbnail","hentry","category-politica","tag-candidatos","tag-elecciones-2019","tag-frente-de-todos","tag-politica-2","tag-ustarroz","generate-columns","tablet-grid-50","mobile-grid-100","grid-parent","grid-50"],"jetpack_publicize_connections":[],"jetpack_featured_media_url":"https:\/\/www.hoymercedes.com.ar\/principal\/wp-content\/uploads\/2019\/06\/Ustarroz.jpg","wps_subtitle":"Frente de Todos","jetpack_sharing_enabled":true,"_links":{"self":[{"href":"https:\/\/www.hoymercedes.com.ar\/principal\/wp-json\/wp\/v2\/posts\/95483","targetHints":{"allow":["GET"]}}],"collection":[{"href":"https:\/\/www.hoymercedes.com.ar\/principal\/wp-json\/wp\/v2\/posts"}],"about":[{"href":"https:\/\/www.hoymercedes.com.ar\/principal\/wp-json\/wp\/v2\/types\/post"}],"author":[{"embeddable":true,"href":"https:\/\/www.hoymercedes.com.ar\/principal\/wp-json\/wp\/v2\/users\/1"}],"replies":[{"embeddable":true,"href":"https:\/\/www.hoymercedes.com.ar\/principal\/wp-json\/wp\/v2\/comments?post=95483"}],"version-history":[{"count":0,"href":"https:\/\/www.hoymercedes.com.ar\/principal\/wp-json\/wp\/v2\/posts\/95483\/revisions"}],"wp:featuredmedia":[{"embeddable":true,"href":"https:\/\/www.hoymercedes.com.ar\/principal\/wp-json\/wp\/v2\/media\/95481"}],"wp:attachment":[{"href":"https:\/\/www.hoymercedes.com.ar\/principal\/wp-json\/wp\/v2\/media?parent=95483"}],"wp:term":[{"taxonomy":"category","embeddable":true,"href":"https:\/\/www.hoymercedes.com.ar\/principal\/wp-json\/wp\/v2\/categories?post=95483"},{"taxonomy":"post_tag","embeddable":true,"href":"https:\/\/www.hoymercedes.com.ar\/principal\/wp-json\/wp\/v2\/tags?post=95483"}],"curies":[{"name":"wp","href":"https:\/\/api.w.org\/{rel}","templated":true}]}}