{"id":95489,"date":"2019-06-21T21:00:22","date_gmt":"2019-06-22T00:00:22","guid":{"rendered":"http:\/\/www.hoymercedes.com.ar\/principal\/?p=95489"},"modified":"2019-06-21T21:08:39","modified_gmt":"2019-06-22T00:08:39","slug":"durante-el-feriado-se-saldaron-varios-encuentros-de-primera-y-reserva","status":"publish","type":"post","link":"https:\/\/www.hoymercedes.com.ar\/principal\/2019\/06\/21\/durante-el-feriado-se-saldaron-varios-encuentros-de-primera-y-reserva\/","title":{"rendered":"Durante el feriado se saldaron varios encuentros de Primera y Reserva"},"content":{"rendered":"\n<p>El clima acompa\u00f1\u00f3 para que este jueves 20 de junio se pudieran jugar varios partidos que en el inicio del torneo no se pudieron llevar adelante, la mayor\u00eda de ellos por participaciones de equipos en Regionales y algunos otros, por la lluvia que en su momento afect\u00f3 la s\u00e9ptima fecha.<\/p>\n\n\n\n<p>Tanto Primera como Reserva pudieron quitar asteriscos, quedando s\u00f3lo dos partidos pendientes en la m\u00e1xima categor\u00eda (los que no se pudieron jugar la semana pasada por la lluvia) y seis en la Tercera, que reci\u00e9n este jueves empez\u00f3 a ponerse al d\u00eda, m\u00e1s all\u00e1 de algunos partidos que se fueron jugando durante el transcurso de otras reprogramaciones de Primera.<\/p>\n\n\n\n<p>Pabell\u00f3n de Marcos Paz volvi\u00f3 a perder, esta vez el cl\u00e1sico ante Atl\u00e9tico, y cuando ten\u00eda la posibilidad de sacarle a Estudiantes una ventaja imposible de achicar, perdi\u00f3 los puntos que adeudaba y ahora la pelea es mano a mano nuevamente, ya que el Pincha qued\u00f3 a dos unidades. Por su parte Holanda gan\u00f3 el que deb\u00eda ante Uni\u00f3n y alcanz\u00f3 a La Diego Armando. En cuanto al club de calle uno, lleg\u00f3 a la mitad del torneo con una sola unidad y est\u00e1 a tres partidos de distancia de sus inmediatos perseguidores.<\/p>\n\n\n\n<p>En la Zona B, Atl\u00e9tico Marcos Paz se asegur\u00f3 el tercer puesto en esta etapa del campeonato tras ganar el cl\u00e1sico ante Pabell\u00f3n y le mete presi\u00f3n a Club Mercedes (Qued\u00f3 a dos puntos) y a Trocha, que derrot\u00f3 a Col\u00f3n, que permanece en el \u00faltimo lugar, pero ahora con una distancia mayor al resto que lo hace preocuparse de cara al futuro, ya que est\u00e1 en la zona m\u00e1s complicada del certamen.<\/p>\n\n\n\n<p>El Front\u00f3n de San Andr\u00e9s de Giles venci\u00f3 a Costa Brava y subi\u00f3 a la cima de la Zona C, aunque debe jugar ante Los Carteros el partido de la fecha 4. El Aurinegro no pudo superar en el cl\u00e1sico a AMEFIP Barrio San Mart\u00edn y con el empate, perdi\u00f3 la punta. Sin embargo, ese punto le viene bien a Quilmes, que se mantiene cerca de los ex Comunicaciones.<\/p>\n\n\n\n<p>Los dos que perdieron la chance de estar cerca de los puestos de clasificacion en la tabla fueron los de Nicol\u00e1s Serebrinsky. AMEFIP, con el empate, sigue en la quinta colocaci\u00f3n y a cuatro puntos de El Tim\u00f3n de J\u00e1uregui. Por su parte, Costa Brava, tras la derrota ante El Front\u00f3n qued\u00f3 a 14 puntos de distancia y si bien quedan 13 partidos por delante, la distancia cada vez es m\u00e1s dif\u00edcil de achicar.<\/p>\n\n\n\n<p>Resultados Primera Divisi\u00f3n<\/p>\n\n\n\n<p><strong>Holanda 3:\u00a0<\/strong>Angel Moretti, Lucas Ortubia, Nicol\u00e1s Mansilla, Nicol\u00e1s Ferreira, Santiago Vaca, Nicol\u00e1s D\u00edaz, Diego Dubertti, Brian Climi\u00f1o, Lucas Coletta, Luchas Ch\u00e1vez y Rodrigo Colicigno.\u00a0<strong>DT:<\/strong>\u00a0Jos\u00e9 Medina.\u00a0<strong>Suplentes:<\/strong>\u00a0Horacio Sotelo y Gustavo Morales.<br><strong>Uni\u00f3n 1:\u00a0<\/strong>Jonathan Godoy, Luis Lizardo, Juan Ojeda, Leandro Ortiz, F\u00e9lix Vergara, Maximiliano Arzani, Eric Tust, Maximiliano Defelippe, Federico Barcos, Gabriel Mu\u00f1oz y Emiliano Moreno.\u00a0<strong>DT:<\/strong>\u00a0Ariel Ant\u00fanez.\u00a0<strong>Suplentes:<\/strong>\u00a0Franco Ramallo y Maximiliano Riglos.<br><strong>Goles:<\/strong> Lucas Ch\u00e1vez (2) y Santiago Vaca para Holanda. F\u00e9lix Vergara para Uni\u00f3n.<br><strong>Cambios:<\/strong>\u00a0Mat\u00edas Meriles por Brian Climi\u00f1o, Gerardo Cod\u00f3n por Rodrigo Colicigno y Ramiro Roa por Lucas Coletta en Holanda. Alberto Gauna por Emiliano Moreno y Carlos Peralta por Maximiliano Arzani en Uni\u00f3n.<br><strong>Arbitro:<\/strong>\u00a0Luis L\u00f3pez (AAM). <\/p>\n\n\n\n<p><strong>Trocha 2:<\/strong>\u00a0Agust\u00edn Rodr\u00edguez, Iv\u00e1n Portillo, Ignacio Brazuna, Emmanuel Gonz\u00e1lez, Sebasti\u00e1n Biaggini, Agust\u00edn Uviz, Maximiliano Castro Ballesteros, Juli\u00e1n Padula, Santiago Yasky, Lucas Gallo y Gonzalo Jaime.\u00a0<strong>DT:<\/strong>\u00a0Juan Ignacio Men\u00e9ndez.\u00a0<strong>Suplentes:<\/strong>\u00a0Francisco Bavastro y Alan Ojeda.<br><strong>Col\u00f3n 0:<\/strong>\u00a0Iv\u00e1n Noy, Alberto Araujo, Jos\u00edas Cuberas, Adam Peralta, Hugo Bordi, Gonzalo Rodr\u00edguez, Federico Marrafeiro, Osvaldo Ferrari, Juan Tiberi, Gustavo Miranda y Jerem\u00edas Rey.\u00a0<strong>DT:<\/strong>\u00a0Fernando Mainelli.\u00a0<strong>Suplentes:<\/strong>\u00a0Yael Mart\u00ednez, Ramiro Fern\u00e1ndez, Mart\u00edn Rey y Germ\u00e1n Alvarez.<br><strong>Goles: <\/strong>Maximiliano Castro Ballesteros y Lucas Gallo para Trocha.<br><strong>Cambios:<\/strong>\u00a0Marcelo Aguirre por Maximiliano Castro Ballesteros, Ger\u00f3nimo Mirata por Santiago Yasky y Marcos Vel\u00e1zquez por Juli\u00e1n Padula en Trocha. \u00a0Ignacio Tapisani por Juan Tiberi, Facundo Reynante por Jerem\u00edas Rey y Nicol\u00e1s Agromart\u00edn por Osvaldo Ferrari en Col\u00f3n.<br><strong>Arbitro:<\/strong>\u00a0Javier Mihura (SADRA). <\/p>\n\n\n\n<p><strong>Los Carteros 0:<\/strong>\u00a0David Br\u00edsoliz, Mauro Pintos, Blas De Los Santos, Jonathan Bartolomeo, Franco Torres, Juli\u00e1n Ag\u00fcero, Laureano Torres, Cristian Santana, Mart\u00edn Vega, Germ\u00e1n Lucero y Mart\u00edn Zuleta.\u00a0<strong>DT:<\/strong>\u00a0Carlos Molina.\u00a0<strong>Suplentes:<\/strong>\u00a0Mat\u00edas Ag\u00fcero, Santiago Paj\u00f3n y Francisco Ponce.<br><strong>AMEFIP San Mart\u00edn 0:<\/strong>\u00a0Maximiliano Gim\u00e9nez, Mario Ramos, Gonzalo Benavidez, Braian Garc\u00eda, Lucas Falcone, Christian Salvatierra, Federico Amaya, Lucas Blanco, Marcos Camargo, Sergio Pereyra y Enzo Cobuccio.\u00a0<strong>DT:<\/strong>\u00a0Nicol\u00e1s Serebrinski.\u00a0<strong>Suplentes:<\/strong>\u00a0Ezequiel Potes, Enzo Mendoza, Juli\u00e1n Cano, Leandro Ram\u00edrez y Diego Benedetti.<br><strong>Cambios:<\/strong>\u00a0Neri Lazarte por Mart\u00edn Zuleta, Mat\u00edas Filippini por Germ\u00e1n Lucero y Ezequiel Van\u00edn por Laureano Torres en Los Carteros. Enzo Parada por Enzo Cobuccio en AMEFIP San Mart\u00edn.<br><strong>Arbitro:<\/strong>\u00a0Franco Prieto (SADRA).<br><strong>Expulsado:<\/strong> Mart\u00edn Vega en Los Carteros. <\/p>\n\n\n\n<p><strong>Atl\u00e9tico Marcos Paz 2:<\/strong>\u00a0Gonzalo Zabala y Sebasti\u00e1n Avalos.<br><strong>Pabell\u00f3n Argentino 0<\/strong>. <\/p>\n\n\n\n<p><strong>Costa Brava 0.<br>El Front\u00f3n 2:<\/strong>\u00a0Nicol\u00e1s Dinardi y Juli\u00e1n Alarc\u00f3n. <\/p>\n\n\n\n<p><\/p>\n\n\n\n<p>Resultados Reserva<\/p>\n\n\n\n<p><strong>Col\u00f3n 0.<br>AMEFIP San Mart\u00edn 0.<\/strong><\/p>\n\n\n\n<p><strong>Quilmes 0.<br>Defensores 1:<\/strong>&nbsp;Eric Sosa.<\/p>\n\n\n\n<p><strong>Trocha 1:<\/strong>&nbsp;Lautaro Adami.<br><strong>Estudiantes 3:<\/strong>&nbsp;Mat\u00edas L\u00f3pez, Agust\u00edn Luna y Ferraro.<\/p>\n\n\n\n<p><strong>V\u00e9lez Sarsfield 2:<\/strong>\u00a0Dante D\u00edaz y Eduardo Libares en contra.<br><strong>Palometas 0<\/strong>.<br><strong><br>Atl\u00e9tico Marcos Paz 0.<br>Pabell\u00f3n Argentino 0.<\/strong><\/p>\n\n\n\n<p><strong>Costa Brava 1:<\/strong>\u00a0Augusto Mansilla.<br><strong>El Front\u00f3n 2:<\/strong>\u00a0Jonathan Ferrety y Federico G\u00f3mez. <\/p>\n\n\n\n<figure class=\"wp-block-image\"><img loading=\"lazy\" decoding=\"async\" width=\"652\" height=\"729\" data-attachment-id=\"95490\" data-permalink=\"https:\/\/www.hoymercedes.com.ar\/principal\/2019\/06\/21\/durante-el-feriado-se-saldaron-varios-encuentros-de-primera-y-reserva\/primera-liga-pos-6-3\/#main\" data-orig-file=\"https:\/\/www.hoymercedes.com.ar\/principal\/wp-content\/uploads\/2019\/06\/PRIMERA-LIGA-POS-6.png\" data-orig-size=\"652,729\" data-comments-opened=\"0\" data-image-meta=\"{&quot;aperture&quot;:&quot;0&quot;,&quot;credit&quot;:&quot;&quot;,&quot;camera&quot;:&quot;&quot;,&quot;caption&quot;:&quot;&quot;,&quot;created_timestamp&quot;:&quot;0&quot;,&quot;copyright&quot;:&quot;&quot;,&quot;focal_length&quot;:&quot;0&quot;,&quot;iso&quot;:&quot;0&quot;,&quot;shutter_speed&quot;:&quot;0&quot;,&quot;title&quot;:&quot;&quot;,&quot;orientation&quot;:&quot;0&quot;}\" data-image-title=\"PRIMERA-LIGA-POS-6\" data-image-description=\"\" data-image-caption=\"\" data-large-file=\"https:\/\/www.hoymercedes.com.ar\/principal\/wp-content\/uploads\/2019\/06\/PRIMERA-LIGA-POS-6.png\" src=\"https:\/\/www.hoymercedes.com.ar\/principal\/wp-content\/uploads\/2019\/06\/PRIMERA-LIGA-POS-6.png\" alt=\"\" class=\"wp-image-95490\" srcset=\"https:\/\/www.hoymercedes.com.ar\/principal\/wp-content\/uploads\/2019\/06\/PRIMERA-LIGA-POS-6.png 652w, https:\/\/www.hoymercedes.com.ar\/principal\/wp-content\/uploads\/2019\/06\/PRIMERA-LIGA-POS-6-134x150.png 134w, https:\/\/www.hoymercedes.com.ar\/principal\/wp-content\/uploads\/2019\/06\/PRIMERA-LIGA-POS-6-555x620.png 555w\" sizes=\"auto, (max-width: 652px) 100vw, 652px\" \/><\/figure>\n\n\n\n<figure class=\"wp-block-image\"><img loading=\"lazy\" decoding=\"async\" width=\"652\" height=\"768\" data-attachment-id=\"95491\" data-permalink=\"https:\/\/www.hoymercedes.com.ar\/principal\/2019\/06\/21\/durante-el-feriado-se-saldaron-varios-encuentros-de-primera-y-reserva\/reserva-liga-pos-5-3\/#main\" data-orig-file=\"https:\/\/www.hoymercedes.com.ar\/principal\/wp-content\/uploads\/2019\/06\/RESERVA-LIGA-POS-5.png\" data-orig-size=\"652,768\" data-comments-opened=\"0\" data-image-meta=\"{&quot;aperture&quot;:&quot;0&quot;,&quot;credit&quot;:&quot;&quot;,&quot;camera&quot;:&quot;&quot;,&quot;caption&quot;:&quot;&quot;,&quot;created_timestamp&quot;:&quot;0&quot;,&quot;copyright&quot;:&quot;&quot;,&quot;focal_length&quot;:&quot;0&quot;,&quot;iso&quot;:&quot;0&quot;,&quot;shutter_speed&quot;:&quot;0&quot;,&quot;title&quot;:&quot;&quot;,&quot;orientation&quot;:&quot;0&quot;}\" data-image-title=\"RESERVA-LIGA-POS-5\" data-image-description=\"\" data-image-caption=\"\" data-large-file=\"https:\/\/www.hoymercedes.com.ar\/principal\/wp-content\/uploads\/2019\/06\/RESERVA-LIGA-POS-5.png\" src=\"https:\/\/www.hoymercedes.com.ar\/principal\/wp-content\/uploads\/2019\/06\/RESERVA-LIGA-POS-5.png\" alt=\"\" class=\"wp-image-95491\" srcset=\"https:\/\/www.hoymercedes.com.ar\/principal\/wp-content\/uploads\/2019\/06\/RESERVA-LIGA-POS-5.png 652w, https:\/\/www.hoymercedes.com.ar\/principal\/wp-content\/uploads\/2019\/06\/RESERVA-LIGA-POS-5-127x150.png 127w, https:\/\/www.hoymercedes.com.ar\/principal\/wp-content\/uploads\/2019\/06\/RESERVA-LIGA-POS-5-526x620.png 526w\" sizes=\"auto, (max-width: 652px) 100vw, 652px\" \/><\/figure>\n","protected":false},"excerpt":{"rendered":"<p>El clima acompa\u00f1\u00f3 para que este jueves 20 de junio se pudieran jugar varios partidos que en el inicio del &#8230; <a title=\"Durante el feriado se saldaron varios encuentros de Primera y Reserva\" class=\"read-more\" href=\"https:\/\/www.hoymercedes.com.ar\/principal\/2019\/06\/21\/durante-el-feriado-se-saldaron-varios-encuentros-de-primera-y-reserva\/\" aria-label=\"Leer m\u00e1s sobre Durante el feriado se saldaron varios encuentros de Primera y Reserva\">Leer m\u00e1s<\/a><\/p>\n","protected":false},"author":1,"featured_media":95490,"comment_status":"closed","ping_status":"open","sticky":false,"template":"","format":"standard","meta":{"_monsterinsights_skip_tracking":false,"_monsterinsights_sitenote_active":false,"_monsterinsights_sitenote_note":"","_monsterinsights_sitenote_category":0,"jetpack_post_was_ever_published":false,"_jetpack_newsletter_access":"","_jetpack_dont_email_post_to_subs":false,"_jetpack_newsletter_tier_id":0,"_jetpack_memberships_contains_paywalled_content":false,"_jetpack_memberships_contains_paid_content":false,"footnotes":"","jetpack_publicize_message":"","jetpack_publicize_feature_enabled":true,"jetpack_social_post_already_shared":true,"jetpack_social_options":{"image_generator_settings":{"template":"highway","default_image_id":0,"font":"","enabled":false},"version":2},"_wpas_customize_per_network":false},"categories":[21],"tags":[1901,8996,8775],"class_list":["post-95489","post","type-post","status-publish","format-standard","has-post-thumbnail","hentry","category-deportes","tag-liga-mercedina","tag-primera-division","tag-reserva","generate-columns","tablet-grid-50","mobile-grid-100","grid-parent","grid-50"],"jetpack_publicize_connections":[],"jetpack_featured_media_url":"https:\/\/www.hoymercedes.com.ar\/principal\/wp-content\/uploads\/2019\/06\/PRIMERA-LIGA-POS-6.png","wps_subtitle":"Liga Mercedina","jetpack_sharing_enabled":true,"_links":{"self":[{"href":"https:\/\/www.hoymercedes.com.ar\/principal\/wp-json\/wp\/v2\/posts\/95489","targetHints":{"allow":["GET"]}}],"collection":[{"href":"https:\/\/www.hoymercedes.com.ar\/principal\/wp-json\/wp\/v2\/posts"}],"about":[{"href":"https:\/\/www.hoymercedes.com.ar\/principal\/wp-json\/wp\/v2\/types\/post"}],"author":[{"embeddable":true,"href":"https:\/\/www.hoymercedes.com.ar\/principal\/wp-json\/wp\/v2\/users\/1"}],"replies":[{"embeddable":true,"href":"https:\/\/www.hoymercedes.com.ar\/principal\/wp-json\/wp\/v2\/comments?post=95489"}],"version-history":[{"count":0,"href":"https:\/\/www.hoymercedes.com.ar\/principal\/wp-json\/wp\/v2\/posts\/95489\/revisions"}],"wp:featuredmedia":[{"embeddable":true,"href":"https:\/\/www.hoymercedes.com.ar\/principal\/wp-json\/wp\/v2\/media\/95490"}],"wp:attachment":[{"href":"https:\/\/www.hoymercedes.com.ar\/principal\/wp-json\/wp\/v2\/media?parent=95489"}],"wp:term":[{"taxonomy":"category","embeddable":true,"href":"https:\/\/www.hoymercedes.com.ar\/principal\/wp-json\/wp\/v2\/categories?post=95489"},{"taxonomy":"post_tag","embeddable":true,"href":"https:\/\/www.hoymercedes.com.ar\/principal\/wp-json\/wp\/v2\/tags?post=95489"}],"curies":[{"name":"wp","href":"https:\/\/api.w.org\/{rel}","templated":true}]}}