{"id":9551,"date":"2011-12-03T19:26:58","date_gmt":"2011-12-03T19:26:58","guid":{"rendered":"http:\/\/www.hoymercedes.com.ar\/principal\/?p=9551"},"modified":"2011-12-03T19:26:58","modified_gmt":"2011-12-03T19:26:58","slug":"se-llevo-a-cabo-el-acto-de-egreso-de-la-e-e-m-n%c2%b0-2","status":"publish","type":"post","link":"https:\/\/www.hoymercedes.com.ar\/principal\/2011\/12\/03\/se-llevo-a-cabo-el-acto-de-egreso-de-la-e-e-m-n%c2%b0-2\/","title":{"rendered":"Se llev\u00f3 a cabo el acto de egreso de la E.E.M. N\u00b0  2"},"content":{"rendered":"<p><a href=\"https:\/\/www.hoymercedes.com.ar\/principal\/wp-content\/uploads\/2011\/12\/EgresadosUnidad5.jpg\"><img loading=\"lazy\" decoding=\"async\" data-attachment-id=\"9553\" data-permalink=\"https:\/\/www.hoymercedes.com.ar\/principal\/2011\/12\/03\/se-llevo-a-cabo-el-acto-de-egreso-de-la-e-e-m-n%c2%b0-2\/egresadosunidad5\/#main\" data-orig-file=\"https:\/\/www.hoymercedes.com.ar\/principal\/wp-content\/uploads\/2011\/12\/EgresadosUnidad5.jpg\" data-orig-size=\"612,459\" data-comments-opened=\"1\" data-image-meta=\"{&quot;aperture&quot;:&quot;2.8&quot;,&quot;credit&quot;:&quot;&quot;,&quot;camera&quot;:&quot;KODAK EASYSHARE V1003 ZOOM DIGITAL CAMERA&quot;,&quot;caption&quot;:&quot;&quot;,&quot;created_timestamp&quot;:&quot;1275966552&quot;,&quot;copyright&quot;:&quot;&quot;,&quot;focal_length&quot;:&quot;8.9&quot;,&quot;iso&quot;:&quot;100&quot;,&quot;shutter_speed&quot;:&quot;0.016666666666667&quot;,&quot;title&quot;:&quot;&quot;}\" data-image-title=\"EgresadosUnidad5\" data-image-description=\"\" data-image-caption=\"\" data-large-file=\"https:\/\/www.hoymercedes.com.ar\/principal\/wp-content\/uploads\/2011\/12\/EgresadosUnidad5.jpg\" class=\"aligncenter size-full wp-image-9553\" title=\"EgresadosUnidad5\" src=\"https:\/\/www.hoymercedes.com.ar\/principal\/wp-content\/uploads\/2011\/12\/EgresadosUnidad5.jpg\" alt=\"\" width=\"612\" height=\"459\" \/><\/a><\/p>\n<p>El viernes a las 9.00, en la sede de la Escuela de Educaci\u00f3n Media N\u00b0 2, que funciona dentro de la Unidad 5 se llevo adelante el acto de egreso de los alumnos-internos de 3\u00b0 a\u00f1o y la correspondiente entrega de diplomas, medallas, y recordatorios a los 13 varones y las 3 mujeres que culminaron sus estudios en las diversas orientaciones.<\/p>\n<p>Se realiz\u00f3 el cambio de los abanderados de Ceremonia y bonaerense respectivamente, se entono el Himno Nacional, se pronunciaron palabras alusivas al acto.<\/p>\n<p>El reconocimiento al mejore promedio lo obtuvo una dama y fue otorgado por la Municipalidad de Mercedes, en manos del Director de Cultura Prof. Fernando Pachiani y a los mejores compa\u00f1eros por parte del Concejo Deliberante y del Club de Leones representado por el Concejal Ing. Marcelo Denapole.<\/p>\n<p>Luego se contin\u00fao con la entrega de diplomas a todos los egresados por parte de los profesores y sus familiares, donde hubo gran emoci\u00f3n por el logro alcanzado por estas personas.<\/p>\n<p>Se encontraban presentes el Director de la Unidad 5 Melit\u00f3n Gines, el Director de la Escuela de Educaci\u00f3n Media N\u00ba 2 Lic. Sergio Denapole, el Director de Cultura Prof. Fernando Pachiani, el Concejal Ing. Marcelo Denapole, el Subdirector de Asistencia y Tratamiento de la U.5 Julio Weimann, docentes de la E.E.M. N\u00ba 2, de la Escuela Primaria, personal Penitenciario, invitados, familiares de los egresados entre otros presentes.<\/p>\n<p>Adem\u00e1s, las profesoras Marisa Pauleta y Karina Falabella dijeron sentidas palabras de despedidas, y Noelia, una egresada agradeci\u00f3 a todos los que le dan una oportunidad para cambiar, para continuar, y para aprender y dirigi\u00e9ndose a sus compa\u00f1eros les dijo \u201cEl ma\u00f1ana nos espera, con felicidad\u201d<\/p>\n<p>Y por \u00faltimo el Director de la E.E.M. N\u00ba 2 hablo del fin del ciclo lectivo, y de la importancia que tuvo para la escuela el 2011, ya que cumpli\u00f3 sus 25 a\u00f1os en Mayo.<\/p>\n<p>Como todos los a\u00f1os el cierre de esta fiesta lo hace la m\u00fasica, a trav\u00e9s de la Profesora y cantante Amarilis D\u00edaz, esta vez junto a un grupo de internos de primer a\u00f1o y la gran torta de egresados para todos los presentes.<\/p>\n","protected":false},"excerpt":{"rendered":"<p>El viernes a las 9.00, en la sede de la Escuela de Educaci\u00f3n Media N\u00b0 2, que funciona dentro de &#8230; <a title=\"Se llev\u00f3 a cabo el acto de egreso de la E.E.M. N\u00b0  2\" class=\"read-more\" href=\"https:\/\/www.hoymercedes.com.ar\/principal\/2011\/12\/03\/se-llevo-a-cabo-el-acto-de-egreso-de-la-e-e-m-n%c2%b0-2\/\" aria-label=\"Leer m\u00e1s sobre Se llev\u00f3 a cabo el acto de egreso de la E.E.M. N\u00b0  2\">Leer m\u00e1s<\/a><\/p>\n","protected":false},"author":1,"featured_media":0,"comment_status":"open","ping_status":"open","sticky":false,"template":"","format":"standard","meta":{"_monsterinsights_skip_tracking":false,"_monsterinsights_sitenote_active":false,"_monsterinsights_sitenote_note":"","_monsterinsights_sitenote_category":0,"jetpack_post_was_ever_published":false,"_jetpack_newsletter_access":"","_jetpack_dont_email_post_to_subs":false,"_jetpack_newsletter_tier_id":0,"_jetpack_memberships_contains_paywalled_content":false,"_jetpack_memberships_contains_paid_content":false,"footnotes":"","jetpack_publicize_message":"","jetpack_publicize_feature_enabled":true,"jetpack_social_post_already_shared":false,"jetpack_social_options":{"image_generator_settings":{"template":"highway","default_image_id":0,"font":"","enabled":false},"version":2},"_wpas_customize_per_network":false},"categories":[8],"tags":[1665,113],"class_list":["post-9551","post","type-post","status-publish","format-standard","hentry","category-sociedad","tag-egresados","tag-unidad-5","generate-columns","tablet-grid-50","mobile-grid-100","grid-parent","grid-50"],"jetpack_publicize_connections":[],"jetpack_featured_media_url":"","wps_subtitle":"","jetpack_sharing_enabled":true,"_links":{"self":[{"href":"https:\/\/www.hoymercedes.com.ar\/principal\/wp-json\/wp\/v2\/posts\/9551","targetHints":{"allow":["GET"]}}],"collection":[{"href":"https:\/\/www.hoymercedes.com.ar\/principal\/wp-json\/wp\/v2\/posts"}],"about":[{"href":"https:\/\/www.hoymercedes.com.ar\/principal\/wp-json\/wp\/v2\/types\/post"}],"author":[{"embeddable":true,"href":"https:\/\/www.hoymercedes.com.ar\/principal\/wp-json\/wp\/v2\/users\/1"}],"replies":[{"embeddable":true,"href":"https:\/\/www.hoymercedes.com.ar\/principal\/wp-json\/wp\/v2\/comments?post=9551"}],"version-history":[{"count":0,"href":"https:\/\/www.hoymercedes.com.ar\/principal\/wp-json\/wp\/v2\/posts\/9551\/revisions"}],"wp:attachment":[{"href":"https:\/\/www.hoymercedes.com.ar\/principal\/wp-json\/wp\/v2\/media?parent=9551"}],"wp:term":[{"taxonomy":"category","embeddable":true,"href":"https:\/\/www.hoymercedes.com.ar\/principal\/wp-json\/wp\/v2\/categories?post=9551"},{"taxonomy":"post_tag","embeddable":true,"href":"https:\/\/www.hoymercedes.com.ar\/principal\/wp-json\/wp\/v2\/tags?post=9551"}],"curies":[{"name":"wp","href":"https:\/\/api.w.org\/{rel}","templated":true}]}}