{"id":95525,"date":"2019-06-22T14:00:19","date_gmt":"2019-06-22T17:00:19","guid":{"rendered":"http:\/\/www.hoymercedes.com.ar\/principal\/?p=95525"},"modified":"2019-06-23T12:38:09","modified_gmt":"2019-06-23T15:38:09","slug":"benitez-define-su-presidencia-en-la-cooperadora-del-hospital","status":"publish","type":"post","link":"https:\/\/www.hoymercedes.com.ar\/principal\/2019\/06\/22\/benitez-define-su-presidencia-en-la-cooperadora-del-hospital\/","title":{"rendered":"Ben\u00edtez define su presidencia en la Cooperadora del Hospital"},"content":{"rendered":"\n<p>En la tarde\ndel mi\u00e9rcoles pasado se llev\u00f3 adelante la Asamblea de la Asociaci\u00f3n Cooperadora\ndel Hospital Blas L. Dubarry. Una reuni\u00f3n que ten\u00eda como objetivo central la\ndeterminaci\u00f3n de qui\u00e9n continuar\u00eda con el cargo de Presidente que hasta el\nmomento ocupa Rosendo Rubiero. Se hizo una nueva convocatoria para el lunes 24\nde junio. <\/p>\n\n\n\n<p>En un principio\neran dos los nombres que sonaron fuertemente. El mismo Rubiero le hab\u00eda\npropuesto al farmac\u00e9utico Carlos Milhomme que continuase. \u00c9l es parte de la\ncomisi\u00f3n que encabeza Rubiero. Por otro lado, Juan Carlos Ben\u00edtez expres\u00f3 sus\nintenciones de tomar la presidencia de la Cooperadora, aunque por dos meses no\nten\u00eda la antig\u00fcedad necesaria. Milhomme igualmente desisti\u00f3 de su candidatura y\ns\u00f3lo la intenci\u00f3n de Ben\u00edtez se mantuvo. &nbsp;<\/p>\n\n\n\n<p>D\u00edas atr\u00e1s\nse realiz\u00f3 la Asamblea de la Asociaci\u00f3n Cooperadora del Hospital. Rosendo Rubiero\ny Tito Montenegro, otro de los referentes de la Cooperadora, explicaron la\nsituaci\u00f3n de la instituci\u00f3n y la necesidad de actualizar la informaci\u00f3n en\nPersoner\u00eda Jur\u00eddica y en el aspecto bancario. <\/p>\n\n\n\n<p>\u201cEn la\nreuni\u00f3n mantuvimos la propuesta de ser Presidente de la Cooperadora y de la\nlista que acompa\u00f1ar\u00eda. La reuni\u00f3n seguir\u00e1 el d\u00eda lunes. Ya que la instituci\u00f3n\npuede tomarse cinco d\u00edas m\u00e1s cuando la cantidad de socios no alcanza el\nporcentaje necesario para la primera convocatoria. Pero s\u00ed puede realizarse con\nlos socios presentes en la segunda convocatoria\u201d, explic\u00f3 Juan Carlos Ben\u00edtez\nen di\u00e1logo con Oscar Pozzi en FM Universo. <\/p>\n\n\n\n<p>\u201cA partir\nde ese momento comenzaremos el trabajo de renovaci\u00f3n de la Cooperadora y\nponernos m\u00e1s al tanto de lo explicado por la Comisi\u00f3n actual. Nos contaron de\ndonde vienen los recursos y cu\u00e1les son los pr\u00f3ximos gastos para hacer. Desde la\npediatr\u00eda hasta gastos del Hogar de Anciano o repuestos que dependen de la\nintervenci\u00f3n de la Cooperadora\u201d, agreg\u00f3 el ex concejal que busca ser el\nPresidente de la Cooperadora del Dubarry. <\/p>\n","protected":false},"excerpt":{"rendered":"<p>En la tarde del mi\u00e9rcoles pasado se llev\u00f3 adelante la Asamblea de la Asociaci\u00f3n Cooperadora del Hospital Blas L. Dubarry. &#8230; <a title=\"Ben\u00edtez define su presidencia en la Cooperadora del Hospital\" class=\"read-more\" href=\"https:\/\/www.hoymercedes.com.ar\/principal\/2019\/06\/22\/benitez-define-su-presidencia-en-la-cooperadora-del-hospital\/\" aria-label=\"Leer m\u00e1s sobre Ben\u00edtez define su presidencia en la Cooperadora del Hospital\">Leer m\u00e1s<\/a><\/p>\n","protected":false},"author":1,"featured_media":59030,"comment_status":"closed","ping_status":"open","sticky":false,"template":"","format":"standard","meta":{"_monsterinsights_skip_tracking":false,"_monsterinsights_sitenote_active":false,"_monsterinsights_sitenote_note":"","_monsterinsights_sitenote_category":0,"jetpack_post_was_ever_published":false,"_jetpack_newsletter_access":"","_jetpack_dont_email_post_to_subs":false,"_jetpack_newsletter_tier_id":0,"_jetpack_memberships_contains_paywalled_content":false,"_jetpack_memberships_contains_paid_content":false,"footnotes":"","jetpack_publicize_message":"","jetpack_publicize_feature_enabled":true,"jetpack_social_post_already_shared":true,"jetpack_social_options":{"image_generator_settings":{"template":"highway","default_image_id":0,"font":"","enabled":false},"version":2},"_wpas_customize_per_network":false},"categories":[8],"tags":[11900,624],"class_list":["post-95525","post","type-post","status-publish","format-standard","has-post-thumbnail","hentry","category-sociedad","tag-asociacion-cooperadora","tag-hospital-blas-l-dubarry","generate-columns","tablet-grid-50","mobile-grid-100","grid-parent","grid-50"],"jetpack_publicize_connections":[],"jetpack_featured_media_url":"https:\/\/www.hoymercedes.com.ar\/principal\/wp-content\/uploads\/2017\/01\/18-Juan-Carlos-Ben\u00edtez.jpg","wps_subtitle":"","jetpack_sharing_enabled":true,"_links":{"self":[{"href":"https:\/\/www.hoymercedes.com.ar\/principal\/wp-json\/wp\/v2\/posts\/95525","targetHints":{"allow":["GET"]}}],"collection":[{"href":"https:\/\/www.hoymercedes.com.ar\/principal\/wp-json\/wp\/v2\/posts"}],"about":[{"href":"https:\/\/www.hoymercedes.com.ar\/principal\/wp-json\/wp\/v2\/types\/post"}],"author":[{"embeddable":true,"href":"https:\/\/www.hoymercedes.com.ar\/principal\/wp-json\/wp\/v2\/users\/1"}],"replies":[{"embeddable":true,"href":"https:\/\/www.hoymercedes.com.ar\/principal\/wp-json\/wp\/v2\/comments?post=95525"}],"version-history":[{"count":0,"href":"https:\/\/www.hoymercedes.com.ar\/principal\/wp-json\/wp\/v2\/posts\/95525\/revisions"}],"wp:featuredmedia":[{"embeddable":true,"href":"https:\/\/www.hoymercedes.com.ar\/principal\/wp-json\/wp\/v2\/media\/59030"}],"wp:attachment":[{"href":"https:\/\/www.hoymercedes.com.ar\/principal\/wp-json\/wp\/v2\/media?parent=95525"}],"wp:term":[{"taxonomy":"category","embeddable":true,"href":"https:\/\/www.hoymercedes.com.ar\/principal\/wp-json\/wp\/v2\/categories?post=95525"},{"taxonomy":"post_tag","embeddable":true,"href":"https:\/\/www.hoymercedes.com.ar\/principal\/wp-json\/wp\/v2\/tags?post=95525"}],"curies":[{"name":"wp","href":"https:\/\/api.w.org\/{rel}","templated":true}]}}